{"id":136935,"date":"2025-01-17T10:28:34","date_gmt":"2025-01-17T15:28:34","guid":{"rendered":"https:\/\/elcuartopoder.com.mx\/nw\/?p=136935"},"modified":"2025-01-17T10:28:35","modified_gmt":"2025-01-17T15:28:35","slug":"piden-ejidatarios-pagos-justos-al-expropiarse-tierras-con-las-nuevas-reformas-en-quintana-roo","status":"publish","type":"post","link":"http:\/\/elcuartopoder.com.mx\/nw\/estatales\/piden-ejidatarios-pagos-justos-al-expropiarse-tierras-con-las-nuevas-reformas-en-quintana-roo\/","title":{"rendered":"Piden ejidatarios pagos justos al expropiarse tierras con las nuevas reformas en Quintana Roo"},"content":{"rendered":"\n<p><strong>JOS\u00c9 MAR\u00cdA MORELOS, MX.-<\/strong>&nbsp;Ante la aprobaci\u00f3n de las reformas a la Ley de Expropiaci\u00f3n, Ocupaci\u00f3n Temporal y Limitaci\u00f3n de Dominio, ejidatarios piden que se contemplen pagos justos por las tierras ejidales que pudieran ser de utilidad p\u00fablica.<\/p>\n\n\n\n<p>L\u00e1zaro Ben\u00edtez, ejidatario de \u201cKil\u00f3metro 50\u201d, indic\u00f3 que estas reformas deber\u00e1n estar dentro de lo establecido por la Ley Agraria federal, de lo contrario se podr\u00eda caer en controversias.<\/p>\n\n\n\n<p>Se\u00f1al\u00f3 que como ejidatarios est\u00e1n de acuerdo en el desarrollo y el crecimiento del estado, pero siempre y cuando al ejido reciba una indemnizaci\u00f3n dentro de lo que marca la ley.<\/p>\n\n\n\n<p>\u201cYa sacaron una ley en el Congreso, est\u00e1 bien, pero que no traten de aprovecharse de un precio que no es justo, porque eso se tratar\u00eda de un despojo\u201d, expres\u00f3.<\/p>\n\n\n\n<p>De acuerdo con las reformas, el Estado podr\u00e1 expropiar predios particulares y ejidales a partir de 25 causas, que anteriormente s\u00f3lo eran 11, siendo algunas de ellas la utilidad p\u00fablica, cuando se trate de proyectos de inversi\u00f3n p\u00fablica o privada que incidan en los intereses colectivos, as\u00ed como para obras hidr\u00e1ulicas, protecci\u00f3n al ambiente, entro otras.<\/p>\n\n\n\n<p>Al respecto, el ejidatario hizo un llamado a la gobernadora para que se apeguen a las leyes federales y as\u00ed los ejidos tengan la certeza de que recibir\u00e1n un pago justo por sus predios.<\/p>\n\n\n\n<p>\u201cEsperamos que no nos afecte, nosotros no podemos impedir que pase una construcci\u00f3n del gobierno, pero que sea con un pago justo\u201d, finaliz\u00f3. (<strong>Agencia SIM<\/strong>)<\/p>\n","protected":false},"excerpt":{"rendered":"<p>JOS\u00c9 MAR\u00cdA MORELOS, MX.-&nbsp;Ante la aprobaci\u00f3n de las reformas a la Ley de Expropiaci\u00f3n, Ocupaci\u00f3n Temporal y Limitaci\u00f3n de Dominio, ejidatarios piden que se contemplen pagos justos por las tierras ejidales que pudieran ser de utilidad p\u00fablica. L\u00e1zaro Ben\u00edtez, ejidatario de \u201cKil\u00f3metro 50\u201d, indic\u00f3 que estas reformas deber\u00e1n estar dentro de lo establecido por la [&hellip;]<\/p>\n","protected":false},"author":2,"featured_media":136936,"comment_status":"open","ping_status":"open","sticky":false,"template":"","format":"standard","meta":{"footnotes":""},"categories":[60],"tags":[],"class_list":["post-136935","post","type-post","status-publish","format-standard","has-post-thumbnail","hentry","category-estatales"],"_links":{"self":[{"href":"http:\/\/elcuartopoder.com.mx\/nw\/wp-json\/wp\/v2\/posts\/136935","targetHints":{"allow":["GET"]}}],"collection":[{"href":"http:\/\/elcuartopoder.com.mx\/nw\/wp-json\/wp\/v2\/posts"}],"about":[{"href":"http:\/\/elcuartopoder.com.mx\/nw\/wp-json\/wp\/v2\/types\/post"}],"author":[{"embeddable":true,"href":"http:\/\/elcuartopoder.com.mx\/nw\/wp-json\/wp\/v2\/users\/2"}],"replies":[{"embeddable":true,"href":"http:\/\/elcuartopoder.com.mx\/nw\/wp-json\/wp\/v2\/comments?post=136935"}],"version-history":[{"count":1,"href":"http:\/\/elcuartopoder.com.mx\/nw\/wp-json\/wp\/v2\/posts\/136935\/revisions"}],"predecessor-version":[{"id":136937,"href":"http:\/\/elcuartopoder.com.mx\/nw\/wp-json\/wp\/v2\/posts\/136935\/revisions\/136937"}],"wp:featuredmedia":[{"embeddable":true,"href":"http:\/\/elcuartopoder.com.mx\/nw\/wp-json\/wp\/v2\/media\/136936"}],"wp:attachment":[{"href":"http:\/\/elcuartopoder.com.mx\/nw\/wp-json\/wp\/v2\/media?parent=136935"}],"wp:term":[{"taxonomy":"category","embeddable":true,"href":"http:\/\/elcuartopoder.com.mx\/nw\/wp-json\/wp\/v2\/categories?post=136935"},{"taxonomy":"post_tag","embeddable":true,"href":"http:\/\/elcuartopoder.com.mx\/nw\/wp-json\/wp\/v2\/tags?post=136935"}],"curies":[{"name":"wp","href":"https:\/\/api.w.org\/{rel}","templated":true}]}}