{"id":136942,"date":"2025-01-17T11:10:35","date_gmt":"2025-01-17T16:10:35","guid":{"rendered":"https:\/\/elcuartopoder.com.mx\/nw\/?p=136942"},"modified":"2025-01-17T11:10:37","modified_gmt":"2025-01-17T16:10:37","slug":"por-que-amlo-esta-nervioso-de-lo-que-el-mayo-zambada-pueda-decir-en-eeuu-segun-loret-de-mola","status":"publish","type":"post","link":"http:\/\/elcuartopoder.com.mx\/nw\/destacadas\/por-que-amlo-esta-nervioso-de-lo-que-el-mayo-zambada-pueda-decir-en-eeuu-segun-loret-de-mola\/","title":{"rendered":"Por qu\u00e9 AMLO est\u00e1 nervioso de lo que \u2018El Mayo\u2019 Zambada pueda decir en EEUU, seg\u00fan Loret de Mola"},"content":{"rendered":"\n<p>A escasos d\u00edas de cumplirse un mes de la detenci\u00f3n de Ismael<a href=\"https:\/\/www.infobae.com\/mexico\/2024\/08\/02\/no-logra-ponerse-de-pie-esto-es-todo-lo-que-se-ha-revelado-sobre-la-salud-de-el-mayo-zambada-tras-su-detencion\/\" target=\"_blank\" rel=\"noreferrer noopener\"><strong>\u2018El Mayo\u2019 Zambada<\/strong><\/a>, el gobierno del presidente\u00a0<strong>Andr\u00e9s Manuel L\u00f3pez Obrador\u00a0<\/strong>a\u00fan no tiene todas las piezas sobre c\u00f3mo fue capturado y qui\u00e9nes participaron en el suceso. Mientras tanto, el cofundador del\u00a0<strong>C\u00e1rtel de Sinaloa<\/strong>\u00a0y su defensa legal se preparan para que en poco menos de 20 d\u00edas vuelva a presentarse ante una corte federal, hecho que, seg\u00fan el periodista\u00a0<strong>Carlos Loret de Mola<\/strong>, tiene nervioso al l\u00edder del Ejecutivo.<br><br>A trav\u00e9s de su columna de opini\u00f3n m\u00e1s reciente publicada en&nbsp;<em>El Universal,&nbsp;<\/em>el comunicador asegur\u00f3 que desde el pasado 26 de julio se ha visto inquieto y nervioso a L\u00f3pez Obrador, lo que, indic\u00f3, evidencia que el notorio capo&nbsp;<strong>podr\u00eda revelar nexos con su administraci\u00f3n<\/strong>.<\/p>\n\n\n\n<p>\u201cEst\u00e1 claro que el caso pone nervioso al presidente, est\u00e1 claro que lo que pueda decir en las cortes americanas \u2018El Mayo Zambada\u2019 lo tiene as\u00ed\u201d, asegur\u00f3.<br><br>Como ejemplo, Loret de Mola record\u00f3 que en su primer pronunciamiento p\u00fablico, \u2018El Mayo\u2019 mencion\u00f3 que el d\u00eda que fue detenido fue citado por\u00a0<strong>Joaqu\u00edn Guzm\u00e1n L\u00f3pez\u00a0<\/strong>a una reuni\u00f3n. En dicho encuentro, entre otros personajes, tambi\u00e9n asistir\u00eda el gobernador de Sinaloa,\u00a0<strong>Rub\u00e9n Rocha Moya<\/strong>; fiel militante de Morena.<br><br>\u201cTuvieron que entrar al rescate el presidente saliente y la presidenta entrante para apagar un fuego que sigue encendido\u201d, apunt\u00f3.<br><br>En esa l\u00ednea, se\u00f1al\u00f3 que otra prueba del&nbsp;<strong>nerviosismo&nbsp;<\/strong>del presidente de la Rep\u00fablica son sus&nbsp;<strong>declaraciones contradictorias&nbsp;<\/strong>sobre el caso, as\u00ed como su poca capacidad para informar a la poblaci\u00f3n mexicana c\u00f3mo y cu\u00e1ndo ocurrieron los hechos.<\/p>\n\n\n\n<p>\u201c<strong>\u00bfQu\u00e9 seguir\u00e1 brotando del testimonio de Ismael \u201cEl Mayo\u201d Zambada? (&#8230;)&nbsp;<\/strong>\u00bfSalpicar\u00e1 al c\u00edrculo m\u00e1s \u00edntimo? \u00bfRelatar\u00e1 entregas de dinero a campa\u00f1as?<strong>\u201d<\/strong>, cuestion\u00f3 Loret de Mola.<\/p>\n\n\n\n<h2 class=\"wp-block-heading\">\u00bfPor qu\u00e9 AMLO no podr\u00eda rechazar las declaraciones de \u2018El Mayo\u2019 Zambada?<\/h2>\n\n\n\n<p>Por otra parte, el tambi\u00e9n integrante de&nbsp;<em>Latinus<\/em>, asegur\u00f3 que el presidente L\u00f3pez Obrador no podr\u00eda rechazar las futuras declaraciones de Zambada Garc\u00eda por varias razones.<\/p>\n\n\n\n<p>Como ejemplo, mencion\u00f3 que durante todo el sexenio, el mandatario federal tabasque\u00f1o ha usado declaraciones de narcotraficantes en contra de&nbsp;<strong>Genaro Garc\u00eda Luna<\/strong>, exsecretario de Seguridad P\u00fablica. \u201cNi modo que ahora diga que c\u00f3mo creer el testimonio de un delincuente\u201d, apunt\u00f3.<\/p>\n\n\n\n<p>Tambi\u00e9n se\u00f1al\u00f3:<\/p>\n\n\n\n<p>\u201cPorque en la prensa internacional ha cundido la versi\u00f3n de que su movimiento pol\u00edtico ha sido financiado con dinero de la droga\u201d.<\/p>\n\n\n\n<p>\u201cPorque expl\u00edcitamente AMLO ha dicho que su gobierno no busca detener a los grandes capos de las drogas\u201d.<\/p>\n\n\n\n<p>\u201cPorque en Las Ma\u00f1aneras se refiere a los capos de la droga con el respecto que s\u00f3lo dispense a sus aliados\u201d.<\/p>\n\n\n\n<h2 class=\"wp-block-heading\">Las declaraciones clave de \u2018El Mayo\u2019 Zambada<\/h2>\n\n\n\n<p>El pasado 10 de agosto, la defensa legal de Zambada Garc\u00eda comparti\u00f3 una misiva en la que el l\u00edder del tambi\u00e9n<strong>&nbsp;C\u00e1rtel del Pac\u00edfico&nbsp;<\/strong>confirm\u00f3 haber sido entregado contra su voluntad a las autoridades estadounidenses.<\/p>\n\n\n\n<p>\u201cQuiero decir desde el principio que no me entregu\u00e9 ni vine voluntariamente a los Estados Unidos, ni ten\u00eda ning\u00fan acuerdo con ninguno de los dos gobiernos. Al contrario,&nbsp;<strong>fui secuestrado y llevado a la fuerza<\/strong>&nbsp;contra mi voluntad\u201d, se lee en el primer p\u00e1rrafo. Por tal motivo, la Fiscal\u00eda General de la Rep\u00fablica (FGR) ya investiga a Guzm\u00e1n L\u00f3pez por el delito de&nbsp;<strong>traici\u00f3n a la patria.<\/strong><\/p>\n\n\n\n<p>Adicionalmente, \u2018El Mayo\u2019 revel\u00f3 que&nbsp;<strong>H\u00e9ctor Melesio Cu\u00e9n Ojeda<\/strong>, ex rector de la Universidad Aut\u00f3noma de Sinaloa (UAS), falleci\u00f3 al mismo tiempo y en el mismo lugar en el que \u00e9l fue privado de la libertad el 25 de julio, desmintiendo a las autoridades estatales.<\/p>\n\n\n\n<p>\u201cTengo conocimiento de que la versi\u00f3n oficial que est\u00e1n contando (&#8230;) es que H\u00e9ctor Cu\u00e9n fue asesinado en una gasolinera por dos hombres en una motocicleta que quer\u00edan robar su camioneta. Eso no fue lo que sucedi\u00f3\u201d, advirti\u00f3.<\/p>\n\n\n\n<p>Actualmente, Zambada Garc\u00eda permanece recluido en una prisi\u00f3n de&nbsp;<strong>El Paso, Texas.<\/strong>&nbsp;Se prev\u00e9 que en pr\u00f3ximos d\u00edas su caso sea turnado a la Corte Federal del&nbsp;<em>Distrito&nbsp;<\/em>Este de Nueva York, por lo que&nbsp;<strong>ser\u00e1 trasladado a Brooklyn<\/strong>.<\/p>\n\n\n\n<figure class=\"wp-block-image\"><img decoding=\"async\" src=\"https:\/\/www.infobae.com\/resizer\/v2\/OJ5ULDHCVVH67OIL6YNB4BLVIQ.jpg?auth=00ba7acac1595711f643e4da52e650a39c2d631d2bbe09b8fb2bd8160b5b028b&amp;smart=true&amp;width=350&amp;height=233&amp;quality=85\" alt=\"Uno de los dibujos realizados\"\/><\/figure>\n","protected":false},"excerpt":{"rendered":"<p>A escasos d\u00edas de cumplirse un mes de la detenci\u00f3n de Ismael\u2018El Mayo\u2019 Zambada, el gobierno del presidente\u00a0Andr\u00e9s Manuel L\u00f3pez Obrador\u00a0a\u00fan no tiene todas las piezas sobre c\u00f3mo fue capturado y qui\u00e9nes participaron en el suceso. Mientras tanto, el cofundador del\u00a0C\u00e1rtel de Sinaloa\u00a0y su defensa legal se preparan para que en poco menos de 20 [&hellip;]<\/p>\n","protected":false},"author":2,"featured_media":136943,"comment_status":"open","ping_status":"open","sticky":false,"template":"","format":"standard","meta":{"footnotes":""},"categories":[59],"tags":[],"class_list":["post-136942","post","type-post","status-publish","format-standard","has-post-thumbnail","hentry","category-destacadas"],"_links":{"self":[{"href":"http:\/\/elcuartopoder.com.mx\/nw\/wp-json\/wp\/v2\/posts\/136942","targetHints":{"allow":["GET"]}}],"collection":[{"href":"http:\/\/elcuartopoder.com.mx\/nw\/wp-json\/wp\/v2\/posts"}],"about":[{"href":"http:\/\/elcuartopoder.com.mx\/nw\/wp-json\/wp\/v2\/types\/post"}],"author":[{"embeddable":true,"href":"http:\/\/elcuartopoder.com.mx\/nw\/wp-json\/wp\/v2\/users\/2"}],"replies":[{"embeddable":true,"href":"http:\/\/elcuartopoder.com.mx\/nw\/wp-json\/wp\/v2\/comments?post=136942"}],"version-history":[{"count":1,"href":"http:\/\/elcuartopoder.com.mx\/nw\/wp-json\/wp\/v2\/posts\/136942\/revisions"}],"predecessor-version":[{"id":136944,"href":"http:\/\/elcuartopoder.com.mx\/nw\/wp-json\/wp\/v2\/posts\/136942\/revisions\/136944"}],"wp:featuredmedia":[{"embeddable":true,"href":"http:\/\/elcuartopoder.com.mx\/nw\/wp-json\/wp\/v2\/media\/136943"}],"wp:attachment":[{"href":"http:\/\/elcuartopoder.com.mx\/nw\/wp-json\/wp\/v2\/media?parent=136942"}],"wp:term":[{"taxonomy":"category","embeddable":true,"href":"http:\/\/elcuartopoder.com.mx\/nw\/wp-json\/wp\/v2\/categories?post=136942"},{"taxonomy":"post_tag","embeddable":true,"href":"http:\/\/elcuartopoder.com.mx\/nw\/wp-json\/wp\/v2\/tags?post=136942"}],"curies":[{"name":"wp","href":"https:\/\/api.w.org\/{rel}","templated":true}]}}