{"id":136945,"date":"2025-01-17T11:12:04","date_gmt":"2025-01-17T16:12:04","guid":{"rendered":"https:\/\/elcuartopoder.com.mx\/nw\/?p=136945"},"modified":"2025-01-17T11:12:06","modified_gmt":"2025-01-17T16:12:06","slug":"aranceles-de-trump-son-lo-de-menos","status":"publish","type":"post","link":"http:\/\/elcuartopoder.com.mx\/nw\/editorial\/aranceles-de-trump-son-lo-de-menos\/","title":{"rendered":"Aranceles de Trump son lo de menos"},"content":{"rendered":"\n<p>La probabilidad de que el pr\u00f3ximo presidente de Estados Unidos imponga aranceles de 25 por ciento a las importaciones de M\u00e9xico es pr\u00e1cticamente uno. Es decir, es casi un hecho consumado que nuestras exportaciones se encarecer\u00e1n a partir del lunes, cuando&nbsp;<strong>Donald Trump<\/strong>&nbsp;firme acciones ejecutivas que incluir\u00e1n castigo arancelario a sus socios y no socios comerciales. En este momento no existe ning\u00fan elemento, ni en el discurso ni en la realidad, que parezca evitar ese escenario.<\/p>\n\n\n\n<p>Y si bien los aranceles de 25 por ciento implican riesgos graves para nosotros, desde recesi\u00f3n y p\u00e9rdida de empleo, hasta la muerte potencial del Tratado M\u00e9xico Estados Unidos Canad\u00e1 \u2014debido a los propios aranceles que tambi\u00e9n podr\u00eda imponer el gobierno de&nbsp;<strong>Claudia Sheinbaum<\/strong>&nbsp;como respuesta\u2014; lo cierto es que lo m\u00e1s grave no es eso. Las pol\u00edticas econ\u00f3micas de Trump tienen el potencial de ser devastadoras para M\u00e9xico, pero no por los aranceles, sino por el paquete de impuestos que podr\u00eda aprobarse en EUA en estos meses.<\/p>\n\n\n\n<p>\u00bfPor qu\u00e9 es tan importante el plan fiscal de Trump? Porque al centro de \u00e9ste subsiste una idea central: lograr que miles de inversiones manufactureras regresen a EUA. En ese sentido una de las propuestas m\u00e1s importantes del Presidente es que la tasa de impuesto corporativo se reduzca de 21 a 15 por ciento para las compa\u00f1\u00edas que decidan establecer sus f\u00e1bricas en suelo estadounidense.<\/p>\n\n\n\n<p>El Cato Institute ha elaborado algunas comparaciones que se\u00f1alan que existen pa\u00edses que han recortado las tasas impositivas con \u00e9xito, como Irlanda, que la redujo de 40 por ciento en 1994 a s\u00f3lo 12.5 por ciento en 2013, logrando un incremento en la recaudaci\u00f3n y hasta superando al promedio recaudatorio de los pa\u00edses pertenecientes a la Organizaci\u00f3n para la Cooperaci\u00f3n y Desarrollo Econ\u00f3micos.<\/p>\n\n\n\n<p>\u00bfM\u00e9xico seguir\u00e1 siendo competitivo frente a Estados Unidos en el largo plazo en un escenario en el que las empresas pagan tan bajos impuestos all\u00e1? S\u00ed, por los costos de la mano de obra; pero no tanto, por los costos de la inseguridad y del fr\u00e1gil Estado de derecho. Porque, adem\u00e1s de los impuestos corporativos, el plan de Trump incluye extender los beneficios fiscales de su famosa Ley de Empleos y Reducci\u00f3n de Impuestos de 2017, que arroj\u00f3 una constelaci\u00f3n de deducciones y depreciaciones para millones de personas. Esa Ley expira este a\u00f1o y la apuesta de los republicanos ser\u00eda extender su vigencia para mantener muy competitiva a la econom\u00eda estadounidense.<\/p>\n\n\n\n<h2 class=\"wp-block-heading\"><strong>BAYER<\/strong><\/h2>\n\n\n\n<p>Visit\u00f3 M\u00e9xico&nbsp;<strong>Julio Triana,<\/strong>&nbsp;cabeza mundial de la divisi\u00f3n de productos de consumo de Bayer, que tiene su base en Suiza. Presumi\u00f3 a la Gobernadora&nbsp;<strong>Delfina G\u00f3mez,<\/strong>&nbsp;del Edomex, su planta de Lerma, que ha recibido una inversi\u00f3n reciente de $1 mil 100 millones, y que ser\u00e1 apuntalada como modelo log\u00edstico dentro de toda la corporaci\u00f3n.<\/p>\n\n\n\n<p>POR: CARLOS MOTA<\/p>\n","protected":false},"excerpt":{"rendered":"<p>La probabilidad de que el pr\u00f3ximo presidente de Estados Unidos imponga aranceles de 25 por ciento a las importaciones de M\u00e9xico es pr\u00e1cticamente uno. Es decir, es casi un hecho consumado que nuestras exportaciones se encarecer\u00e1n a partir del lunes, cuando&nbsp;Donald Trump&nbsp;firme acciones ejecutivas que incluir\u00e1n castigo arancelario a sus socios y no socios comerciales. [&hellip;]<\/p>\n","protected":false},"author":2,"featured_media":136946,"comment_status":"open","ping_status":"open","sticky":false,"template":"","format":"standard","meta":{"footnotes":""},"categories":[63],"tags":[],"class_list":["post-136945","post","type-post","status-publish","format-standard","has-post-thumbnail","hentry","category-editorial"],"_links":{"self":[{"href":"http:\/\/elcuartopoder.com.mx\/nw\/wp-json\/wp\/v2\/posts\/136945","targetHints":{"allow":["GET"]}}],"collection":[{"href":"http:\/\/elcuartopoder.com.mx\/nw\/wp-json\/wp\/v2\/posts"}],"about":[{"href":"http:\/\/elcuartopoder.com.mx\/nw\/wp-json\/wp\/v2\/types\/post"}],"author":[{"embeddable":true,"href":"http:\/\/elcuartopoder.com.mx\/nw\/wp-json\/wp\/v2\/users\/2"}],"replies":[{"embeddable":true,"href":"http:\/\/elcuartopoder.com.mx\/nw\/wp-json\/wp\/v2\/comments?post=136945"}],"version-history":[{"count":1,"href":"http:\/\/elcuartopoder.com.mx\/nw\/wp-json\/wp\/v2\/posts\/136945\/revisions"}],"predecessor-version":[{"id":136947,"href":"http:\/\/elcuartopoder.com.mx\/nw\/wp-json\/wp\/v2\/posts\/136945\/revisions\/136947"}],"wp:featuredmedia":[{"embeddable":true,"href":"http:\/\/elcuartopoder.com.mx\/nw\/wp-json\/wp\/v2\/media\/136946"}],"wp:attachment":[{"href":"http:\/\/elcuartopoder.com.mx\/nw\/wp-json\/wp\/v2\/media?parent=136945"}],"wp:term":[{"taxonomy":"category","embeddable":true,"href":"http:\/\/elcuartopoder.com.mx\/nw\/wp-json\/wp\/v2\/categories?post=136945"},{"taxonomy":"post_tag","embeddable":true,"href":"http:\/\/elcuartopoder.com.mx\/nw\/wp-json\/wp\/v2\/tags?post=136945"}],"curies":[{"name":"wp","href":"https:\/\/api.w.org\/{rel}","templated":true}]}}