{"id":136984,"date":"2025-01-20T12:00:39","date_gmt":"2025-01-20T17:00:39","guid":{"rendered":"https:\/\/elcuartopoder.com.mx\/nw\/?p=136984"},"modified":"2025-01-20T12:00:41","modified_gmt":"2025-01-20T17:00:41","slug":"industria-pierde-impulso-en-quintana-roo-yucatan-y-campeche","status":"publish","type":"post","link":"http:\/\/elcuartopoder.com.mx\/nw\/economia\/industria-pierde-impulso-en-quintana-roo-yucatan-y-campeche\/","title":{"rendered":"Industria pierde impulso en Quintana Roo, Yucat\u00e1n y Campeche"},"content":{"rendered":"\n<p>La&nbsp;<strong>actividad industrial en la Pen\u00ednsula de Yucat\u00e1n<\/strong>&nbsp;present\u00f3 un retroceso al cierre de septiembre de 2024, seg\u00fan datos del Indicador Mensual de la Actividad Industrial por Entidad Federativa (Imaief) publicados por el Instituto Nacional de Estad\u00edstica y Geograf\u00eda (Inegi).<\/p>\n\n\n\n<p><a href=\"https:\/\/www.inegi.org.mx\/app\/saladeprensa\/noticia\/9570\" target=\"_blank\" rel=\"noreferrer noopener\">Este indicador,<\/a>&nbsp;que refleja el comportamiento econ\u00f3mico en el sector secundario, arroj\u00f3 cifras negativas para Quintana Roo, Campeche y Yucat\u00e1n, con desempe\u00f1os que destacan por su ca\u00edda.<\/p>\n\n\n\n<p>En t\u00e9rminos anuales,&nbsp;<strong>Yucat\u00e1n, aunque con una baja menos severa<\/strong>&nbsp;que las otras dos entidades, mostr\u00f3 en el noveno mes del a\u00f1o pasado, se\u00f1ales de debilitamiento al registrar una contracci\u00f3n anual del 0.9%.<\/p>\n\n\n\n<p>Este retroceso est\u00e1 relacionado con la disminuci\u00f3n del 5.2% en la construcci\u00f3n, a pesar de incrementos en generaci\u00f3n de energ\u00eda (+8.4%) y manufacturas (+9.1%), que no lograron compensar la ca\u00edda general.<\/p>\n\n\n\n<p><strong>Quintana Roo por su parte, experiment\u00f3 una importante reducci\u00f3n<\/strong>&nbsp;del 63.6% respecto al mismo mes de 2023, siendo la mayor contracci\u00f3n a nivel nacional.<\/p>\n\n\n\n<p>Este resultado est\u00e1 vinculado&nbsp;<strong>principalmente al desplome del sector construcci\u00f3n<\/strong>, que cay\u00f3 un 70.6% en ese estado que experiment\u00f3 contracci\u00f3n generalizada en otras actividades como miner\u00eda e industrias manufactureras.<\/p>\n\n\n\n<p>En cuanto a&nbsp;<strong>Campeche, en el mes de referencia se registr\u00f3 una ca\u00edda anual del 16.3%<\/strong>, reflejando el impacto continuo de las dificultades en la miner\u00eda, actividad clave en la regi\u00f3n, que se redujo un 5.2%. Este comportamiento tambi\u00e9n se relaciona de acuerdo con los resultados del Imaief, con la baja en la producci\u00f3n petrolera, principal motor econ\u00f3mico del estado.<\/p>\n\n\n\n<p>Los resultados de este indicador al mes de septiembre de 2024 para los tres estados de la pen\u00ednsula, refleja una combinaci\u00f3n de factores estructurales y coyunturales.<\/p>\n\n\n\n<p>En Quintana Roo, la dr\u00e1stica ca\u00edda en construcci\u00f3n y la debilidad de las actividades secundarias contribuyeron al deterioro. Por su parte, Campeche sigue lidiando con la dependencia del petr\u00f3leo, mientras que Yucat\u00e1n, aunque menos afectado, mostr\u00f3 fragilidad en sectores clave.<\/p>\n\n\n\n<p><a href=\"https:\/\/www.inegi.org.mx\/contenidos\/saladeprensa\/boletines\/2025\/aief\/imaief2025_01.pdf\" target=\"_blank\" rel=\"noreferrer noopener\">La pr\u00f3xima publicaci\u00f3n del Imaief<\/a>, programada para el 10 de febrero de 2025, permitir\u00e1 evaluar si estas tendencias se mantuvieron o si se tuvo se\u00f1ales de recuperaci\u00f3n en la regi\u00f3n, hacia el cierre de 2024.<\/p>\n","protected":false},"excerpt":{"rendered":"<p>La&nbsp;actividad industrial en la Pen\u00ednsula de Yucat\u00e1n&nbsp;present\u00f3 un retroceso al cierre de septiembre de 2024, seg\u00fan datos del Indicador Mensual de la Actividad Industrial por Entidad Federativa (Imaief) publicados por el Instituto Nacional de Estad\u00edstica y Geograf\u00eda (Inegi). Este indicador,&nbsp;que refleja el comportamiento econ\u00f3mico en el sector secundario, arroj\u00f3 cifras negativas para Quintana Roo, Campeche [&hellip;]<\/p>\n","protected":false},"author":2,"featured_media":136985,"comment_status":"open","ping_status":"open","sticky":false,"template":"","format":"standard","meta":{"footnotes":""},"categories":[1],"tags":[],"class_list":["post-136984","post","type-post","status-publish","format-standard","has-post-thumbnail","hentry","category-economia"],"_links":{"self":[{"href":"http:\/\/elcuartopoder.com.mx\/nw\/wp-json\/wp\/v2\/posts\/136984","targetHints":{"allow":["GET"]}}],"collection":[{"href":"http:\/\/elcuartopoder.com.mx\/nw\/wp-json\/wp\/v2\/posts"}],"about":[{"href":"http:\/\/elcuartopoder.com.mx\/nw\/wp-json\/wp\/v2\/types\/post"}],"author":[{"embeddable":true,"href":"http:\/\/elcuartopoder.com.mx\/nw\/wp-json\/wp\/v2\/users\/2"}],"replies":[{"embeddable":true,"href":"http:\/\/elcuartopoder.com.mx\/nw\/wp-json\/wp\/v2\/comments?post=136984"}],"version-history":[{"count":1,"href":"http:\/\/elcuartopoder.com.mx\/nw\/wp-json\/wp\/v2\/posts\/136984\/revisions"}],"predecessor-version":[{"id":136986,"href":"http:\/\/elcuartopoder.com.mx\/nw\/wp-json\/wp\/v2\/posts\/136984\/revisions\/136986"}],"wp:featuredmedia":[{"embeddable":true,"href":"http:\/\/elcuartopoder.com.mx\/nw\/wp-json\/wp\/v2\/media\/136985"}],"wp:attachment":[{"href":"http:\/\/elcuartopoder.com.mx\/nw\/wp-json\/wp\/v2\/media?parent=136984"}],"wp:term":[{"taxonomy":"category","embeddable":true,"href":"http:\/\/elcuartopoder.com.mx\/nw\/wp-json\/wp\/v2\/categories?post=136984"},{"taxonomy":"post_tag","embeddable":true,"href":"http:\/\/elcuartopoder.com.mx\/nw\/wp-json\/wp\/v2\/tags?post=136984"}],"curies":[{"name":"wp","href":"https:\/\/api.w.org\/{rel}","templated":true}]}}