{"id":137019,"date":"2025-01-21T16:13:47","date_gmt":"2025-01-21T21:13:47","guid":{"rendered":"https:\/\/elcuartopoder.com.mx\/nw\/?p=137019"},"modified":"2025-01-21T16:13:48","modified_gmt":"2025-01-21T21:13:48","slug":"mexico-aguarda-con-preocupacion-la-avalancha-de-decretos-migratorios-de-trump","status":"publish","type":"post","link":"http:\/\/elcuartopoder.com.mx\/nw\/internacionales\/mexico-aguarda-con-preocupacion-la-avalancha-de-decretos-migratorios-de-trump\/","title":{"rendered":"M\u00e9xico aguarda con preocupaci\u00f3n la avalancha de decretos migratorios de Trump"},"content":{"rendered":"\n<p>La declaraci\u00f3n de emergencia en la frontera. El anuncio de deportaciones masivas. La movilizaci\u00f3n del Ej\u00e9rcito para frenar los flujos de inmigrantes. La designaci\u00f3n de los carteles de la droga como organizaciones terroristas. El cambio de nombre del golfo de M\u00e9xico.&nbsp;<a href=\"https:\/\/elpais.com\/mexico\/2025-01-20\/sheinbaum-ante-el-regreso-de-trump-mexico-no-tiene-por-que-agachar-la-cabeza.html\">Donald Trump<\/a>&nbsp;no esper\u00f3 m\u00e1s tiempo para cumplir con sus amenazas y&nbsp;<a href=\"https:\/\/elpais.com\/internacional\/2025-01-20\/toma-de-posesion-de-donald-trump-en-vivo-el-47-presidente-de-ee-uu.html\">confirm\u00f3 este lunes en su discurso de toma de posesi\u00f3n que emitir\u00e1 una serie de decretos<\/a>&nbsp;que confirman el viraje de mano dura de su Administraci\u00f3n ante la crisis migratoria y la guerra contra el narcotr\u00e1fico. El Gobierno de Claudia Sheinbaum anticip\u00f3 la llegada de las \u00f3rdenes ejecutivas y reprob\u00f3 la adopci\u00f3n de \u201cmedidas unilaterales\u201d frente a los desaf\u00edos de la relaci\u00f3n bilateral, mientras ya se prepara para mitigar el impacto de los \u00faltimos anuncios desde Washington. \u201cComo vecinos y socios comerciales, el di\u00e1logo, el respeto y la cooperaci\u00f3n siempre ser\u00e1n el s\u00edmbolo de nuestra relaci\u00f3n\u201d, dijo la presidenta en su mensaje de felicitaci\u00f3n. La respuesta oficial a los anuncios est\u00e1 prevista para este martes, dijo a EL PA\u00cdS un portavoz de su equipo, salvo un cambio de \u00faltimo momento.<\/p>\n\n\n\n<p>\u201cSe detendr\u00e1 inmediatamente toda entrada ilegal, y comenzaremos el proceso de devolver a millones y millones de extranjeros criminales a los lugares de donde vinieron\u201d, afirm\u00f3 Trump, apenas jur\u00f3 como presidente. La declaratoria de \u201cemergencia nacional\u201d abre paso a la militarizaci\u00f3n de la frontera y a la clausura de las v\u00edas que hab\u00eda abierto la Administraci\u00f3n de Joe Biden para&nbsp;<a href=\"https:\/\/elpais.com\/mexico\/2025-01-20\/los-ultimos-de-tijuana-cientos-de-migrantes-cruzan-la-frontera-antes-de-que-llegue-la-mano-dura-de-trump.html\">la migraci\u00f3n legal y el tr\u00e1mite de asilo, como la aplicaci\u00f3n CBP One<\/a>. El portal oficial anunci\u00f3 el fin del sistema digital de registro y la cancelaci\u00f3n de las citas pendientes. \u201cRestableceremos mi pol\u00edtica de&nbsp;<a href=\"https:\/\/elpais.com\/internacional\/2022-08-09\/biden-dejara-de-aplicar-el-programa-quedate-en-mexico-para-la-inmigracion.html\"><em>Qu\u00e9date en M\u00e9xico<\/em><\/a><em>,<\/em>&nbsp;pondr\u00e9 fin a la pr\u00e1ctica de captura y liberaci\u00f3n, y enviar\u00e9 tropas a la frontera sur para repeler la desastrosa invasi\u00f3n de nuestro pa\u00eds\u201d, advirti\u00f3 el republicano.<\/p>\n\n\n\n<p>El regreso de&nbsp;<em>Qu\u00e9date en M\u00e9xico<\/em>, que obliga a los solicitantes de asilo a tramitar su entrada desde fuera de Estados Unidos, es uno de los puntos m\u00e1s preocupantes para la Administraci\u00f3n de Sheinbaum. \u201cNo lo compartimos\u201d, sentenci\u00f3 Juan Ram\u00f3n de la Fuente, el secretario de Relaciones Exteriores, en conferencia de prensa horas antes. El pa\u00eds latinoamericano teme que se eleve la presi\u00f3n sobre las ciudades fronterizas y las convierta en cuellos de botella para cientos de miles de personas en tr\u00e1nsito a territorio estadounidense. La presidenta adelant\u00f3 hace unas semanas que uno de los aspectos clave de la negociaci\u00f3n que espera tener con Trump es que M\u00e9xico no tenga que absorber toda la carga de recibir a las personas devueltas y s\u00f3lo asuma la responsabilidad respecto de un grupo reducido de nacionalidades. Las autoridades mexicanas se resisten a la idea de convertirse&nbsp;<em>de facto<\/em>&nbsp;en \u201cun tercer pa\u00eds seguro\u201d, lo que tambi\u00e9n les ha tra\u00eddo cr\u00edticas en el frente interno.<\/p>\n\n\n\n<p>Entre las prioridades del Gobierno de Sheinbaum es el impacto que pueden tener estas medidas sobre la poblaci\u00f3n mexicana, sobre todo los m\u00e1s de cinco millones de indocumentados y quienes residen desde hace varios a\u00f1os en territorio estadounidense. Las autoridades anunciaron el lanzamiento de ConsulApp, una aplicaci\u00f3n para que la comunidad migrante est\u00e9 informada de sus derechos y tenga acceso a recursos frente a detenciones arbitrarias y redadas. La estrategia se completa con el plan\u00a0<em>M\u00e9xico te abraza<\/em>, dise\u00f1ado para que quienes decidan regresar sean beneficiarios de los programas sociales, reciban dinero para sus traslados y sean inscritos a la seguridad social. \u201cHay que guardar la calma\u201d, dijo la mandataria, un par de horas antes de los anuncios de Trump.<br><br>\u201cOrdenar\u00e9 a nuestro Gobierno que utilice todo el inmenso poder de las fuerzas del orden federales y estatales para eliminar la presencia de todas las bandas y redes criminales extranjeras que traen delitos devastadores a suelo estadounidense\u201d, dijo Trump sobre la designaci\u00f3n de los carteles como grupos terroristas. El decreto se basa en una a\u00f1eja ley de 1798 contra \u201cenemigos extranjeros\u201d y anticipa mayores presiones contra el Gobierno mexicano para mantener a raya al crimen organizado. M\u00e1s all\u00e1 de la ret\u00f3rica, esta orden ejecutiva da pie a que Estados Unidos pueda lanzar una intervenci\u00f3n militar en suelo mexicano. Sheinbaum se ha mostrado renuente a equiparar el narcotr\u00e1fico con el terrorismo por esa raz\u00f3n, pese a que algunos sectores de la oposici\u00f3n han abrazado la idea.<\/p>\n\n\n\n<p><a href=\"https:\/\/elpais.com\/mexico\/2025-01-16\/la-designacion-de-los-carteles-como-terroristas-atiza-las-tensiones-entre-mexico-y-estados-unidos-previo-a-la-llegada-de-trump.html\">La idea de combatir a los narcos como terroristas no es nueva<\/a>&nbsp;y ha habido amagos desde hace m\u00e1s de una d\u00e9cada, incluso en Administraciones dem\u00f3cratas, para adoptar esta medida, cuya efectividad es puesta en duda por el grueso de los especialistas. Marco Rubio, el pr\u00f3ximo Secretario de Estado, insisti\u00f3 en el \u201cterror\u201d de fuerzas criminales como el&nbsp;<a href=\"https:\/\/elpais.com\/mexico\/2025-01-17\/garcia-harfuch-asegura-que-la-mayiza-y-los-chapitos-se-han-debilitado-tras-cuatro-meses-de-guerra-en-sinaloa.html\">Cartel de Sinaloa<\/a>&nbsp;o el&nbsp;<a href=\"https:\/\/elpais.com\/mexico\/2024-11-19\/estados-unidos-golpea-la-estructura-financiera-del-cjng-e-incluye-a-nueve-socios-en-la-lista-negra-del-tesoro.html\">Cartel Jalisco Nueva Generaci\u00f3n<\/a>, pero tambi\u00e9n dijo la semana pasada que era una \u201cherramienta imperfecta\u201d. La opci\u00f3n predilecta para Rubio, el nuevo jefe de la diplomacia estadounidense, es profundizar la cooperaci\u00f3n con M\u00e9xico \u201ccomo socios\u201d, aunque es un asunto que ha abierto divisiones en la nueva Administraci\u00f3n. \u201cLe tomamos la palabra\u201d, respondi\u00f3 Sheinbaum, al subrayar la importancia de la cooperaci\u00f3n. El anuncio es un bot\u00f3n de muestra del nuevo peso que tendr\u00e1 el \u201cterrorismo\u201d en la gesti\u00f3n de la frontera y de la contaminaci\u00f3n de la agenda migratoria con la de Seguridad.<\/p>\n\n\n\n<p>La nueva bater\u00eda de decretos incluye otros cambios, que han recibido amplia atenci\u00f3n medi\u00e1tica y han sido interpretadas como un relanzamiento del imperialismo estadounidense, como cambiar el nombre del golfo de M\u00e9xico a&nbsp;<a href=\"https:\/\/elpais.com\/us\/2025-01-07\/trump-propone-cambiar-el-nombre-del-golfo-de-mexico-a-golfo-de-america.html\">\u201cgolfo de Am\u00e9rica\u201d<\/a>. \u201cEstados Unidos reclamar\u00e1 su leg\u00edtimo lugar como la naci\u00f3n m\u00e1s grande, m\u00e1s poderosa y m\u00e1s respetada de la tierra\u201d, asegur\u00f3 el republicano, que presumi\u00f3 el \u201cfin de la decadencia\u201d y la llegada de \u201cuna \u00e9poca dorada\u201d. Sheinbaum respondi\u00f3 hace unos d\u00edas con la sugerencia de renombrar partes del pa\u00eds vecino como la \u201cAm\u00e9rica mexicana\u201d.<\/p>\n\n\n\n<p>El republicano no puso un plazo para concretar el cambio de nombre, que estar\u00eda sujeto a la normativa internacional. Con todo, Trump se ha tomado en serio sus reclamos expansionistas y ha advertido de que buscar\u00e1 retomar el control del canal de Panam\u00e1, por ejemplo. En el plano comercial, hay menos claridad, a pesar del anuncio de una oficina especial para cobrar los aranceles que se impongan a Gobiernos extranjeros. M\u00e1s tarde, el magnate anunci\u00f3 que las tarifas entrar\u00e1n en vigor el 1 de febrero.<\/p>\n\n\n\n<p>Las autoridades mexicanas han optado por la cautela y evitar engancharse tras los decretos que Trump anunci\u00f3 para su primer d\u00eda en la Casa Blanca, aunque s\u00ed se espera una reacci\u00f3n de la presidenta a m\u00e1s tardar en La Ma\u00f1anera del martes, de acuerdo con un portavoz del Gobierno. \u201cTenemos la certeza de que vamos a llegar a un acuerdo\u201d, coment\u00f3 la presidenta frente a la incertidumbre, al tiempo que su Administraci\u00f3n ya espera establecer los primeros contactos formales con el equipo del nuevo Gobierno.<\/p>\n","protected":false},"excerpt":{"rendered":"<p>La declaraci\u00f3n de emergencia en la frontera. El anuncio de deportaciones masivas. La movilizaci\u00f3n del Ej\u00e9rcito para frenar los flujos de inmigrantes. La designaci\u00f3n de los carteles de la droga como organizaciones terroristas. El cambio de nombre del golfo de M\u00e9xico.&nbsp;Donald Trump&nbsp;no esper\u00f3 m\u00e1s tiempo para cumplir con sus amenazas y&nbsp;confirm\u00f3 este lunes en su [&hellip;]<\/p>\n","protected":false},"author":2,"featured_media":137020,"comment_status":"open","ping_status":"open","sticky":false,"template":"","format":"standard","meta":{"footnotes":""},"categories":[8],"tags":[],"class_list":["post-137019","post","type-post","status-publish","format-standard","has-post-thumbnail","hentry","category-internacionales"],"_links":{"self":[{"href":"http:\/\/elcuartopoder.com.mx\/nw\/wp-json\/wp\/v2\/posts\/137019","targetHints":{"allow":["GET"]}}],"collection":[{"href":"http:\/\/elcuartopoder.com.mx\/nw\/wp-json\/wp\/v2\/posts"}],"about":[{"href":"http:\/\/elcuartopoder.com.mx\/nw\/wp-json\/wp\/v2\/types\/post"}],"author":[{"embeddable":true,"href":"http:\/\/elcuartopoder.com.mx\/nw\/wp-json\/wp\/v2\/users\/2"}],"replies":[{"embeddable":true,"href":"http:\/\/elcuartopoder.com.mx\/nw\/wp-json\/wp\/v2\/comments?post=137019"}],"version-history":[{"count":1,"href":"http:\/\/elcuartopoder.com.mx\/nw\/wp-json\/wp\/v2\/posts\/137019\/revisions"}],"predecessor-version":[{"id":137021,"href":"http:\/\/elcuartopoder.com.mx\/nw\/wp-json\/wp\/v2\/posts\/137019\/revisions\/137021"}],"wp:featuredmedia":[{"embeddable":true,"href":"http:\/\/elcuartopoder.com.mx\/nw\/wp-json\/wp\/v2\/media\/137020"}],"wp:attachment":[{"href":"http:\/\/elcuartopoder.com.mx\/nw\/wp-json\/wp\/v2\/media?parent=137019"}],"wp:term":[{"taxonomy":"category","embeddable":true,"href":"http:\/\/elcuartopoder.com.mx\/nw\/wp-json\/wp\/v2\/categories?post=137019"},{"taxonomy":"post_tag","embeddable":true,"href":"http:\/\/elcuartopoder.com.mx\/nw\/wp-json\/wp\/v2\/tags?post=137019"}],"curies":[{"name":"wp","href":"https:\/\/api.w.org\/{rel}","templated":true}]}}