{"id":137083,"date":"2025-01-22T14:37:23","date_gmt":"2025-01-22T19:37:23","guid":{"rendered":"https:\/\/elcuartopoder.com.mx\/nw\/?p=137083"},"modified":"2025-01-22T14:37:25","modified_gmt":"2025-01-22T19:37:25","slug":"musk-consolida-su-poder-tras-la-toma-de-protesta-de-donald-trump-en-eu","status":"publish","type":"post","link":"http:\/\/elcuartopoder.com.mx\/nw\/entretenimiento\/tecnologia\/musk-consolida-su-poder-tras-la-toma-de-protesta-de-donald-trump-en-eu\/","title":{"rendered":"Musk consolida su poder tras la toma de protesta de Donald Trump en EU"},"content":{"rendered":"\n<p>\u201cEst\u00e1 comenzando\u201d, escribi\u00f3 Elon Musk el lunes por la noche, poco despu\u00e9s de la&nbsp;<a href=\"https:\/\/www.elfinanciero.com.mx\/mundo\/2025\/01\/20\/toma-de-protesta-de-donald-trump-en-vivo-sigue-la-investidura-presidencial-en-eu-minuto-a-minuto\/\" target=\"_blank\" rel=\"noreferrer noopener\">toma de posesi\u00f3n de Donald Trump<\/a>&nbsp;como el 47\u00ba presidente de Estados Unidos.<\/p>\n\n\n\n<p>La publicaci\u00f3n del multimillonario en su red social X se refer\u00eda espec\u00edficamente a una orden ejecutiva de&nbsp;<a href=\"https:\/\/www.elfinanciero.com.mx\/mundo\/2025\/01\/20\/trump-quiere-definir-el-genero-y-el-sexo-pondra-fin-a-programas-de-diversidad-en-agencias-del-gobierno\/\" target=\"_blank\" rel=\"noreferrer noopener\">Trump que pon\u00eda fin a los mandatos federales de diversidad, equidad e inclusi\u00f3n<\/a>, una vieja pesadilla de la persona m\u00e1s rica del mundo, que dirige seis empresas y se ha opuesto a los esfuerzos de&nbsp;<strong>DEI&nbsp;<\/strong>durante a\u00f1os.<\/p>\n\n\n\n<p>Pero tambi\u00e9n sirvi\u00f3 como recordatorio de la&nbsp;<strong>relaci\u00f3n cada vez m\u00e1s simbi\u00f3tica de Musk con el presidente Trump<\/strong>&nbsp;para cualquiera que a\u00fan tuviera dudas. Si bien el v\u00ednculo entre Musk y Trump (dos personas conocidas por sus lealtades personales y profesionales siempre cambiantes) puede no durar para siempre, el poder de Musk qued\u00f3 en plena exhibici\u00f3n en el capitolio de la naci\u00f3n.<\/p>\n\n\n\n<p>Entre las acciones de Trump el primer d\u00eda: establecer una oficina especial para Musk dentro del complejo de la Casa Blanca.<br><br>\u201cEst\u00e1 comenzando\u201d, escribi\u00f3 Elon Musk el lunes por la noche, poco despu\u00e9s de la&nbsp;<a href=\"https:\/\/www.elfinanciero.com.mx\/mundo\/2025\/01\/20\/toma-de-protesta-de-donald-trump-en-vivo-sigue-la-investidura-presidencial-en-eu-minuto-a-minuto\/\" target=\"_blank\" rel=\"noreferrer noopener\">toma de posesi\u00f3n de Donald Trump<\/a>&nbsp;como el 47\u00ba presidente de Estados Unidos.<\/p>\n\n\n\n<p>La publicaci\u00f3n del multimillonario en su red social X se refer\u00eda espec\u00edficamente a una orden ejecutiva de&nbsp;<a href=\"https:\/\/www.elfinanciero.com.mx\/mundo\/2025\/01\/20\/trump-quiere-definir-el-genero-y-el-sexo-pondra-fin-a-programas-de-diversidad-en-agencias-del-gobierno\/\" target=\"_blank\" rel=\"noreferrer noopener\">Trump que pon\u00eda fin a los mandatos federales de diversidad, equidad e inclusi\u00f3n<\/a>, una vieja pesadilla de la persona m\u00e1s rica del mundo, que dirige seis empresas y se ha opuesto a los esfuerzos de&nbsp;<strong>DEI&nbsp;<\/strong>durante a\u00f1os.<\/p>\n\n\n\n<p>Pero tambi\u00e9n sirvi\u00f3 como recordatorio de la&nbsp;<strong>relaci\u00f3n cada vez m\u00e1s simbi\u00f3tica de Musk con el presidente Trump<\/strong>&nbsp;para cualquiera que a\u00fan tuviera dudas. Si bien el v\u00ednculo entre Musk y Trump (dos personas conocidas por sus lealtades personales y profesionales siempre cambiantes) puede no durar para siempre, el poder de Musk qued\u00f3 en plena exhibici\u00f3n en el capitolio de la naci\u00f3n.<\/p>\n\n\n\n<p>Entre las acciones de Trump el primer d\u00eda: establecer una oficina especial para Musk dentro del complejo de la Casa Blanca.<br><\/p>\n\n\n\n<p>El lunes, Trump dijo que&nbsp;<a href=\"https:\/\/www.elfinanciero.com.mx\/mundo\/2025\/01\/20\/elon-musk-hizo-un-saludo-nazi-en-evento-de-donald-trump-este-es-el-origen-de-la-senal\/\" target=\"_blank\" rel=\"noreferrer noopener\">Elon Musk<\/a>&nbsp;y su equipo tendr\u00e1n espacio de oficina para unas 20 personas en lo que se ha denominado el<strong>&nbsp;Departamento de Eficiencia Gubernamental, o DOGE<\/strong>, en referencia a la criptomoneda favorita de Musk.<\/p>\n\n\n\n<p>Musk ahora tiene una direcci\u00f3n de correo electr\u00f3nico en la Casa Blanca, y al menos cuatro personas en cada agencia federal ayudar\u00e1n a implementar el esfuerzo de reducci\u00f3n de costos. El administrador de DOGE reportar\u00e1 al Jefe de Gabinete de la Casa Blanca, seg\u00fan la orden.<\/p>\n\n\n\n<p>Tampoco hay dudas sobre qui\u00e9n est\u00e1 a cargo. Trump nombr\u00f3 para ese cargo a Elon Musk junto a&nbsp;<a href=\"https:\/\/www.elfinanciero.com.mx\/mundo\/2025\/01\/20\/el-doge-de-trump-se-queda-a-medias-vivek-ramaswamy-ya-no-estara-en-departamento-con-musk\/\" target=\"_blank\" rel=\"noreferrer noopener\">Vivek Ramaswamy, quien se ha retirado de DOGE<\/a>&nbsp;para concentrarse en su carrera pol\u00edtica en Ohio.<\/p>\n\n\n\n<p>Con la misma rapidez, los grupos presentaron demandas judiciales contra DOGE. Un sindicato que representa a cientos de miles de empleados federales demand\u00f3 el lunes a la administraci\u00f3n Trump alegando que DOGE viola una ley estadounidense de 1972 que exige controles sobre conflictos de intereses, equilibrio ideol\u00f3gico y transparencia para los grupos con una l\u00ednea directa a la Casa Blanca.<br><br>Trump es acompa\u00f1ado por multimillonarios en toma de protesta<\/p>\n\n\n\n<p>Musk, de 53 a\u00f1os, fue el \u00fanico orador invitado del presidente durante un mitin el domingo por la noche. \u201cEstamos ansiosos por hacer muchos cambios\u201d, dijo Musk durante un evento en el que el vicepresidente JD Vance no hizo comentarios.<\/p>\n\n\n\n<p>Al d\u00eda siguiente, cuando Trump prest\u00f3 juramento en el Capitolio de Estados Unidos,&nbsp;<strong>Musk, sonriente, ocup\u00f3 un lugar privilegiado frente a los nuevos miembros del gabinete del presidente<\/strong>. Junto a&nbsp;<a href=\"https:\/\/www.elfinanciero.com.mx\/mundo\/2025\/01\/20\/toma-de-protesta-de-donald-trump-que-empresarios-millonarios-acudieron\/\" target=\"_blank\" rel=\"noreferrer noopener\">multimillonarios como Jeff Bezos y Mark Zuckerberg<\/a>, los magnates de la tecnolog\u00eda aparecieron en innumerables tomas en vivo de la transferencia de poder.<\/p>\n\n\n\n<p>Durante el discurso inaugural de Trump, Musk sonri\u00f3 radiante mientras el magnate se compromet\u00eda a<strong>&nbsp;ir a Marte<\/strong>, el objetivo que ha animado la vida de Musk durante d\u00e9cadas. CNN vio al multimillonario entrar en el edificio de oficinas adyacente a la Casa Blanca mientras Trump asist\u00eda a los actos inaugurales. El l\u00edder de la mayor\u00eda de la C\u00e1mara de Representantes, Steve Scalise, lo compar\u00f3 con Rosa Parks en un almuerzo inaugural en el Capitolio.<\/p>\n\n\n\n<p>Ante una multitud de partidarios de Trump en el Capital One Arena de Washington el lunes por la tarde, Musk subi\u00f3 al escenario en un ataque de exuberancia.<\/p>\n\n\n\n<p><strong>\u201c\u00a1As\u00ed es como se siente la victoria!\u201d, dijo Musk<\/strong>, golpeando el atril con los pu\u00f1os mientras la multitud rug\u00eda.<\/p>\n\n\n\n<p>El director ejecutivo de SpaceX habl\u00f3 despu\u00e9s, como suele hacer, de&nbsp;<strong>Marte<\/strong>: \u201c\u00bfSe imaginan lo maravilloso que ser\u00e1 que astronautas estadounidenses planten la bandera en otro planeta por primera vez?\u201d.<\/p>\n\n\n\n<h2 class=\"wp-block-heading\">\u00bfMusk hizo un saludo nazi en evento de Trump?<\/h2>\n\n\n\n<p>El primer d\u00eda de Musk en el Washington de Trump no estuvo exento de controversias. Durante su discurso en el Capitol One Arena,&nbsp;<strong>Musk se puso dos veces la mano sobre el coraz\u00f3n y luego la levant\u00f3 con fuerza en diagonal<\/strong>&nbsp;sobre su cabeza en un gesto que algunos observadores en l\u00ednea dijeron que se parec\u00eda a un<strong>&nbsp;saludo nazi<\/strong>. \u201cMi coraz\u00f3n est\u00e1 contigo\u201d, dijo luego, llev\u00e1ndose la mano de nuevo al coraz\u00f3n.<\/p>\n\n\n\n<p>\u201cSoy historiadora del fascismo\u201d,&nbsp;<a href=\"https:\/\/bsky.app\/profile\/ruthbenghiat.bsky.social\/post\/3lg7eiifhyc2a\" target=\"_blank\" rel=\"noreferrer noopener\">escribi\u00f3 Ruth Ben-Ghiat<\/a>&nbsp;, profesora de historia y estudios italianos en la Universidad de Nueva York, en BlueSky, en respuesta al gesto de Musk.&nbsp;<strong>\u201cFue un saludo nazi y tambi\u00e9n muy beligerante\u201d.<\/strong><\/p>\n\n\n\n<p>La ADL, o Liga Antidifamaci\u00f3n, un grupo fundado para luchar contra el odio hacia las personas jud\u00edas, consider\u00f3 que el video de Musk haciendo un \u201csaludo nazi\u201d no era una tal cosa, sino solo una muestra de entusiasmo.<\/p>\n\n\n\n<p>\u201cParece que&nbsp;<a href=\"https:\/\/x.com\/elonmusk\" target=\"_blank\" rel=\"noreferrer noopener\">@elonmusk<\/a>&nbsp;hizo un gesto inc\u00f3modo en un momento de entusiasmo, no un saludo nazi, pero nuevamente, apreciamos que la gente est\u00e9 atenta\u201d,&nbsp;<a href=\"https:\/\/x.com\/ADL\/status\/1881474892022919403\" target=\"_blank\" rel=\"noreferrer noopener\">escribi\u00f3 el grupo en X.<\/a>&nbsp;Musk cit\u00f3 la publicaci\u00f3n en X y escribi\u00f3 \u201cGracias, chicos\u201d, junto con el emoji llorando de risa.<\/p>\n\n\n\n<p>Musk no respondi\u00f3 a las solicitudes de comentarios adicionales.<\/p>\n\n\n\n<p>Los cr\u00edticos tambi\u00e9n advirtieron sobre los muchos conflictos de intereses potenciales de Musk como jefe de seis compa\u00f1\u00edas, incluidas Tesla, SpaceX y X (Twitter), que realizan negocios en \u00e1reas reguladas por el gobierno de Estados Unidos.<\/p>\n\n\n\n<p>\u201cEstamos presenciando el desmoronamiento de nuestra democracia. No est\u00e1 por suceder. Est\u00e1 sucediendo ahora mismo\u201d, dijo el senador dem\u00f3crata Chris Murphy de Connecticut en MSNBC el lunes.<\/p>\n\n\n\n<p>Lo que Trump no mencion\u00f3 en su discurso inaugural fue&nbsp;<strong>ning\u00fan plan para regresar a la Luna<\/strong>, que ha sido el foco del programa Artemis de la NASA. En cambio, Trump prometi\u00f3 \u201cplantar la bandera de las barras y estrellas en el planeta Marte\u201d.<\/p>\n\n\n\n<p>\u201cElon Musk se comprometi\u00f3 en este discurso a ir a Marte, \u00bfno?\u201d, dijo Murphy. \u201cHay una disputa dentro de la comunidad cient\u00edfica, dentro de la NASA, sobre si deber\u00edamos ir a Marte o a la Luna. Si la elecci\u00f3n es ir a Marte, Elon Musk se vuelve a\u00fan m\u00e1s rico. Lo consigui\u00f3\u201d, dijo Murphy.<\/p>\n","protected":false},"excerpt":{"rendered":"<p>\u201cEst\u00e1 comenzando\u201d, escribi\u00f3 Elon Musk el lunes por la noche, poco despu\u00e9s de la&nbsp;toma de posesi\u00f3n de Donald Trump&nbsp;como el 47\u00ba presidente de Estados Unidos. La publicaci\u00f3n del multimillonario en su red social X se refer\u00eda espec\u00edficamente a una orden ejecutiva de&nbsp;Trump que pon\u00eda fin a los mandatos federales de diversidad, equidad e inclusi\u00f3n, una [&hellip;]<\/p>\n","protected":false},"author":2,"featured_media":137084,"comment_status":"open","ping_status":"open","sticky":false,"template":"","format":"standard","meta":{"footnotes":""},"categories":[57],"tags":[],"class_list":["post-137083","post","type-post","status-publish","format-standard","has-post-thumbnail","hentry","category-tecnologia"],"_links":{"self":[{"href":"http:\/\/elcuartopoder.com.mx\/nw\/wp-json\/wp\/v2\/posts\/137083","targetHints":{"allow":["GET"]}}],"collection":[{"href":"http:\/\/elcuartopoder.com.mx\/nw\/wp-json\/wp\/v2\/posts"}],"about":[{"href":"http:\/\/elcuartopoder.com.mx\/nw\/wp-json\/wp\/v2\/types\/post"}],"author":[{"embeddable":true,"href":"http:\/\/elcuartopoder.com.mx\/nw\/wp-json\/wp\/v2\/users\/2"}],"replies":[{"embeddable":true,"href":"http:\/\/elcuartopoder.com.mx\/nw\/wp-json\/wp\/v2\/comments?post=137083"}],"version-history":[{"count":1,"href":"http:\/\/elcuartopoder.com.mx\/nw\/wp-json\/wp\/v2\/posts\/137083\/revisions"}],"predecessor-version":[{"id":137085,"href":"http:\/\/elcuartopoder.com.mx\/nw\/wp-json\/wp\/v2\/posts\/137083\/revisions\/137085"}],"wp:featuredmedia":[{"embeddable":true,"href":"http:\/\/elcuartopoder.com.mx\/nw\/wp-json\/wp\/v2\/media\/137084"}],"wp:attachment":[{"href":"http:\/\/elcuartopoder.com.mx\/nw\/wp-json\/wp\/v2\/media?parent=137083"}],"wp:term":[{"taxonomy":"category","embeddable":true,"href":"http:\/\/elcuartopoder.com.mx\/nw\/wp-json\/wp\/v2\/categories?post=137083"},{"taxonomy":"post_tag","embeddable":true,"href":"http:\/\/elcuartopoder.com.mx\/nw\/wp-json\/wp\/v2\/tags?post=137083"}],"curies":[{"name":"wp","href":"https:\/\/api.w.org\/{rel}","templated":true}]}}