{"id":137089,"date":"2025-01-22T14:44:09","date_gmt":"2025-01-22T19:44:09","guid":{"rendered":"https:\/\/elcuartopoder.com.mx\/nw\/?p=137089"},"modified":"2025-01-22T14:44:10","modified_gmt":"2025-01-22T19:44:10","slug":"claudia-sheinbaum-solicita-al-senado-ingreso-de-personal-militar-de-estados-unidos","status":"publish","type":"post","link":"http:\/\/elcuartopoder.com.mx\/nw\/editorial\/claudia-sheinbaum-solicita-al-senado-ingreso-de-personal-militar-de-estados-unidos\/","title":{"rendered":"Claudia Sheinbaum solicita al Senado ingreso de personal militar de Estados Unidos"},"content":{"rendered":"\n<p>La presidenta&nbsp;<a href=\"https:\/\/heraldodemexico.com.mx\/economia\/2025\/1\/21\/pension-mujeres-con-bienestar-60-64-anos-quienes-recibiran-su-tarjeta-este-miercoles-22-de-enero-670112.html\" target=\"_blank\" rel=\"noreferrer noopener\">Claudia Sheinbaum Pardo<\/a>&nbsp;solicit\u00f3 a la&nbsp;<strong>C\u00e1mara de Senadores<\/strong>, autorizaci\u00f3n para permitir el ingreso al territorio nacional de personal militar del ej\u00e9rcito de los&nbsp;<a href=\"https:\/\/heraldodemexico.com.mx\/nacional\/2025\/1\/21\/claudia-sheinbaum-reacciona-salida-de-eu-del-acuerdo-de-paris-670083.html\" target=\"_blank\" rel=\"noreferrer noopener\">Estados Unidos<\/a>&nbsp;para que participen en la actividad de adiestramiento denominada \u201cFortalecer la Capacidad de las Fuerzas Armadas de Operaciones Especiales de la Secretar\u00eda de&nbsp;<strong>Marina<\/strong>.<\/p>\n\n\n\n<p>En un comunicado que remiti\u00f3 la Secretar\u00eda de&nbsp;<strong>Gobernaci\u00f3n<\/strong>, remitido a la Mesa Directiva de la&nbsp;<strong>C\u00e1mara<\/strong>&nbsp;Alta, la Consejer\u00eda Jur\u00eddica del Ejecutivo Federal, expone que dicha actividad se realizar\u00e1 en el Centro de Capacitaci\u00f3n y Adiestramiento Especializado de Infanter\u00eda de Marina con sede en San Luis Carpizo,&nbsp;<strong>Campeche<\/strong>, del 17 de febrero al 28 de marzo del&nbsp;<strong>2025<\/strong>.<\/p>\n\n\n\n<p>En la petici\u00f3n que se present\u00f3 este martes en la sesi\u00f3n de la Comisi\u00f3n Permanente del Congreso de la Uni\u00f3n, se informa que la Secretar\u00eda de Marina recibi\u00f3 la invitaci\u00f3n de la Oficina de Coordinaci\u00f3n de Defensa de la Embajada de los&nbsp;<strong>Estados Unidos<\/strong>&nbsp;de Am\u00e9rica para llevar a cabo el evento de adiestramiento, que tiene como prop\u00f3sito que lleven a cabo actividades de capacitaci\u00f3n y adiestramiento relativas a la ejecuci\u00f3n de t\u00e1cticas, t\u00e9cnicas y procedimientos de combate convencional y no convencional, en operaciones anfibias, en ambiente mar\u00edtimo, terrestre y a\u00e9reo.<\/p>\n\n\n\n<h2 class=\"wp-block-heading\">Ej\u00e9rcito de EU llegar\u00eda hasta febrero<\/h2>\n\n\n\n<p>La delegaci\u00f3n del personal\u00a0<strong>militar<\/strong>\u00a0de\u00a0<strong>Estados Unidos<\/strong>\u00a0que llegar\u00eda a nuestro pa\u00eds,\u00a0el 15 de\u00a0<strong>febrero<\/strong>\u00a0del\u00a0<strong>2025<\/strong>\u00a0para salir del pa\u00eds, el 30 de marzo de 2025,\u00a0constar\u00eda de 10 elementos del S\u00e9ptimo Grupo de Fuerzas Especiales, el cual, portar\u00e1 armamento, municiones, material y equipos especiales necesarios para el entrenamiento combinado conjunto.<br><br>En caso de que los&nbsp;<strong>senadores<\/strong>&nbsp;aprueben la solicitud de la titular del ejecutivo federal, el personal de instructores arribar\u00e1 al Aeropuerto Internacional de Campeche en una aeronave&nbsp;<strong>militar<\/strong>&nbsp;tipo C-130, propiedad del ej\u00e9rcito de los&nbsp;<strong>Estados Unidos<\/strong>&nbsp;de Am\u00e9rica,&nbsp;<\/p>\n\n\n\n<p>En la solicitud de autorizaci\u00f3n, firmada por&nbsp;<strong>Sheinbaum<\/strong>&nbsp;Pardo, la consejera adjunta del ejecutivo federal, Claudia Luengas Escudero, pide que sea presentada en el periodo ordinario de sesiones que iniciar\u00e1 en febrero pr\u00f3ximo.<\/p>\n","protected":false},"excerpt":{"rendered":"<p>La presidenta&nbsp;Claudia Sheinbaum Pardo&nbsp;solicit\u00f3 a la&nbsp;C\u00e1mara de Senadores, autorizaci\u00f3n para permitir el ingreso al territorio nacional de personal militar del ej\u00e9rcito de los&nbsp;Estados Unidos&nbsp;para que participen en la actividad de adiestramiento denominada \u201cFortalecer la Capacidad de las Fuerzas Armadas de Operaciones Especiales de la Secretar\u00eda de&nbsp;Marina. En un comunicado que remiti\u00f3 la Secretar\u00eda de&nbsp;Gobernaci\u00f3n, remitido [&hellip;]<\/p>\n","protected":false},"author":2,"featured_media":137090,"comment_status":"open","ping_status":"open","sticky":false,"template":"","format":"standard","meta":{"footnotes":""},"categories":[63],"tags":[],"class_list":["post-137089","post","type-post","status-publish","format-standard","has-post-thumbnail","hentry","category-editorial"],"_links":{"self":[{"href":"http:\/\/elcuartopoder.com.mx\/nw\/wp-json\/wp\/v2\/posts\/137089","targetHints":{"allow":["GET"]}}],"collection":[{"href":"http:\/\/elcuartopoder.com.mx\/nw\/wp-json\/wp\/v2\/posts"}],"about":[{"href":"http:\/\/elcuartopoder.com.mx\/nw\/wp-json\/wp\/v2\/types\/post"}],"author":[{"embeddable":true,"href":"http:\/\/elcuartopoder.com.mx\/nw\/wp-json\/wp\/v2\/users\/2"}],"replies":[{"embeddable":true,"href":"http:\/\/elcuartopoder.com.mx\/nw\/wp-json\/wp\/v2\/comments?post=137089"}],"version-history":[{"count":1,"href":"http:\/\/elcuartopoder.com.mx\/nw\/wp-json\/wp\/v2\/posts\/137089\/revisions"}],"predecessor-version":[{"id":137091,"href":"http:\/\/elcuartopoder.com.mx\/nw\/wp-json\/wp\/v2\/posts\/137089\/revisions\/137091"}],"wp:featuredmedia":[{"embeddable":true,"href":"http:\/\/elcuartopoder.com.mx\/nw\/wp-json\/wp\/v2\/media\/137090"}],"wp:attachment":[{"href":"http:\/\/elcuartopoder.com.mx\/nw\/wp-json\/wp\/v2\/media?parent=137089"}],"wp:term":[{"taxonomy":"category","embeddable":true,"href":"http:\/\/elcuartopoder.com.mx\/nw\/wp-json\/wp\/v2\/categories?post=137089"},{"taxonomy":"post_tag","embeddable":true,"href":"http:\/\/elcuartopoder.com.mx\/nw\/wp-json\/wp\/v2\/tags?post=137089"}],"curies":[{"name":"wp","href":"https:\/\/api.w.org\/{rel}","templated":true}]}}