{"id":137368,"date":"2025-01-30T11:29:09","date_gmt":"2025-01-30T16:29:09","guid":{"rendered":"https:\/\/elcuartopoder.com.mx\/nw\/?p=137368"},"modified":"2025-01-30T11:29:10","modified_gmt":"2025-01-30T16:29:10","slug":"eu-evaluara-nueva-ronda-de-aranceles-para-mexico-y-canada-en-abril","status":"publish","type":"post","link":"http:\/\/elcuartopoder.com.mx\/nw\/politica\/eu-evaluara-nueva-ronda-de-aranceles-para-mexico-y-canada-en-abril\/","title":{"rendered":"EU evaluar\u00e1 nueva ronda de aranceles para M\u00e9xico y Canad\u00e1 en abril"},"content":{"rendered":"\n<p>Howard Lutnick, nominado para ocupar la Secretar\u00eda de Comercio de Estados Unidos, anunci\u00f3 que en abril se tomar\u00e1 una decisi\u00f3n sobre una&nbsp;<strong>nueva ronda de aranceles dirigidos a M\u00e9xico y Canad\u00e1<\/strong>, adicionales a las medidas arancelarias ya propuestas por el presidente Donald Trump.<\/p>\n\n\n\n<h2 class=\"wp-block-heading\">Aranceles del 25% podr\u00edan no aplicarse si se toman medidas&nbsp;<\/h2>\n\n\n\n<p>Durante su audiencia de confirmaci\u00f3n en el Senado, Lutnick explic\u00f3 que los aranceles del 25 por ciento contra los socios comerciales de Norteam\u00e9rica podr\u00edan no aplicarse si estos pa\u00edses refuerzan el&nbsp;control en sus fronteras&nbsp;y combaten el&nbsp;tr\u00e1fico de fentanilo.<\/p>\n\n\n\n<p>Asimismo, se\u00f1al\u00f3 que Trump ha ordenado la implementaci\u00f3n de dos tipos de aranceles: uno con el objetivo de presionar a M\u00e9xico y Canad\u00e1 para frenar el flujo de drogas hacia Estados Unidos, y otro cuya aprobaci\u00f3n se definir\u00e1 en abril.<\/p>\n\n\n\n<blockquote class=\"wp-block-quote is-layout-flow wp-block-quote-is-layout-flow\">\n<p><em>\u201cNo es un arancel per se. Es una acci\u00f3n de pol\u00edtica dom\u00e9stica; cierren su fronteras y detengan el fentanilo que entra en nuestro pa\u00eds y mata a la gente. Es un arancel para conseguir acciones en M\u00e9xico y de Canad\u00e1. Y hasta donde yo s\u00e9 est\u00e1n actuando r\u00e1pido y si siguen as\u00ed no habr\u00e1 aranceles\u201d.<\/em><\/p>\n<\/blockquote>\n\n\n\n<h2 class=\"wp-block-heading\">Aranceles de Trump podr\u00eda favorecer a China en el comercio global<\/h2>\n\n\n\n<p>Expertos en comercio exterior han advertido que la decisi\u00f3n de Trump de aplicar aranceles del 25% a las importaciones provenientes de M\u00e9xico y Canad\u00e1 podr\u00eda tener consecuencias adversas para Estados Unidos.<\/p>\n\n\n\n<p>A su juicio, esta medida perjudicar\u00eda a la econom\u00eda estadounidense y fortalecer\u00eda la posici\u00f3n de China como principal beneficiario en el comercio global.<\/p>\n\n\n\n<p><strong>Kenneth Smith Ramos<\/strong>, exjefe de la negociaci\u00f3n t\u00e9cnica para el T-MEC en la Secretar\u00eda de Econom\u00eda, expuso en X (antes Twitter):<\/p>\n\n\n\n<blockquote class=\"wp-block-quote is-layout-flow wp-block-quote-is-layout-flow\">\n<p><em>\u00abImponer aranceles y generar desorden econ\u00f3mico en Am\u00e9rica del Norte tiene un claro ganador: China. La unidad y la integraci\u00f3n entre M\u00e9xico, Canad\u00e1 y Estados Unidos son las \u00fanicas soluciones a los desaf\u00edos econ\u00f3micos de nuestra regi\u00f3n. El proteccionismo es una receta para el desastre\u00bb.<\/em><\/p>\n<\/blockquote>\n\n\n\n<p>Smith Ramos tambi\u00e9n habl\u00f3 sobre las repercusiones en los precios en el mercado estadounidense.<\/p>\n\n\n\n<blockquote class=\"wp-block-quote is-layout-flow wp-block-quote-is-layout-flow\">\n<p><em>\u00abBuena suerte compitiendo con China si se suspende el T-MEC. Esto tambi\u00e9n provocar\u00eda un aumento inmediato en los precios de productos agr\u00edcolas clave en Estados Unidos, como berries, aguacates, tomates, pimientos y c\u00edtricos, que en su mayor\u00eda provienen de M\u00e9xico. El mismo impacto inflacionario se sentir\u00eda en cientos de bienes de consumo y electrodom\u00e9sticos\u00bb.<\/em><\/p>\n<\/blockquote>\n\n\n\n<p><em>Con informaci\u00f3n de Pol\u00edtico MX y Reforma&nbsp;<\/em><\/p>\n","protected":false},"excerpt":{"rendered":"<p>Howard Lutnick, nominado para ocupar la Secretar\u00eda de Comercio de Estados Unidos, anunci\u00f3 que en abril se tomar\u00e1 una decisi\u00f3n sobre una&nbsp;nueva ronda de aranceles dirigidos a M\u00e9xico y Canad\u00e1, adicionales a las medidas arancelarias ya propuestas por el presidente Donald Trump. Aranceles del 25% podr\u00edan no aplicarse si se toman medidas&nbsp; Durante su audiencia [&hellip;]<\/p>\n","protected":false},"author":2,"featured_media":137369,"comment_status":"open","ping_status":"open","sticky":false,"template":"","format":"standard","meta":{"footnotes":""},"categories":[61],"tags":[],"class_list":["post-137368","post","type-post","status-publish","format-standard","has-post-thumbnail","hentry","category-politica"],"_links":{"self":[{"href":"http:\/\/elcuartopoder.com.mx\/nw\/wp-json\/wp\/v2\/posts\/137368","targetHints":{"allow":["GET"]}}],"collection":[{"href":"http:\/\/elcuartopoder.com.mx\/nw\/wp-json\/wp\/v2\/posts"}],"about":[{"href":"http:\/\/elcuartopoder.com.mx\/nw\/wp-json\/wp\/v2\/types\/post"}],"author":[{"embeddable":true,"href":"http:\/\/elcuartopoder.com.mx\/nw\/wp-json\/wp\/v2\/users\/2"}],"replies":[{"embeddable":true,"href":"http:\/\/elcuartopoder.com.mx\/nw\/wp-json\/wp\/v2\/comments?post=137368"}],"version-history":[{"count":1,"href":"http:\/\/elcuartopoder.com.mx\/nw\/wp-json\/wp\/v2\/posts\/137368\/revisions"}],"predecessor-version":[{"id":137370,"href":"http:\/\/elcuartopoder.com.mx\/nw\/wp-json\/wp\/v2\/posts\/137368\/revisions\/137370"}],"wp:featuredmedia":[{"embeddable":true,"href":"http:\/\/elcuartopoder.com.mx\/nw\/wp-json\/wp\/v2\/media\/137369"}],"wp:attachment":[{"href":"http:\/\/elcuartopoder.com.mx\/nw\/wp-json\/wp\/v2\/media?parent=137368"}],"wp:term":[{"taxonomy":"category","embeddable":true,"href":"http:\/\/elcuartopoder.com.mx\/nw\/wp-json\/wp\/v2\/categories?post=137368"},{"taxonomy":"post_tag","embeddable":true,"href":"http:\/\/elcuartopoder.com.mx\/nw\/wp-json\/wp\/v2\/tags?post=137368"}],"curies":[{"name":"wp","href":"https:\/\/api.w.org\/{rel}","templated":true}]}}