{"id":137380,"date":"2025-01-30T11:42:24","date_gmt":"2025-01-30T16:42:24","guid":{"rendered":"https:\/\/elcuartopoder.com.mx\/nw\/?p=137380"},"modified":"2025-01-30T11:42:26","modified_gmt":"2025-01-30T16:42:26","slug":"agenda-2045-de-la-onu-es-un-llamado-a-la-accion-unam","status":"publish","type":"post","link":"http:\/\/elcuartopoder.com.mx\/nw\/nacionales\/agenda-2045-de-la-onu-es-un-llamado-a-la-accion-unam\/","title":{"rendered":"Agenda 2045 de la ONU es un llamado a la acci\u00f3n: UNAM"},"content":{"rendered":"\n<p><em>Ciudad de M\u00e9xico.<\/em>&nbsp;La \u00abAgenda 2045-Pacto para el Futuro\u00bb de la Organizaci\u00f3n de las Naciones Unidas (ONU) no puede ser s\u00f3lo una declaraci\u00f3n de intenciones, es un llamado a la acci\u00f3n, cuyas decisiones impactar\u00e1n a futuras generaciones y a millones de especies, se\u00f1al\u00f3 el rector Leonardo Lomel\u00ed Vanegas de la Universidad Nacional Aut\u00f3noma de M\u00e9xico (UNAM).<\/p>\n\n\n\n<p>Durante la ceremonia de inauguraci\u00f3n del certamen \u201cTriada sustentable y sostenible: Visi\u00f3n 2045\u201d, el rector de la m\u00e1xima casa de estudios precis\u00f3 que la sostenibilidad requiere \u00e9tica, responsabilidad compartida y justicia socioambiental.<\/p>\n\n\n\n<p>Implica, dijo, reconciliar a la humanidad con su entorno mediante acuerdos intergeneracionales y globales, por ello, el objetivo \u201ces claro\u201d, convertir la agenda de la sustentabilidad en una realidad tangible, que nazca de las voces y reflexiones de la juventud.<\/p>\n\n\n\n<p>Apunt\u00f3 que la ONU, la UNAM y la organizaci\u00f3n Lobbying Social encontraron un punto en com\u00fan: crear foros de participaci\u00f3n, incentivar el pensamiento informado y, sobre todo, fortalecer el sentido de pertenencia entre los j\u00f3venes.<\/p>\n\n\n\n<p>\u201cEs nuestra comunidad estudiantil (de nivel bachillerato e iniciaci\u00f3n universitaria) la que tomar\u00e1 la palabra a trav\u00e9s de la fotograf\u00eda, la literatura y el video\u201d en este concurso. El rector mencion\u00f3 que no basta con comprender los problemas, \u201ces imprescindible actuar con \u00edmpetu, creatividad y determinaci\u00f3n\u201d.<\/p>\n\n\n\n<p>Lomel\u00ed dijo que la voz de la juventud importa, \u201csus ideas rompen inercias, su imaginaci\u00f3n tiene el poder de cuestionar lo establecido y proponer alternativas\u201d. Les pidi\u00f3 expr\u00e9sense con libertad y convertir sus anhelos en la hoja de ruta del mundo que desean.<\/p>\n\n\n\n<p>Durante este a\u00f1o, a trav\u00e9s de dos temporadas, los estudiantes podr\u00e1n participar explorando los objetivos de desarrollo sostenible desde su realidad para contar historias que sensibilicen y formular soluciones innovadoras.<\/p>\n\n\n\n<p>Rafael Estrada Cano, de Lobbying Social, organizaci\u00f3n que colaborar\u00e1 con la UNAM y la ONU en este concurso, inform\u00f3 que el registro para participar iniciar\u00e1 el 17 de febrero y habr\u00e1 est\u00edmulos en efectivo para los estudiantes. La primera etapa ser\u00e1 s\u00f3lo para j\u00f3venes que bachillerato e iniciaci\u00f3n; en la segunda, se incluir\u00e1 tesis de licenciatura y posgrado que retomen alguno de los Objetivos de Desarrollo Sostenible (ODS) de la ONU para promover una tema o plantear una soluci\u00f3n al respecto.<\/p>\n\n\n\n<p>En tanto, Mariana Castro \u00c1lvarez del Centro de Informaci\u00f3n de la ONU para M\u00e9xico, Cuba y Rep\u00fablica Dominicana, record\u00f3 que el Pacto para el Futuro es el m\u00e1s reciente acuerdo de las Naciones Unidas, \u201cla agenda 2030 es el qu\u00e9 y el pacto es el c\u00f3mo\u201d. Se\u00f1al\u00f3 la importancia de que las decisiones de la juventud sean consideradas en todos los niveles de decisi\u00f3n, pues s\u00f3lo as\u00ed ser\u00e1n parte del cambio.<\/p>\n","protected":false},"excerpt":{"rendered":"<p>Ciudad de M\u00e9xico.&nbsp;La \u00abAgenda 2045-Pacto para el Futuro\u00bb de la Organizaci\u00f3n de las Naciones Unidas (ONU) no puede ser s\u00f3lo una declaraci\u00f3n de intenciones, es un llamado a la acci\u00f3n, cuyas decisiones impactar\u00e1n a futuras generaciones y a millones de especies, se\u00f1al\u00f3 el rector Leonardo Lomel\u00ed Vanegas de la Universidad Nacional Aut\u00f3noma de M\u00e9xico (UNAM). [&hellip;]<\/p>\n","protected":false},"author":2,"featured_media":137381,"comment_status":"open","ping_status":"open","sticky":false,"template":"","format":"standard","meta":{"footnotes":""},"categories":[55],"tags":[],"class_list":["post-137380","post","type-post","status-publish","format-standard","has-post-thumbnail","hentry","category-nacionales"],"_links":{"self":[{"href":"http:\/\/elcuartopoder.com.mx\/nw\/wp-json\/wp\/v2\/posts\/137380","targetHints":{"allow":["GET"]}}],"collection":[{"href":"http:\/\/elcuartopoder.com.mx\/nw\/wp-json\/wp\/v2\/posts"}],"about":[{"href":"http:\/\/elcuartopoder.com.mx\/nw\/wp-json\/wp\/v2\/types\/post"}],"author":[{"embeddable":true,"href":"http:\/\/elcuartopoder.com.mx\/nw\/wp-json\/wp\/v2\/users\/2"}],"replies":[{"embeddable":true,"href":"http:\/\/elcuartopoder.com.mx\/nw\/wp-json\/wp\/v2\/comments?post=137380"}],"version-history":[{"count":1,"href":"http:\/\/elcuartopoder.com.mx\/nw\/wp-json\/wp\/v2\/posts\/137380\/revisions"}],"predecessor-version":[{"id":137382,"href":"http:\/\/elcuartopoder.com.mx\/nw\/wp-json\/wp\/v2\/posts\/137380\/revisions\/137382"}],"wp:featuredmedia":[{"embeddable":true,"href":"http:\/\/elcuartopoder.com.mx\/nw\/wp-json\/wp\/v2\/media\/137381"}],"wp:attachment":[{"href":"http:\/\/elcuartopoder.com.mx\/nw\/wp-json\/wp\/v2\/media?parent=137380"}],"wp:term":[{"taxonomy":"category","embeddable":true,"href":"http:\/\/elcuartopoder.com.mx\/nw\/wp-json\/wp\/v2\/categories?post=137380"},{"taxonomy":"post_tag","embeddable":true,"href":"http:\/\/elcuartopoder.com.mx\/nw\/wp-json\/wp\/v2\/tags?post=137380"}],"curies":[{"name":"wp","href":"https:\/\/api.w.org\/{rel}","templated":true}]}}