{"id":137499,"date":"2025-02-04T10:33:50","date_gmt":"2025-02-04T15:33:50","guid":{"rendered":"https:\/\/elcuartopoder.com.mx\/nw\/?p=137499"},"modified":"2025-02-04T10:33:52","modified_gmt":"2025-02-04T15:33:52","slug":"geavig-detecta-20-casos-de-delitos-sexuales-a-menores-en-cancun","status":"publish","type":"post","link":"http:\/\/elcuartopoder.com.mx\/nw\/estatales\/geavig-detecta-20-casos-de-delitos-sexuales-a-menores-en-cancun\/","title":{"rendered":"Geavig detecta 20 casos de delitos sexuales a menores en Canc\u00fan"},"content":{"rendered":"\n<p>De 5 mil atenciones que el Grupo Especializado en Atenci\u00f3n a la Violencia Familiar y de G\u00e9nero (<strong>Geavig<\/strong>) dio a ni\u00f1os y ni\u00f1as en las escuelas del&nbsp;<strong>municipio de Benito Ju\u00e1rez&nbsp;<\/strong>como parte del programa&nbsp;<em>\u201cEscudo\u201d<\/em>, se lograron identificar 20 casos de menores v\u00edctimas de alg\u00fan delito sexual.<\/p>\n\n\n\n<p>Adela Jim\u00e9nez Izquierdo, titular de este grupo adscrito a la&nbsp;<strong>Secretar\u00eda de Seguridad Ciudadana y Tr\u00e1nsito municipal<\/strong>, coment\u00f3 que estos casos ya son seguidos por la Fiscal\u00eda General del Estado (<strong>FGE<\/strong>).&nbsp;<\/p>\n\n\n\n<blockquote class=\"wp-block-quote is-layout-flow wp-block-quote-is-layout-flow\">\n<p><em>\u201cTuvimos como 20 intervenciones, eso para nosotros es un n\u00famero importante, porque quiere decir que se da la identificaci\u00f3n en el momento en que se les est\u00e1 transmitiendo la informaci\u00f3n. quiere decir que estamos captando, entonces que el mensaje est\u00e1 llegando como debe de ser y poder desarrollar todo el trabajo integral con las ni\u00f1as y los ni\u00f1os en ese momento\u201d<\/em>.<\/p>\n<\/blockquote>\n\n\n\n<p>Detall\u00f3 que los 20 casos detectados durante las pl\u00e1ticas de<strong>l programa \u201cEscudo\u201d<\/strong>&nbsp;ya fueron canalizados hacia la FGE, que ya tiene las carpetas de investigaci\u00f3n y se est\u00e1 siguiendo el&nbsp;<strong>procedimiento para atender estas situaciones<\/strong>.<\/p>\n\n\n\n<p>La funcionaria reiter\u00f3 que en casi el 90% de los casos detectados, dichas agresiones ocurrieron dentro de casa, es decir, dentro de la esfera familiar y cercana a los menores de edad.<\/p>\n","protected":false},"excerpt":{"rendered":"<p>De 5 mil atenciones que el Grupo Especializado en Atenci\u00f3n a la Violencia Familiar y de G\u00e9nero (Geavig) dio a ni\u00f1os y ni\u00f1as en las escuelas del&nbsp;municipio de Benito Ju\u00e1rez&nbsp;como parte del programa&nbsp;\u201cEscudo\u201d, se lograron identificar 20 casos de menores v\u00edctimas de alg\u00fan delito sexual. Adela Jim\u00e9nez Izquierdo, titular de este grupo adscrito a la&nbsp;Secretar\u00eda [&hellip;]<\/p>\n","protected":false},"author":2,"featured_media":137500,"comment_status":"open","ping_status":"open","sticky":false,"template":"","format":"standard","meta":{"footnotes":""},"categories":[60],"tags":[],"class_list":["post-137499","post","type-post","status-publish","format-standard","has-post-thumbnail","hentry","category-estatales"],"_links":{"self":[{"href":"http:\/\/elcuartopoder.com.mx\/nw\/wp-json\/wp\/v2\/posts\/137499","targetHints":{"allow":["GET"]}}],"collection":[{"href":"http:\/\/elcuartopoder.com.mx\/nw\/wp-json\/wp\/v2\/posts"}],"about":[{"href":"http:\/\/elcuartopoder.com.mx\/nw\/wp-json\/wp\/v2\/types\/post"}],"author":[{"embeddable":true,"href":"http:\/\/elcuartopoder.com.mx\/nw\/wp-json\/wp\/v2\/users\/2"}],"replies":[{"embeddable":true,"href":"http:\/\/elcuartopoder.com.mx\/nw\/wp-json\/wp\/v2\/comments?post=137499"}],"version-history":[{"count":1,"href":"http:\/\/elcuartopoder.com.mx\/nw\/wp-json\/wp\/v2\/posts\/137499\/revisions"}],"predecessor-version":[{"id":137501,"href":"http:\/\/elcuartopoder.com.mx\/nw\/wp-json\/wp\/v2\/posts\/137499\/revisions\/137501"}],"wp:featuredmedia":[{"embeddable":true,"href":"http:\/\/elcuartopoder.com.mx\/nw\/wp-json\/wp\/v2\/media\/137500"}],"wp:attachment":[{"href":"http:\/\/elcuartopoder.com.mx\/nw\/wp-json\/wp\/v2\/media?parent=137499"}],"wp:term":[{"taxonomy":"category","embeddable":true,"href":"http:\/\/elcuartopoder.com.mx\/nw\/wp-json\/wp\/v2\/categories?post=137499"},{"taxonomy":"post_tag","embeddable":true,"href":"http:\/\/elcuartopoder.com.mx\/nw\/wp-json\/wp\/v2\/tags?post=137499"}],"curies":[{"name":"wp","href":"https:\/\/api.w.org\/{rel}","templated":true}]}}