{"id":137509,"date":"2025-02-05T09:17:05","date_gmt":"2025-02-05T14:17:05","guid":{"rendered":"https:\/\/elcuartopoder.com.mx\/nw\/?p=137509"},"modified":"2025-02-05T09:17:07","modified_gmt":"2025-02-05T14:17:07","slug":"guantanamo-resurge-como-carcel-permanente-para-los-indocumentados","status":"publish","type":"post","link":"http:\/\/elcuartopoder.com.mx\/nw\/internacionales\/guantanamo-resurge-como-carcel-permanente-para-los-indocumentados\/","title":{"rendered":"Guant\u00e1namo resurge como c\u00e1rcel permanente para los indocumentados"},"content":{"rendered":"\n<p>Durante unos cuantos a\u00f1os, la bah\u00eda de&nbsp;<strong>Guant\u00e1namo<\/strong>&nbsp;hab\u00eda ca\u00eddo en el letargo del olvido, su nombre apenas un eco de la guerra contra el terror. Solo quince prisioneros permanec\u00edan en sus celdas, espectros de un conflicto que el tiempo y la burocracia dejaron&nbsp;&#8230;<\/p>\n","protected":false},"excerpt":{"rendered":"<p>Durante unos cuantos a\u00f1os, la bah\u00eda de&nbsp;Guant\u00e1namo&nbsp;hab\u00eda ca\u00eddo en el letargo del olvido, su nombre apenas un eco de la guerra contra el terror. Solo quince prisioneros permanec\u00edan en sus celdas, espectros de un conflicto que el tiempo y la burocracia dejaron&nbsp;&#8230;<\/p>\n","protected":false},"author":2,"featured_media":137510,"comment_status":"open","ping_status":"open","sticky":false,"template":"","format":"standard","meta":{"footnotes":""},"categories":[8],"tags":[],"class_list":["post-137509","post","type-post","status-publish","format-standard","has-post-thumbnail","hentry","category-internacionales"],"_links":{"self":[{"href":"http:\/\/elcuartopoder.com.mx\/nw\/wp-json\/wp\/v2\/posts\/137509","targetHints":{"allow":["GET"]}}],"collection":[{"href":"http:\/\/elcuartopoder.com.mx\/nw\/wp-json\/wp\/v2\/posts"}],"about":[{"href":"http:\/\/elcuartopoder.com.mx\/nw\/wp-json\/wp\/v2\/types\/post"}],"author":[{"embeddable":true,"href":"http:\/\/elcuartopoder.com.mx\/nw\/wp-json\/wp\/v2\/users\/2"}],"replies":[{"embeddable":true,"href":"http:\/\/elcuartopoder.com.mx\/nw\/wp-json\/wp\/v2\/comments?post=137509"}],"version-history":[{"count":1,"href":"http:\/\/elcuartopoder.com.mx\/nw\/wp-json\/wp\/v2\/posts\/137509\/revisions"}],"predecessor-version":[{"id":137511,"href":"http:\/\/elcuartopoder.com.mx\/nw\/wp-json\/wp\/v2\/posts\/137509\/revisions\/137511"}],"wp:featuredmedia":[{"embeddable":true,"href":"http:\/\/elcuartopoder.com.mx\/nw\/wp-json\/wp\/v2\/media\/137510"}],"wp:attachment":[{"href":"http:\/\/elcuartopoder.com.mx\/nw\/wp-json\/wp\/v2\/media?parent=137509"}],"wp:term":[{"taxonomy":"category","embeddable":true,"href":"http:\/\/elcuartopoder.com.mx\/nw\/wp-json\/wp\/v2\/categories?post=137509"},{"taxonomy":"post_tag","embeddable":true,"href":"http:\/\/elcuartopoder.com.mx\/nw\/wp-json\/wp\/v2\/tags?post=137509"}],"curies":[{"name":"wp","href":"https:\/\/api.w.org\/{rel}","templated":true}]}}