{"id":137512,"date":"2025-02-05T09:19:28","date_gmt":"2025-02-05T14:19:28","guid":{"rendered":"https:\/\/elcuartopoder.com.mx\/nw\/?p=137512"},"modified":"2025-02-05T09:19:30","modified_gmt":"2025-02-05T14:19:30","slug":"el-rey-carlos-iii-se-convierte-en-competencia-directa-de-meghan-markle-con-el-anuncio-del-documental-que-prepara","status":"publish","type":"post","link":"http:\/\/elcuartopoder.com.mx\/nw\/entretenimiento\/espectaculos\/el-rey-carlos-iii-se-convierte-en-competencia-directa-de-meghan-markle-con-el-anuncio-del-documental-que-prepara\/","title":{"rendered":"El Rey Carlos III se convierte en competencia directa de Meghan Markle con el anuncio del documental que prepara"},"content":{"rendered":"\n<p>La vida que emprendieron el&nbsp;<strong>Pr\u00edncipe Harry<\/strong>&nbsp;y&nbsp;<strong>Meghan Markle<\/strong>&nbsp;desde su salida de la Familia Real brit\u00e1nica pasaba por una significativa decisi\u00f3n con la que romp\u00edan cualquier lazo familiar que les quedase en Reino Unido. El documental que llevaba el nombre de la pareja fue el salto de los exmiembros de la&nbsp;<a href=\"https:\/\/www.abc.es\/gente\/crece-preocupacion-salud-carlos-iii-segun-pilar-20250129114506-nt.html\">Corona<\/a>&nbsp;al mundo del streaming para expresar con m\u00e1s sinceridad que nunca el relato hasta entonces silenciado de su historia personal y sentimental. Con pocos episodios, Harry y Meghan ingresaron lo suficiente para reconstruir su vida en Montecito y descubrieron el mundo audiovisual del que ya no se despegan.<\/p>\n\n\n\n<p>Casi en paralelo al enfrentamiento que viv\u00eda la\u00a0<a href=\"https:\/\/www.abc.es\/gente\/principe-andres-advierte-carlos-iii-ultimatum-saca-20250115182808-nt.html\">Casa Real<\/a>\u00a0con la salida de Harry, su hermano tambi\u00e9n se sumaba al carro del documental real con el suyo propio. Y para desbancarse de lo que se consider\u00f3 una producci\u00f3n para desvelar una cara desconocida de la Corona, el del\u00a0<strong>Pr\u00edncipe Guillermo<\/strong>\u00a0hablaba de las diferentes iniciativas que pod\u00edan llevarse a cabo para ayudar a las personas en situaci\u00f3n vulnerable aunque no estuvo exento del recuerdo de su madre. Ahora, el\u00a0<strong>Rey Carlos III<\/strong>\u00a0ha dado un nuevo golpe sobre la mesa con un proyecto en forma de documental con el que abre la puerta a competir con su familia por las audiencias.<br><br>Seg\u00fan desvelaba el pasado fin de semana el diario &#8216;The Times&#8217;, el monarca brit\u00e1nico se encuentra dividiendo su tiempo entre los asuntos oficiales y las grabaciones de un nuevo documental en Dumfries House que se espera salga a la luz a finales de este a\u00f1o. Tras un 2024 marcado por su enfermedad,&nbsp;<a href=\"https:\/\/www.abc.es\/gente\/rey-carlos-iii-pone-nombre-grano-real-20241114134749-nt.html\">Carlos III<\/a>&nbsp;ha decidido no echar m\u00e1s le\u00f1a al fuego de la historia familiar para mostrarse m\u00e1s filos\u00f3fico tratando c\u00f3mo las personas, la naturaleza y el entorno est\u00e1n conectados entre s\u00ed. Este documental no es el primer proyecto del Rey que versa sobre esta reflexi\u00f3n, en 2010 ya public\u00f3 un libro que defend\u00eda mirar el mundo desde su armon\u00eda. \u00abEsta es una oportunidad para &#8216;mostrar, no contar&#8217; c\u00f3mo pueden transformar a las personas, los lugares y, en \u00faltima instancia, el planeta. Creo que muchos se sorprender\u00e1n genuinamente por la escala, el alcance y la visi\u00f3n de todo esto, para lo cual Dumfries House sigue siendo el &#8216;laboratorio viviente&#8217;\u00bb, han expresado sobre el objetivo del documental.<\/p>\n\n\n\n<p>\u00abAnsioso por ver c\u00f3mo se puede comunicar el concepto Harmony a una audiencia nueva e internacional, utilizando algunos de los mejores talentos creativos de la televisi\u00f3n\u00bb, Carlos III tambi\u00e9n pretende centrar su nuevo proyecto profesional en su faceta m\u00e1s solidaria y protectora de la naturaleza con labores que buscan evitar la crisis ambiental. El\u00a0<a href=\"https:\/\/www.abc.es\/gente\/carlos-iii-elimina-proteccion-principe-andres-fin-20240819150309-nt.html\">Rey<\/a>\u00a0a lo largo de su vida ha impulsado de diferentes maneras acciones para concienciar sobre la necesidad de luchar contra esta problem\u00e1tica social, y ahora con su documental espera poder alcanzar nuevas audiencias con el mismo mensaje.<br><br>Pero lo que menos ha pasado desapercibido para la prensa es la plataforma elegida por el monarca para llevar a cabo la producci\u00f3n de su documental. Siendo la BBC y la ITV sus canales de referencia para producciones similares, esta vez el Rey ha firmado con Amazon con una decisi\u00f3n que especulan pueda tener la intenci\u00f3n de competir directamente contra su&nbsp;<a href=\"https:\/\/www.abc.es\/gente\/decision-deben-tomar-kate-middleton-principe-guillermo-20240807135737-nt.html\">hijo<\/a>&nbsp;y su mujer que trabajan con Netflix, principal plataforma competidora en el mundo del streaming. \u00abNo es la mejor noticia para el rival de Amazon, Netflix, que tiene un acuerdo millonario de varios a\u00f1os con los duques de Sussex\u00bb, han expresado desde &#8216;The Times&#8217; asegurando que el Rey tambi\u00e9n se reuni\u00f3 con otras plataformas hasta elegir la definitiva.<\/p>\n\n\n\n<p>Aunque han dejado claro que el proyecto de Carlos III no tendr\u00e1 minutos de pol\u00e9micas, el anuncio llega en un momento en el que est\u00e1 pendiente de estrenarse la nueva docuserie sobre el estilo de vida de Meghan Markle. Obligado a mantenerse neutral, la plataforma y huir de los asuntos controvertidos para los medios son una declaraci\u00f3n de intenciones en la presente etapa de recuperaci\u00f3n del monarca en la que entra en sus planes acercarse m\u00e1s al p\u00fablico y mostrarse como nunca antes se hab\u00eda imaginado. Por el momento no se han conocido m\u00e1s detalles del documental, que podr\u00eda contar con la voz del monarca como narrador en un rol que ya prob\u00f3 su hermano en su carrera en el mundo audiovisual con reportajes de la historia brit\u00e1nica.<\/p>\n\n\n\n<p>Fuente: ABC<\/p>\n","protected":false},"excerpt":{"rendered":"<p>La vida que emprendieron el&nbsp;Pr\u00edncipe Harry&nbsp;y&nbsp;Meghan Markle&nbsp;desde su salida de la Familia Real brit\u00e1nica pasaba por una significativa decisi\u00f3n con la que romp\u00edan cualquier lazo familiar que les quedase en Reino Unido. El documental que llevaba el nombre de la pareja fue el salto de los exmiembros de la&nbsp;Corona&nbsp;al mundo del streaming para expresar con [&hellip;]<\/p>\n","protected":false},"author":2,"featured_media":137513,"comment_status":"open","ping_status":"open","sticky":false,"template":"","format":"standard","meta":{"footnotes":""},"categories":[11],"tags":[],"class_list":["post-137512","post","type-post","status-publish","format-standard","has-post-thumbnail","hentry","category-espectaculos"],"_links":{"self":[{"href":"http:\/\/elcuartopoder.com.mx\/nw\/wp-json\/wp\/v2\/posts\/137512","targetHints":{"allow":["GET"]}}],"collection":[{"href":"http:\/\/elcuartopoder.com.mx\/nw\/wp-json\/wp\/v2\/posts"}],"about":[{"href":"http:\/\/elcuartopoder.com.mx\/nw\/wp-json\/wp\/v2\/types\/post"}],"author":[{"embeddable":true,"href":"http:\/\/elcuartopoder.com.mx\/nw\/wp-json\/wp\/v2\/users\/2"}],"replies":[{"embeddable":true,"href":"http:\/\/elcuartopoder.com.mx\/nw\/wp-json\/wp\/v2\/comments?post=137512"}],"version-history":[{"count":1,"href":"http:\/\/elcuartopoder.com.mx\/nw\/wp-json\/wp\/v2\/posts\/137512\/revisions"}],"predecessor-version":[{"id":137514,"href":"http:\/\/elcuartopoder.com.mx\/nw\/wp-json\/wp\/v2\/posts\/137512\/revisions\/137514"}],"wp:featuredmedia":[{"embeddable":true,"href":"http:\/\/elcuartopoder.com.mx\/nw\/wp-json\/wp\/v2\/media\/137513"}],"wp:attachment":[{"href":"http:\/\/elcuartopoder.com.mx\/nw\/wp-json\/wp\/v2\/media?parent=137512"}],"wp:term":[{"taxonomy":"category","embeddable":true,"href":"http:\/\/elcuartopoder.com.mx\/nw\/wp-json\/wp\/v2\/categories?post=137512"},{"taxonomy":"post_tag","embeddable":true,"href":"http:\/\/elcuartopoder.com.mx\/nw\/wp-json\/wp\/v2\/tags?post=137512"}],"curies":[{"name":"wp","href":"https:\/\/api.w.org\/{rel}","templated":true}]}}