{"id":137622,"date":"2025-02-07T13:38:38","date_gmt":"2025-02-07T18:38:38","guid":{"rendered":"https:\/\/elcuartopoder.com.mx\/nw\/?p=137622"},"modified":"2025-02-07T13:38:40","modified_gmt":"2025-02-07T18:38:40","slug":"cita-xviii-legislatura-a-5to-periodo-extraordinario-para-elegir-comite-de-eleccion-de-jueces-y-magistrados","status":"publish","type":"post","link":"http:\/\/elcuartopoder.com.mx\/nw\/estatales\/cita-xviii-legislatura-a-5to-periodo-extraordinario-para-elegir-comite-de-eleccion-de-jueces-y-magistrados\/","title":{"rendered":"Cita XVIII Legislatura a 5to. Periodo Extraordinario para elegir Comit\u00e9 de Elecci\u00f3n de jueces y magistrados"},"content":{"rendered":"\n<p><strong>CHETUMAL, MX.-<\/strong>&nbsp;Las y los diputados integrantes de la Comisi\u00f3n Permanente, conocieron el voto aprobatorio de ocho de los 11 ayuntamientos, para reformar y adicionar art\u00edculos de la Constituci\u00f3n Pol\u00edtica del Estado Libre y Soberano de Quintana Roo; as\u00ed como citar al Quinto Periodo Extraordinario de sesiones, para el lunes 10 de febrero a la 1:00 de la tarde en el recinto legislativo.<\/p>\n\n\n\n<p>Fue en la Sesi\u00f3n N\u00famero 7 de la Comisi\u00f3n Permanente del Primer Periodo de Receso Legislativo, donde los integrantes de la Comisi\u00f3n tambi\u00e9n analizaron la iniciativa con proyecto de decreto por el que se reforma la Fracci\u00f3n 1 del Art\u00edculo 269 del C\u00f3digo Penal para el Estado, con el fin de una correcta aplicaci\u00f3n al Desarrollo Urbano y evitar los fraudes inmobiliarios.<\/p>\n\n\n\n<p>Tambi\u00e9n el diputado secretario de la Comisi\u00f3n, Saulo Aguilar Bern\u00e9s, ley\u00f3 la iniciativa de la Ley Estatal de Alimentaci\u00f3n Adecuada y Sostenible, suscrita por el diputado Jorge Arturo San\u00e9n Cervantes, con el fin de garantizar los derechos de las familias en vulnerabilidad, pues el art\u00edculo 7 de dicha ley obliga al Estado a proveer a \u201ctoda persona sin posibilidad de acceder por sus propios medios a la alimentaci\u00f3n\u2026 tiene el derecho a recibir una cantidad m\u00ednima de alimentos adecuados\u2026\u201d.<\/p>\n\n\n\n<p>Un tema m\u00e1s fue la propuesta de eliminaci\u00f3n de \u201clenguajes sexistas\u201d, en todas y cada una de las leyes, reglamentos y ordenamientos del Estado y de los municipios.<\/p>\n\n\n\n<figure class=\"wp-block-image\"><img decoding=\"async\" src=\"https:\/\/noticaribe.com.mx\/wp\/wp-content\/uploads\/2025\/02\/IMG-20250206-WA0070.jpg\" alt=\"\" class=\"wp-image-745679\"\/><\/figure>\n\n\n\n<p>En la Sesi\u00f3n, el diputado secretario Saulo inform\u00f3 que 8 municipios aprobaron la reforma al art\u00edculo 6, para fortalecer el derecho a la informaci\u00f3n p\u00fablica y la protecci\u00f3n de datos personales, garantizando mayor transparencia en el acceso a la informaci\u00f3n. Estos fueron: Puerto Morelos, Oth\u00f3n P. Blanco, Solidaridad, Benito Ju\u00e1rez, Felipe Carrillo Puerto, Bacalar, Isla Mujeres y L\u00e1zaro C\u00e1rdenas; por ello, \u201cla Honorable XVIII Legislatura, declara, se reforman, adicionan y derogan diversas disposiciones de la Constituci\u00f3n Pol\u00edtica del Estado de Quintana Roo\u201d, enfatiz\u00f3 la presidenta de la Comisi\u00f3n, Luz Gabriela Mora Castillo.<\/p>\n\n\n\n<p>En cuanto a la Reforma al art\u00edculo 29, que tiene que ver con la coordinaci\u00f3n de los organismos de procuraci\u00f3n de justicia, permitiendo una labor m\u00e1s eficiente en seguridad y justicia, alineada con las estrategias federales; los cabildos que aprobaron fueron: Puerto Morelos, Oth\u00f3n P. Blanco, Solidaridad, Benito Ju\u00e1rez, Felipe Carrillo Puerto, Bacalar, Isla Mujeres y L\u00e1zaro C\u00e1rdenas.<\/p>\n\n\n\n<p>Por \u00faltimo, la Permanente cit\u00f3 a las y los diputados integrantes de la XVIII Legislatura al Quinto periodo extraordinario de sesiones, para el lunes 10 de febrero, a las 13:00 horas, donde tratar\u00e1n la integraci\u00f3n del Comit\u00e9 de Evaluaci\u00f3n y Postulaciones de Candidatos del Tribunal Superior de Justicia de Quintana Roo; quienes aprobar\u00e1n a las y los candidatos a jueces y juezas del Estado; integrantes del Poder Judicial.<\/p>\n\n\n\n<p>Al final de la sesi\u00f3n extraordinaria, har\u00e1n la toma de protesta de los integrantes de dicho comit\u00e9, as\u00ed como la notificaci\u00f3n de su instalaci\u00f3n. (<strong>Agencia SIM<\/strong>)<\/p>\n","protected":false},"excerpt":{"rendered":"<p>CHETUMAL, MX.-&nbsp;Las y los diputados integrantes de la Comisi\u00f3n Permanente, conocieron el voto aprobatorio de ocho de los 11 ayuntamientos, para reformar y adicionar art\u00edculos de la Constituci\u00f3n Pol\u00edtica del Estado Libre y Soberano de Quintana Roo; as\u00ed como citar al Quinto Periodo Extraordinario de sesiones, para el lunes 10 de febrero a la 1:00 [&hellip;]<\/p>\n","protected":false},"author":2,"featured_media":137623,"comment_status":"open","ping_status":"open","sticky":false,"template":"","format":"standard","meta":{"footnotes":""},"categories":[60],"tags":[],"class_list":["post-137622","post","type-post","status-publish","format-standard","has-post-thumbnail","hentry","category-estatales"],"_links":{"self":[{"href":"http:\/\/elcuartopoder.com.mx\/nw\/wp-json\/wp\/v2\/posts\/137622","targetHints":{"allow":["GET"]}}],"collection":[{"href":"http:\/\/elcuartopoder.com.mx\/nw\/wp-json\/wp\/v2\/posts"}],"about":[{"href":"http:\/\/elcuartopoder.com.mx\/nw\/wp-json\/wp\/v2\/types\/post"}],"author":[{"embeddable":true,"href":"http:\/\/elcuartopoder.com.mx\/nw\/wp-json\/wp\/v2\/users\/2"}],"replies":[{"embeddable":true,"href":"http:\/\/elcuartopoder.com.mx\/nw\/wp-json\/wp\/v2\/comments?post=137622"}],"version-history":[{"count":1,"href":"http:\/\/elcuartopoder.com.mx\/nw\/wp-json\/wp\/v2\/posts\/137622\/revisions"}],"predecessor-version":[{"id":137624,"href":"http:\/\/elcuartopoder.com.mx\/nw\/wp-json\/wp\/v2\/posts\/137622\/revisions\/137624"}],"wp:featuredmedia":[{"embeddable":true,"href":"http:\/\/elcuartopoder.com.mx\/nw\/wp-json\/wp\/v2\/media\/137623"}],"wp:attachment":[{"href":"http:\/\/elcuartopoder.com.mx\/nw\/wp-json\/wp\/v2\/media?parent=137622"}],"wp:term":[{"taxonomy":"category","embeddable":true,"href":"http:\/\/elcuartopoder.com.mx\/nw\/wp-json\/wp\/v2\/categories?post=137622"},{"taxonomy":"post_tag","embeddable":true,"href":"http:\/\/elcuartopoder.com.mx\/nw\/wp-json\/wp\/v2\/tags?post=137622"}],"curies":[{"name":"wp","href":"https:\/\/api.w.org\/{rel}","templated":true}]}}