{"id":137646,"date":"2025-02-10T09:14:50","date_gmt":"2025-02-10T14:14:50","guid":{"rendered":"https:\/\/elcuartopoder.com.mx\/nw\/?p=137646"},"modified":"2025-02-10T09:14:51","modified_gmt":"2025-02-10T14:14:51","slug":"la-logica-detras-de-la-locura","status":"publish","type":"post","link":"http:\/\/elcuartopoder.com.mx\/nw\/politica\/la-logica-detras-de-la-locura\/","title":{"rendered":"la l\u00f3gica detr\u00e1s de la locura"},"content":{"rendered":"\n<p>Hay que parar de decir que Donald Trump est\u00e1 loco, enfermo de poder o es un tirano fascista. Por supuesto que lo es y ha dado suficientes pruebas de ello, pero detr\u00e1s de las amenazas expansivas (Groenlandia, Canad\u00e1, Canal de Panam\u00e1, Gaza), la guerra comercial a escala global (M\u00e9xico, Canad\u00e1, China, Uni\u00f3n Europea) y de seguridad que ha desatado hay razones econ\u00f3micas y comerciales.&nbsp;<\/p>\n\n\n\n<p>Estados Unidos tiene un fuerte d\u00e9ficit comercial con varias naciones y el nivel de vida de sus habitantes se ha deteriorado. Hay grandes sectores de su poblaci\u00f3n que est\u00e1n inconformes y hasta frustrados. El gran sue\u00f1o americano se est\u00e1 desvaneciendo y alguien debe tener la culpa. A bordo del tren de los posibles culpables viajan Biden y los dem\u00f3cratas, la \u201ccultura woke\u201d, los programas DEI y los migrantes ilegales, los \u201caliens mexicanos\u201d, sean de Guatemala, Honduras o de cualquier lugar que est\u00e9 al sur de la frontera.<\/p>\n\n\n\n<p>Los comunistas ya no existen como peligro potencial para Estados Unidos as\u00ed que durante los \u00faltimos a\u00f1os se ha machacado por los pol\u00edticos conservadores la idea de que los migrantes \u201cilegales\u201d les quitan empleos a los norteamericanos y son un peligro en t\u00e9rminos de seguridad, ambas cosas falsas.<\/p>\n\n\n\n<p>De igual manera, alguien debe tener la culpa de la crisis de fentanilo que ha cobrado cientos de miles de vida en los \u00faltimos cinco a\u00f1os. La culpa de los c\u00e1rteles mexicanos es correcta, pero solo es la mitad de la historia, la otra mitad es el consumo, las farmac\u00e9uticas y una d\u00e9bil pol\u00edtica de desaliento a las adicciones. Es decir, la otra mitad de la culpa la tienen en Estados Unidos.<\/p>\n\n\n\n<p>Ligar a los c\u00e1rteles con la migraci\u00f3n \u201cilegal\u201d era l\u00f3gico y eso hace a nuestro pa\u00eds un blanco especial. M\u00e9xico ha cometido tres pecados: fuente de las drogas, paso de migrantes y un d\u00e9ficit comercial en contra de Estados Unidos.<\/p>\n\n\n\n<p>Donald Trump aparece como el gran salvador blanco, macho, mis\u00f3gino y sin miedo a proclamar \u201cverdades\u201d, es el l\u00edder natural de los conservadores y ultraconservadores, es el representante de una generaci\u00f3n que vio a un Estados Unidos siendo la potencia mundial por excelencia, pero tambi\u00e9n es un outsider de la pol\u00edtica ineficiente de Washington, al menos as\u00ed lo perciben muchos de sus votantes.<\/p>\n\n\n\n<p>Trump sabe que su pa\u00eds declina en muchos terrenos, pero tambi\u00e9n sabe que conserva intacto su poder\u00edo militar y su enorme mercado, tan apetitoso para econom\u00edas como las de sus socios comerciales y el resto del mundo. Estas son sus armas de negociaci\u00f3n.<\/p>\n\n\n\n<p>El T-MEC tal y como terminaron de negociarlo Trump y L\u00f3pez ha sido un error para Estados Unidos, seg\u00fan el hombre naranja. A\u00f1os despu\u00e9s de su entrada en vigor, el d\u00e9ficit comercial con M\u00e9xico, China y Canad\u00e1 ha aumentado. Luego entonces, se equivoc\u00f3 en su primer periodo al presumir que era el mejor tratado comercial de la historia. Pero el magnate no se va a corregir a s\u00ed mismo por eso replantea la negociaci\u00f3n como una especie de subsidio que le dan los buenos norteamericanos a pa\u00edses como los arriba se\u00f1alados.<\/p>\n\n\n\n<p>Esto es, hay que decirlo, una renegociaci\u00f3n, pero buscando que sea desde una situaci\u00f3n de poder favorable a los EUA. Esta es la l\u00f3gica detr\u00e1s de la locura. Hay que recordar que toda guerra ideol\u00f3gica tambi\u00e9n es una guerra comercial y econ\u00f3mica.<\/p>\n\n\n\n<p>La amenaza de imponer aranceles a M\u00e9xico pas\u00f3 por se\u00f1alar una alianza con los c\u00e1rteles de la droga. Hay que leer lo que entre l\u00edneas hay en esta acusaci\u00f3n: se est\u00e1 se\u00f1alando a L\u00f3pez Obrador en espec\u00edfico con su pol\u00edtica de \u201cabrazos, no balazos\u201d. Finalmente, cuando AMLO dec\u00eda que las campa\u00f1as en su contra acus\u00e1ndolo de ser un narcopresidente le hac\u00edan \u201clo que el viento a Ju\u00e1rez\u201d, se equivocaba. Gran parte de los mexicanos y muchos pol\u00edticos norteamericanos lo creen. Esto est\u00e1 explot\u00e1ndolo Trump.<\/p>\n\n\n\n<p>Desde luego, la acusaci\u00f3n velada contra AMLO hizo sonar las alarmas en Palacio Nacional. El gobierno de Claudia puede aceptar muchas imposiciones: agentes norteamericanos en nuestro territorio, aviones esp\u00edas, barcos militares frente a las costas mexicanas, cesi\u00f3n en temas energ\u00e9ticos y agropecuarios (transg\u00e9nicos y glifosato), militarizaci\u00f3n de las fronteras, ser el tercer pa\u00eds seguro otra vez, pero nunca nada que toque el pr\u00f3cer del movimiento. Ah\u00ed s\u00ed. Patria o muerte.<\/p>\n\n\n\n<p>Por el lado de Trump es claro que est\u00e1 utilizando argumentos ideol\u00f3gicos para mejorar la situaci\u00f3n comercial y econ\u00f3mica de su pa\u00eds. Pero el problema es que las ideolog\u00edas tienen vida propia, se extienden y echan ra\u00edces profundas en los pueblos. En Estados Unidos hay un ambiente de persecuci\u00f3n y castigo en contra de los migrantes y todos los que lo parezcan, en contra de quienes reivindican derechos en las comunidades LGBT+ y contra los avances de los \u00faltimos 60 a\u00f1os. Esta ser\u00e1 la herencia de Trunp.<\/p>\n","protected":false},"excerpt":{"rendered":"<p>Hay que parar de decir que Donald Trump est\u00e1 loco, enfermo de poder o es un tirano fascista. Por supuesto que lo es y ha dado suficientes pruebas de ello, pero detr\u00e1s de las amenazas expansivas (Groenlandia, Canad\u00e1, Canal de Panam\u00e1, Gaza), la guerra comercial a escala global (M\u00e9xico, Canad\u00e1, China, Uni\u00f3n Europea) y de [&hellip;]<\/p>\n","protected":false},"author":2,"featured_media":137647,"comment_status":"open","ping_status":"open","sticky":false,"template":"","format":"standard","meta":{"footnotes":""},"categories":[61],"tags":[],"class_list":["post-137646","post","type-post","status-publish","format-standard","has-post-thumbnail","hentry","category-politica"],"_links":{"self":[{"href":"http:\/\/elcuartopoder.com.mx\/nw\/wp-json\/wp\/v2\/posts\/137646","targetHints":{"allow":["GET"]}}],"collection":[{"href":"http:\/\/elcuartopoder.com.mx\/nw\/wp-json\/wp\/v2\/posts"}],"about":[{"href":"http:\/\/elcuartopoder.com.mx\/nw\/wp-json\/wp\/v2\/types\/post"}],"author":[{"embeddable":true,"href":"http:\/\/elcuartopoder.com.mx\/nw\/wp-json\/wp\/v2\/users\/2"}],"replies":[{"embeddable":true,"href":"http:\/\/elcuartopoder.com.mx\/nw\/wp-json\/wp\/v2\/comments?post=137646"}],"version-history":[{"count":1,"href":"http:\/\/elcuartopoder.com.mx\/nw\/wp-json\/wp\/v2\/posts\/137646\/revisions"}],"predecessor-version":[{"id":137648,"href":"http:\/\/elcuartopoder.com.mx\/nw\/wp-json\/wp\/v2\/posts\/137646\/revisions\/137648"}],"wp:featuredmedia":[{"embeddable":true,"href":"http:\/\/elcuartopoder.com.mx\/nw\/wp-json\/wp\/v2\/media\/137647"}],"wp:attachment":[{"href":"http:\/\/elcuartopoder.com.mx\/nw\/wp-json\/wp\/v2\/media?parent=137646"}],"wp:term":[{"taxonomy":"category","embeddable":true,"href":"http:\/\/elcuartopoder.com.mx\/nw\/wp-json\/wp\/v2\/categories?post=137646"},{"taxonomy":"post_tag","embeddable":true,"href":"http:\/\/elcuartopoder.com.mx\/nw\/wp-json\/wp\/v2\/tags?post=137646"}],"curies":[{"name":"wp","href":"https:\/\/api.w.org\/{rel}","templated":true}]}}