{"id":137649,"date":"2025-02-10T09:16:56","date_gmt":"2025-02-10T14:16:56","guid":{"rendered":"https:\/\/elcuartopoder.com.mx\/nw\/?p=137649"},"modified":"2025-02-10T09:16:57","modified_gmt":"2025-02-10T14:16:57","slug":"ya-no-son-solo-los-narcos-eu-pone-precio-a-la-cabeza-de-migrantes-de-que-va-la-iniciativa","status":"publish","type":"post","link":"http:\/\/elcuartopoder.com.mx\/nw\/editorial\/ya-no-son-solo-los-narcos-eu-pone-precio-a-la-cabeza-de-migrantes-de-que-va-la-iniciativa\/","title":{"rendered":"Ya no son solo los narcos, EU pone precio a la cabeza de migrantes: \u00bfDe qu\u00e9 va la iniciativa?"},"content":{"rendered":"\n<p>Mientras&nbsp;<a href=\"https:\/\/www.elfinanciero.com.mx\/mundo\/2025\/02\/06\/trump-cumple-su-amenaza-demanda-a-chicago-por-dificultar-las-tareas-de-deportacion-de-migrantes\/\">Donald Trump intenta demandar a la ciudad de Chicago<\/a>&nbsp;por dificultar las tareas de&nbsp;<a href=\"https:\/\/www.elfinanciero.com.mx\/nacional\/2025\/01\/27\/cuantos-migrantes-ha-deportado-donald-trump-a-mexico-claudia-sheinbaum-da-cifras\/\">deportaci\u00f3n de migrantes<\/a>,&nbsp;<strong>legisladores republicanos<\/strong>&nbsp;en Misuri y Misisipi proponen una iniciativa para recompensar con efectivo a los ciudadanos que denuncien a migrantes indocumentados.<\/p>\n\n\n\n<p>La iniciativa presentada por el legislador republicano Justin Keen, de Misisipi, contempla unarecompensa de mil d\u00f3lares para toda persona que proporcione informaci\u00f3n al&nbsp;<strong>Servicio de Inmigraci\u00f3n y Control de Aduanas de Estados Unidos<\/strong>&nbsp;(ICE) que facilite la&nbsp;<a href=\"https:\/\/www.elfinanciero.com.mx\/mundo\/2025\/01\/28\/redadas-contra-migrantes-en-eu-consul-de-los-angeles-descarta-detenciones-masivas\/\">captura de migrantes ilegales<\/a>.<\/p>\n\n\n\n<p>Estas propuestas han generado preocupaci\u00f3n por posibles incrementos en&nbsp;<strong>actos racistas<\/strong>&nbsp;<strong>y discriminatorios<\/strong>, al incentivar a la poblaci\u00f3n a reportar a individuos con base en perfiles raciales o dominio del idioma.<\/p>\n\n\n\n<p>\u201cNo hay duda de que podr\u00eda haber repercusiones imprevistas, sobre todo en lo que respecta a la seguridad p\u00fablica, la elaboraci\u00f3n de perfiles raciales y la discriminaci\u00f3n\u201d, expres\u00f3&nbsp;<strong>Michelle Mittelstadt<\/strong>, directora de comunicaci\u00f3n del Instituto de Pol\u00edtica Migratoria (MPI, por sus siglas en ingl\u00e9s).<\/p>\n\n\n\n<p>En Misuri, la propuesta fue presentada por el republicano&nbsp;<strong>David Gregory<\/strong>&nbsp;a finales del a\u00f1o pasado y sigue en debate para su posible aprobaci\u00f3n. La iniciativa tambi\u00e9n contempla la creaci\u00f3n del&nbsp;<strong>Programa de Cazarrecompensas Certificado para Extranjeros Ilegales<\/strong>, que otorgar\u00e1 certificados a las personas que decidan colaborar en la detenci\u00f3n de inmigrantes.<\/p>\n\n\n\n<figure class=\"wp-block-image\"><img decoding=\"async\" src=\"https:\/\/elfinanciero.com.mx\/resizer\/v2\/VHHJTBUSGBCTTPV7XRU5ZTIR6E.jpg?smart=true&amp;auth=7099b26cc60f2987e6c6d5a5c9ac38c4331acbce06d681c0ce0a1ae026a822c5&amp;width=960&amp;height=640\" alt=\"\"\/><figcaption class=\"wp-element-caption\">La iniciativa para capturar migrantes busca apoyar con las deportaciones masivas propuestas por Donald Trump. [Fotograf\u00eda. AP]<\/figcaption><\/figure>\n\n\n\n<h2 class=\"wp-block-heading\">\u00bfQu\u00e9 otras leyes antimigrantes se han aprobado en Estados Unidos?<\/h2>\n\n\n\n<p>La propuesta de los legisladores republicanos surge d\u00edas despu\u00e9s de que Donald Trump firm\u00f3&nbsp;<a href=\"https:\/\/www.elfinanciero.com.mx\/mundo\/2025\/01\/22\/ley-laken-riley-en-que-consiste-la-medida-para-detener-a-migrantes-violentos-aprobada-por-trump\/\">la promulgaci\u00f3n de la Ley Laken Riley<\/a>, cuyo prop\u00f3sito es detener a los&nbsp;<strong>migrantes indocumentados<\/strong>&nbsp;que hayan sido arrestados por delitos como robo, hurto o asalto a un oficial de polic\u00eda.<\/p>\n\n\n\n<p>Los legisladores republicanos argumentan que la aprobaci\u00f3n de dicha ley reforzar\u00e1 la&nbsp;<strong>seguridad p\u00fablica&nbsp;<\/strong>al garantizar la&nbsp;<strong>detenci\u00f3n de inmigrantes<\/strong>&nbsp;indocumentados acusados de ciertos delitos. Por otro lado, organizaciones defensoras de los derechos migrantes y legisladores dem\u00f3cratas aseguran que la iniciativa no ofrecer\u00e1 soluciones a la&nbsp;<a href=\"https:\/\/www.elfinanciero.com.mx\/mundo\/2025\/02\/01\/deportaciones-masivas-de-trump-podrian-desviar-el-flujo-migratorio-hacia-espana-afirma-ong\/\">crisis migratoria en Estados Unidos<\/a>.<\/p>\n\n\n\n<p>Desde su regreso a la Casa Blanca, Donald Trump ha firmado \u00f3rdenes ejecutivas con el objetivo de reducir el&nbsp;<strong>flujo migratorio&nbsp;<\/strong>en su pa\u00eds. El pasado 21 de enero, firm\u00f3 un decreto para autorizar la&nbsp;<a href=\"https:\/\/www.elfinanciero.com.mx\/mundo\/2025\/01\/21\/adios-a-sitios-protegidos-trump-aprueba-redadas-antimigrantes-en-escuelas-iglesias-y-hospitales\/\">detenci\u00f3n de migrantes en lugares \u2018protegidos\u2019 como escuelas, iglesias y hospitales<\/a>.<\/p>\n\n\n\n<p>El mandatario estadounidense tambi\u00e9n declar\u00f3&nbsp;<a href=\"https:\/\/www.elfinanciero.com.mx\/mundo\/2025\/01\/21\/declara-donald-trump-emergencia-en-la-frontera-con-mexico\/\">estado de emergencia en la frontera entre M\u00e9xico y Estados Unidos<\/a>&nbsp;y orden\u00f3 el env\u00edo de mil 500 militares para repeler \u2018la invasi\u00f3n de migrantes\u2019. La medida permite a los soldados deportar de manera inmediata a todos los inmigrantes que ingresen de forma irregular al pa\u00eds norteamericano.<\/p>\n\n\n\n<p>Durante la semana,<a href=\"https:\/\/www.elfinanciero.com.mx\/mundo\/2025\/02\/03\/trump-blinda-fronteras-de-eu-con-su-amenaza-de-aranceles-a-que-se-comprometieron-mexico-y-canada\/\">&nbsp;Donald Trump lleg\u00f3 a un acuerdo con los gobiernos de Canad\u00e1 y M\u00e9xico<\/a>&nbsp;para que ambos pa\u00edses refuercen sus fronteras con elementos militares con el prop\u00f3sito de reducir el<strong>&nbsp;tr\u00e1fico migratorio<\/strong>.<\/p>\n","protected":false},"excerpt":{"rendered":"<p>Mientras&nbsp;Donald Trump intenta demandar a la ciudad de Chicago&nbsp;por dificultar las tareas de&nbsp;deportaci\u00f3n de migrantes,&nbsp;legisladores republicanos&nbsp;en Misuri y Misisipi proponen una iniciativa para recompensar con efectivo a los ciudadanos que denuncien a migrantes indocumentados. La iniciativa presentada por el legislador republicano Justin Keen, de Misisipi, contempla unarecompensa de mil d\u00f3lares para toda persona que proporcione [&hellip;]<\/p>\n","protected":false},"author":2,"featured_media":137650,"comment_status":"open","ping_status":"open","sticky":false,"template":"","format":"standard","meta":{"footnotes":""},"categories":[63],"tags":[],"class_list":["post-137649","post","type-post","status-publish","format-standard","has-post-thumbnail","hentry","category-editorial"],"_links":{"self":[{"href":"http:\/\/elcuartopoder.com.mx\/nw\/wp-json\/wp\/v2\/posts\/137649","targetHints":{"allow":["GET"]}}],"collection":[{"href":"http:\/\/elcuartopoder.com.mx\/nw\/wp-json\/wp\/v2\/posts"}],"about":[{"href":"http:\/\/elcuartopoder.com.mx\/nw\/wp-json\/wp\/v2\/types\/post"}],"author":[{"embeddable":true,"href":"http:\/\/elcuartopoder.com.mx\/nw\/wp-json\/wp\/v2\/users\/2"}],"replies":[{"embeddable":true,"href":"http:\/\/elcuartopoder.com.mx\/nw\/wp-json\/wp\/v2\/comments?post=137649"}],"version-history":[{"count":1,"href":"http:\/\/elcuartopoder.com.mx\/nw\/wp-json\/wp\/v2\/posts\/137649\/revisions"}],"predecessor-version":[{"id":137651,"href":"http:\/\/elcuartopoder.com.mx\/nw\/wp-json\/wp\/v2\/posts\/137649\/revisions\/137651"}],"wp:featuredmedia":[{"embeddable":true,"href":"http:\/\/elcuartopoder.com.mx\/nw\/wp-json\/wp\/v2\/media\/137650"}],"wp:attachment":[{"href":"http:\/\/elcuartopoder.com.mx\/nw\/wp-json\/wp\/v2\/media?parent=137649"}],"wp:term":[{"taxonomy":"category","embeddable":true,"href":"http:\/\/elcuartopoder.com.mx\/nw\/wp-json\/wp\/v2\/categories?post=137649"},{"taxonomy":"post_tag","embeddable":true,"href":"http:\/\/elcuartopoder.com.mx\/nw\/wp-json\/wp\/v2\/tags?post=137649"}],"curies":[{"name":"wp","href":"https:\/\/api.w.org\/{rel}","templated":true}]}}