{"id":138121,"date":"2025-02-24T10:03:33","date_gmt":"2025-02-24T15:03:33","guid":{"rendered":"https:\/\/elcuartopoder.com.mx\/nw\/?p=138121"},"modified":"2025-02-24T10:03:35","modified_gmt":"2025-02-24T15:03:35","slug":"guia-completa-para-observar-el-eclipse-lunar-total-de-marzo-2025","status":"publish","type":"post","link":"http:\/\/elcuartopoder.com.mx\/nw\/entretenimiento\/tecnologia\/guia-completa-para-observar-el-eclipse-lunar-total-de-marzo-2025\/","title":{"rendered":"Gu\u00eda completa para observar el eclipse lunar total de marzo 2025"},"content":{"rendered":"\n<p>El\u00a0<strong>eclipse lunar<\/strong>\u00a0es un fen\u00f3meno astron\u00f3mico impresionante que ocurre cuando la Tierra se interpone entre el Sol y la Luna, proyectando su sombra sobre la superficie lunar.<\/p>\n\n\n\n<p>&nbsp;Este fen\u00f3meno ser\u00e1 visible en el hemisferio occidental de la Tierra, y en este caso, se espera un&nbsp;<strong>eclipse lunar total<\/strong>, en el que la Luna adquirir\u00e1 un color rojo-naranja, conocido popularmente como \u00abluna de sangre\u00bb.<\/p>\n\n\n\n<p>&nbsp;Los eclipses lunares totales ocurren cuando toda la Luna pasa a trav\u00e9s de la sombra m\u00e1s oscura de la Tierra, llamada umbra.<\/p>\n\n\n\n<h2 class=\"wp-block-heading\">Fases del eclipse lunar total y sus horarios clave<\/h2>\n\n\n\n<p>La secuencia del evento comenzar\u00e1 a las 8:57 p. m. PDT (03:57 UTC), con el&nbsp;<strong>eclipse penumbral<\/strong>, cuando la Luna entra en la zona exterior de la sombra de la Tierra, lo que provoca un oscurecimiento leve.<\/p>\n\n\n\n<p>A las 10:09 p. m. PDT (05:09 UTC), iniciar\u00e1 el&nbsp;<strong>eclipse parcial<\/strong>, donde la Luna comenzar\u00e1 a entrar en la umbra, creando un efecto visual en el que parece que le est\u00e1n \u00abmordiendo\u00bb una parte del disco lunar.<\/p>\n\n\n\n<p>A las 11:26 p. m. PDT (06:26 UTC), se alcanzar\u00e1 la fase de&nbsp;<strong>totalidad<\/strong>, donde la Luna se te\u00f1ir\u00e1 de rojo cobrizo, alcanzando su momento m\u00e1s espectacular. La&nbsp;<strong>totalidad<\/strong>&nbsp;finalizar\u00e1 a las 12:31 a. m. PDT (07:31 UTC), momento en el que el color rojo se desvanecer\u00e1.<\/p>\n\n\n\n<h2 class=\"wp-block-heading\">Espect\u00e1culo celestial: J\u00fapiter, Marte y la Luna rojiza<\/h2>\n\n\n\n<p>Adem\u00e1s del eclipse, los observadores tendr\u00e1n la oportunidad de observar los planetas&nbsp;<strong>J\u00fapiter<\/strong>&nbsp;y&nbsp;<strong>Marte<\/strong>&nbsp;en el cielo.<\/p>\n\n\n\n<p>La Luna, al atravesar las constelaciones de Leo y Virgo, ofrecer\u00e1 un espect\u00e1culo celestial \u00fanico. Para observarlo, no se requiere ning\u00fan equipo especial, aunque los&nbsp;<strong>binoculares<\/strong>&nbsp;o un&nbsp;<strong>telescopio<\/strong>&nbsp;mejorar\u00e1n la experiencia.<\/p>\n\n\n\n<p>El color rojizo de la Luna durante el eclipse se debe a un fen\u00f3meno \u00f3ptico conocido como dispersi\u00f3n de la luz. Al atravesar la atm\u00f3sfera de la Tierra, la luz solar se filtra y la luz roja prevalece, proyect\u00e1ndose sobre la Luna.<\/p>\n\n\n\n<p><em>Con informaci\u00f3n de la Nasa<\/em><\/p>\n","protected":false},"excerpt":{"rendered":"<p>El\u00a0eclipse lunar\u00a0es un fen\u00f3meno astron\u00f3mico impresionante que ocurre cuando la Tierra se interpone entre el Sol y la Luna, proyectando su sombra sobre la superficie lunar. &nbsp;Este fen\u00f3meno ser\u00e1 visible en el hemisferio occidental de la Tierra, y en este caso, se espera un&nbsp;eclipse lunar total, en el que la Luna adquirir\u00e1 un color rojo-naranja, [&hellip;]<\/p>\n","protected":false},"author":2,"featured_media":138122,"comment_status":"open","ping_status":"open","sticky":false,"template":"","format":"standard","meta":{"footnotes":""},"categories":[57],"tags":[],"class_list":["post-138121","post","type-post","status-publish","format-standard","has-post-thumbnail","hentry","category-tecnologia"],"_links":{"self":[{"href":"http:\/\/elcuartopoder.com.mx\/nw\/wp-json\/wp\/v2\/posts\/138121","targetHints":{"allow":["GET"]}}],"collection":[{"href":"http:\/\/elcuartopoder.com.mx\/nw\/wp-json\/wp\/v2\/posts"}],"about":[{"href":"http:\/\/elcuartopoder.com.mx\/nw\/wp-json\/wp\/v2\/types\/post"}],"author":[{"embeddable":true,"href":"http:\/\/elcuartopoder.com.mx\/nw\/wp-json\/wp\/v2\/users\/2"}],"replies":[{"embeddable":true,"href":"http:\/\/elcuartopoder.com.mx\/nw\/wp-json\/wp\/v2\/comments?post=138121"}],"version-history":[{"count":1,"href":"http:\/\/elcuartopoder.com.mx\/nw\/wp-json\/wp\/v2\/posts\/138121\/revisions"}],"predecessor-version":[{"id":138123,"href":"http:\/\/elcuartopoder.com.mx\/nw\/wp-json\/wp\/v2\/posts\/138121\/revisions\/138123"}],"wp:featuredmedia":[{"embeddable":true,"href":"http:\/\/elcuartopoder.com.mx\/nw\/wp-json\/wp\/v2\/media\/138122"}],"wp:attachment":[{"href":"http:\/\/elcuartopoder.com.mx\/nw\/wp-json\/wp\/v2\/media?parent=138121"}],"wp:term":[{"taxonomy":"category","embeddable":true,"href":"http:\/\/elcuartopoder.com.mx\/nw\/wp-json\/wp\/v2\/categories?post=138121"},{"taxonomy":"post_tag","embeddable":true,"href":"http:\/\/elcuartopoder.com.mx\/nw\/wp-json\/wp\/v2\/tags?post=138121"}],"curies":[{"name":"wp","href":"https:\/\/api.w.org\/{rel}","templated":true}]}}