{"id":138146,"date":"2025-02-25T08:54:15","date_gmt":"2025-02-25T13:54:15","guid":{"rendered":"https:\/\/elcuartopoder.com.mx\/nw\/?p=138146"},"modified":"2025-02-25T08:54:16","modified_gmt":"2025-02-25T13:54:16","slug":"modalidad-40-que-es-y-para-que-te-sirve-en-la-busqueda-de-tu-pension","status":"publish","type":"post","link":"http:\/\/elcuartopoder.com.mx\/nw\/qtp\/modalidad-40-que-es-y-para-que-te-sirve-en-la-busqueda-de-tu-pension\/","title":{"rendered":"Modalidad 40, \u00bfqu\u00e9 es y para qu\u00e9 te sirve en la b\u00fasqueda de tu pensi\u00f3n?"},"content":{"rendered":"\n<p>CIUDAD DE M\u00c9XICO (apro).-Probablemente una de las decisiones m\u00e1s importantes en la vida laboral de un trabajador es tramitar su jubilaci\u00f3n. Sin embargo, hemos visto c\u00f3mo las personas se terminan enfrentando con dificultades al intentar acceder a informaci\u00f3n tan necesaria como su n\u00famero de semanas cotizadas.<\/p>\n\n\n\n<p>Tambi\u00e9n esos datos son buscados cuando alg\u00fan trabajador estuvo cotizando un periodo ante el Instituto Mexicano del Seguro Social (IMSS) y despu\u00e9s lo hace en el Instituto de Seguridad y Servicios Sociales de los Trabajadores del Estado, y viceversa. A veces las personas desconocen que pueden unificar sus semanas ejerciendo la portabilidad de sus datos personales.<\/p>\n\n\n\n<p>Les platico un caso de los cientos que hay y resolvemos en el Instituto Nacional de Transparencia, Acceso a la Informaci\u00f3n y Protecci\u00f3n de Datos Personales (INAI): una queja relacionada a la falta de respuesta del IMSS. Una vez analizado el caso por mi Ponencia, el 5 de febrero \u00faltimo decidimos revocar la respuesta dada originalmente.<\/p>\n\n\n\n<p>Una persona solicitaba el reconocimiento de sus aportaciones patronales y los pagos hechos bajo la modalidad 40 para poder completar su pensi\u00f3n por cesant\u00eda de edad, bajo el r\u00e9gimen IMSS 73. Pese a que el Seguro Social respondi\u00f3 \u2013redirigiendo al solicitante a una oficina para que pudiera recibir la informaci\u00f3n solicitada\u2013, la persona no obtuvo una respuesta clara ni el acceso a sus datos.<\/p>\n\n\n\n<p>El caso muestra c\u00f3mo la falta de un procedimiento claro y efectivo puede afectar gravemente los derechos de los trabajadores, quienes, despu\u00e9s de a\u00f1os de esfuerzo y dedicaci\u00f3n, se ven ante la imposibilidad de acceder a sus prestaciones sociales.<\/p>\n\n\n\n<p>El INAI juega un papel fundamental en la protecci\u00f3n de los datos personales de los ciudadanos. Desde su creaci\u00f3n y hasta en estos momentos que cruzamos por la extinci\u00f3n del instituto, el papel protag\u00f3nico del INAI ha permeado en mejorar el status de la privacidad.<\/p>\n\n\n\n<figure class=\"wp-block-image\"><img decoding=\"async\" src=\"https:\/\/www.proceso.com.mx\/u\/fotografias\/m\/2025\/2\/12\/f768x1-216946_217073_31.jpeg\" alt=\"\"\/><figcaption class=\"wp-element-caption\">INAI. Proceso de extinci\u00f3n. Foto: Eduardo Miranda<\/figcaption><\/figure>\n\n\n\n<p>En este contexto, es relevante destacar c\u00f3mo la Plataforma Nacional de Transparencia se ha convertido en una herramienta clave para que las personas puedan acceder a la informaci\u00f3n que necesitan para resolver sus tr\u00e1mites. Sin embargo, a\u00fan existen desaf\u00edos que deben abordarse, como la falta de claridad y la lentitud en algunos procesos.<\/p>\n\n\n\n<p>En 2024, por dar un ejemplo, el Centro de Atenci\u00f3n a la Sociedad (CAS) del INAI atendi\u00f3 m\u00e1s de nueve mil casos relacionados con estos asuntos. Este tipo de consultas demuestra la gran demanda de informaci\u00f3n por parte de los trabajadores, que requieren datos precisos para completar su tr\u00e1mite de jubilaci\u00f3n.<\/p>\n\n\n\n<p>Es importante que, en medio de los cambios administrativos y la extinci\u00f3n del INAI trasladando la mayor\u00eda de sus funciones a la Secretar\u00eda Anticorrupci\u00f3n y Buen Gobierno, no se pierda de vista la importancia de mantener estos mecanismos de apoyo a la sociedad.<\/p>\n\n\n\n<p>Este recurso que resolv\u00ed espero sirva como ejemplo de que, cuando las instituciones incumplen con sus responsabilidades, el INAI es el que puede ayudar a garantizar que los derechos sean respetados. Esto es esencial para que los trabajadores mexicanos tengan un proceso de jubilaci\u00f3n certero y sin sorpresas.<\/p>\n\n\n\n<p>Hagamos que en este cierre el INAI destaque por lo que hizo y lo que no deber\u00e1 descuidarse en el futuro.<\/p>\n","protected":false},"excerpt":{"rendered":"<p>CIUDAD DE M\u00c9XICO (apro).-Probablemente una de las decisiones m\u00e1s importantes en la vida laboral de un trabajador es tramitar su jubilaci\u00f3n. Sin embargo, hemos visto c\u00f3mo las personas se terminan enfrentando con dificultades al intentar acceder a informaci\u00f3n tan necesaria como su n\u00famero de semanas cotizadas. Tambi\u00e9n esos datos son buscados cuando alg\u00fan trabajador estuvo [&hellip;]<\/p>\n","protected":false},"author":2,"featured_media":138147,"comment_status":"open","ping_status":"open","sticky":false,"template":"","format":"standard","meta":{"footnotes":""},"categories":[58],"tags":[],"class_list":["post-138146","post","type-post","status-publish","format-standard","has-post-thumbnail","hentry","category-qtp"],"_links":{"self":[{"href":"http:\/\/elcuartopoder.com.mx\/nw\/wp-json\/wp\/v2\/posts\/138146","targetHints":{"allow":["GET"]}}],"collection":[{"href":"http:\/\/elcuartopoder.com.mx\/nw\/wp-json\/wp\/v2\/posts"}],"about":[{"href":"http:\/\/elcuartopoder.com.mx\/nw\/wp-json\/wp\/v2\/types\/post"}],"author":[{"embeddable":true,"href":"http:\/\/elcuartopoder.com.mx\/nw\/wp-json\/wp\/v2\/users\/2"}],"replies":[{"embeddable":true,"href":"http:\/\/elcuartopoder.com.mx\/nw\/wp-json\/wp\/v2\/comments?post=138146"}],"version-history":[{"count":1,"href":"http:\/\/elcuartopoder.com.mx\/nw\/wp-json\/wp\/v2\/posts\/138146\/revisions"}],"predecessor-version":[{"id":138148,"href":"http:\/\/elcuartopoder.com.mx\/nw\/wp-json\/wp\/v2\/posts\/138146\/revisions\/138148"}],"wp:featuredmedia":[{"embeddable":true,"href":"http:\/\/elcuartopoder.com.mx\/nw\/wp-json\/wp\/v2\/media\/138147"}],"wp:attachment":[{"href":"http:\/\/elcuartopoder.com.mx\/nw\/wp-json\/wp\/v2\/media?parent=138146"}],"wp:term":[{"taxonomy":"category","embeddable":true,"href":"http:\/\/elcuartopoder.com.mx\/nw\/wp-json\/wp\/v2\/categories?post=138146"},{"taxonomy":"post_tag","embeddable":true,"href":"http:\/\/elcuartopoder.com.mx\/nw\/wp-json\/wp\/v2\/tags?post=138146"}],"curies":[{"name":"wp","href":"https:\/\/api.w.org\/{rel}","templated":true}]}}