{"id":138162,"date":"2025-02-25T09:49:25","date_gmt":"2025-02-25T14:49:25","guid":{"rendered":"https:\/\/elcuartopoder.com.mx\/nw\/?p=138162"},"modified":"2025-02-25T09:49:27","modified_gmt":"2025-02-25T14:49:27","slug":"condenan-a-militares-por-homicidio-de-jovenes-en-nuevo-laredo","status":"publish","type":"post","link":"http:\/\/elcuartopoder.com.mx\/nw\/policiacas\/condenan-a-militares-por-homicidio-de-jovenes-en-nuevo-laredo\/","title":{"rendered":"Condenan a militares por homicidio de j\u00f3venes en Nuevo Laredo"},"content":{"rendered":"\n<p><em>Nuevo Laredo, Tam.<\/em>&nbsp;Un Tribunal de Enjuiciamiento declar\u00f3 culpables de Homicidio Calificado y Homicidio Calificado en grado de Tentativa a cuatro militares del 16\u00ba Regimiento de Caballer\u00eda Motorizada, responsables de la emboscada contra un grupo de j\u00f3venes en la madrugada del 26 de febrero del 2023.<\/p>\n\n\n\n<p>La sentencia fue dictada por el juez federal Juan Gonzaga Sandoval en audiencia realizada en el Centro de Justicia Penal Federal de Reynosa, Tamaulipas. Los imputados, identificados como Agust\u00edn \u00abN\u00bb, Bernardo \u00abN\u00bb, Jorge \u00abN\u00bb y Juan Carlos \u00abN\u00bb, comparecieron de manera virtual desde la Prisi\u00f3n Militar N\u00famero 1.<\/p>\n\n\n\n<p>Las v\u00edctimas se encontraban celebrando en un centro nocturno cuando fueron atacadas por soldados en la intersecci\u00f3n de M\u00e9ndez y Huasteca. Gustavo \u00c1ngel Su\u00e1rez Castillo, quien recibi\u00f3 la noticia de que ser\u00eda padre, fue asesinado junto con Wilberto Mata Estrada, Jonathan Aguilar S\u00e1nchez, Alejandro Trujillo Rocha y Gustavo P\u00e9rez Ben\u00edtez.<\/p>\n\n\n\n<p>Otros dos j\u00f3venes, Alejandro y Gerardo, lograron sobrevivir al ataque. Seg\u00fan la investigaci\u00f3n de la FGR, no existi\u00f3 ninguna raz\u00f3n v\u00e1lida para la agresi\u00f3n. El testimonio del capit\u00e1n de Caballer\u00eda Elio Conde Toledano fue clave para la sentencia, al afirmar que los cuatro cabos dispararon sin recibir una orden superior.<\/p>\n\n\n\n<p>La audiencia para la individualizaci\u00f3n de la pena se llevar\u00e1 a cabo los d\u00edas 3, 4 y 5 de marzo, con la presencia de familiares de las v\u00edctimas y sus abogados Roberto Puente y Edgar Netro.<\/p>\n\n\n\n<p>Los familiares han convocado a una conferencia de prensa este martes, en conjunto con el Comit\u00e9 de Derechos Humanos, para expresar su sentir. Posteriormente, realizar\u00e1n ceremonias privadas para recordar a los cinco j\u00f3venes asesinados.<\/p>\n\n\n\n<p>&nbsp;El 26 de febrero se cumplen dos a\u00f1os de la masacre, un caso que ha generado indignaci\u00f3n y llamado la atenci\u00f3n sobre el uso de la fuerza por parte del Ej\u00e9rcito en tareas de seguridad p\u00fablica.<\/p>\n","protected":false},"excerpt":{"rendered":"<p>Nuevo Laredo, Tam.&nbsp;Un Tribunal de Enjuiciamiento declar\u00f3 culpables de Homicidio Calificado y Homicidio Calificado en grado de Tentativa a cuatro militares del 16\u00ba Regimiento de Caballer\u00eda Motorizada, responsables de la emboscada contra un grupo de j\u00f3venes en la madrugada del 26 de febrero del 2023. La sentencia fue dictada por el juez federal Juan Gonzaga [&hellip;]<\/p>\n","protected":false},"author":2,"featured_media":138163,"comment_status":"open","ping_status":"open","sticky":false,"template":"","format":"standard","meta":{"footnotes":""},"categories":[23],"tags":[],"class_list":["post-138162","post","type-post","status-publish","format-standard","has-post-thumbnail","hentry","category-policiacas"],"_links":{"self":[{"href":"http:\/\/elcuartopoder.com.mx\/nw\/wp-json\/wp\/v2\/posts\/138162","targetHints":{"allow":["GET"]}}],"collection":[{"href":"http:\/\/elcuartopoder.com.mx\/nw\/wp-json\/wp\/v2\/posts"}],"about":[{"href":"http:\/\/elcuartopoder.com.mx\/nw\/wp-json\/wp\/v2\/types\/post"}],"author":[{"embeddable":true,"href":"http:\/\/elcuartopoder.com.mx\/nw\/wp-json\/wp\/v2\/users\/2"}],"replies":[{"embeddable":true,"href":"http:\/\/elcuartopoder.com.mx\/nw\/wp-json\/wp\/v2\/comments?post=138162"}],"version-history":[{"count":1,"href":"http:\/\/elcuartopoder.com.mx\/nw\/wp-json\/wp\/v2\/posts\/138162\/revisions"}],"predecessor-version":[{"id":138164,"href":"http:\/\/elcuartopoder.com.mx\/nw\/wp-json\/wp\/v2\/posts\/138162\/revisions\/138164"}],"wp:featuredmedia":[{"embeddable":true,"href":"http:\/\/elcuartopoder.com.mx\/nw\/wp-json\/wp\/v2\/media\/138163"}],"wp:attachment":[{"href":"http:\/\/elcuartopoder.com.mx\/nw\/wp-json\/wp\/v2\/media?parent=138162"}],"wp:term":[{"taxonomy":"category","embeddable":true,"href":"http:\/\/elcuartopoder.com.mx\/nw\/wp-json\/wp\/v2\/categories?post=138162"},{"taxonomy":"post_tag","embeddable":true,"href":"http:\/\/elcuartopoder.com.mx\/nw\/wp-json\/wp\/v2\/tags?post=138162"}],"curies":[{"name":"wp","href":"https:\/\/api.w.org\/{rel}","templated":true}]}}