{"id":138833,"date":"2025-03-14T16:29:10","date_gmt":"2025-03-14T21:29:10","guid":{"rendered":"https:\/\/elcuartopoder.com.mx\/nw\/?p=138833"},"modified":"2025-03-14T16:29:12","modified_gmt":"2025-03-14T21:29:12","slug":"atendera-sict-114-caminos-en-comunidades-marginadas-de-10-estados","status":"publish","type":"post","link":"http:\/\/elcuartopoder.com.mx\/nw\/nacionales\/atendera-sict-114-caminos-en-comunidades-marginadas-de-10-estados\/","title":{"rendered":"Atender\u00e1 SICT 114 caminos en comunidades marginadas de 10 estados"},"content":{"rendered":"\n<p><em>Ciudad de M\u00e9xico.&nbsp;<\/em>La Secretar\u00eda de Infraestructura, Comunicaciones y Transportes (SICT) atender\u00e1 este a\u00f1o 114 caminos artesanales o de mano de obra en apoyo de comunidades marginadas de los estados de Oaxaca, Guerrero, Durango, Nayarit, Sonora, Jalisco, Chiapas, Veracruz, Puebla y Colima, de acuerdo con un comunicado del organismo.<\/p>\n\n\n\n<p>En el documento se menciona que Juan Carlos Fuentes Orrala, subsecretario de Infraestructura, precis\u00f3 que el programa tiene como meta realizar 437 kil\u00f3metros (km) de caminos y que en los siguientes a\u00f1os se incluir\u00e1n en entidades como Chiapas y Veracruz.<\/p>\n\n\n\n<p>Durante 2025 se pavimentar\u00e1n caminos artesanales en 10 entidades. Once en Oaxaca (81 km), 71 en Guerrero (158 km), siete en Durango (56 km), cinco en Nayarit (50 km), cinco en Sonora (24 km), cuatro en Jalisco (20 km), seis en Chiapas (28 km), dos en Veracruz (10 km), dos en Puebla (5 km) y uno en Colima (5 km).<\/p>\n\n\n\n<p>Con ello, indic\u00f3 Fuentes Orrala, se dar\u00e1 continuidad a la pavimentaci\u00f3n de caminos artesanales que se iniciaron en la administraci\u00f3n anterior.<\/p>\n\n\n\n<p>La SICT invertir\u00e1 3 mil millones de pesos, aproximadamente, con lo que se generar\u00e1n 6 mil 775 empleos.<\/p>\n\n\n\n<p>Los recursos presupuestales los aporta directamente el gobierno federal, a trav\u00e9s de la SICT, a los representantes de las comunidades.<\/p>\n\n\n\n<p>La SICT asesora en las obras que son en beneficio social, econ\u00f3mico y tur\u00edstico de las comunidades, ya que permite a los habitantes acceder a centros de salud y escolares, por ejemplo.<\/p>\n","protected":false},"excerpt":{"rendered":"<p>Ciudad de M\u00e9xico.&nbsp;La Secretar\u00eda de Infraestructura, Comunicaciones y Transportes (SICT) atender\u00e1 este a\u00f1o 114 caminos artesanales o de mano de obra en apoyo de comunidades marginadas de los estados de Oaxaca, Guerrero, Durango, Nayarit, Sonora, Jalisco, Chiapas, Veracruz, Puebla y Colima, de acuerdo con un comunicado del organismo. En el documento se menciona que Juan [&hellip;]<\/p>\n","protected":false},"author":2,"featured_media":138834,"comment_status":"open","ping_status":"open","sticky":false,"template":"","format":"standard","meta":{"footnotes":""},"categories":[55],"tags":[],"class_list":["post-138833","post","type-post","status-publish","format-standard","has-post-thumbnail","hentry","category-nacionales"],"_links":{"self":[{"href":"http:\/\/elcuartopoder.com.mx\/nw\/wp-json\/wp\/v2\/posts\/138833","targetHints":{"allow":["GET"]}}],"collection":[{"href":"http:\/\/elcuartopoder.com.mx\/nw\/wp-json\/wp\/v2\/posts"}],"about":[{"href":"http:\/\/elcuartopoder.com.mx\/nw\/wp-json\/wp\/v2\/types\/post"}],"author":[{"embeddable":true,"href":"http:\/\/elcuartopoder.com.mx\/nw\/wp-json\/wp\/v2\/users\/2"}],"replies":[{"embeddable":true,"href":"http:\/\/elcuartopoder.com.mx\/nw\/wp-json\/wp\/v2\/comments?post=138833"}],"version-history":[{"count":1,"href":"http:\/\/elcuartopoder.com.mx\/nw\/wp-json\/wp\/v2\/posts\/138833\/revisions"}],"predecessor-version":[{"id":138835,"href":"http:\/\/elcuartopoder.com.mx\/nw\/wp-json\/wp\/v2\/posts\/138833\/revisions\/138835"}],"wp:featuredmedia":[{"embeddable":true,"href":"http:\/\/elcuartopoder.com.mx\/nw\/wp-json\/wp\/v2\/media\/138834"}],"wp:attachment":[{"href":"http:\/\/elcuartopoder.com.mx\/nw\/wp-json\/wp\/v2\/media?parent=138833"}],"wp:term":[{"taxonomy":"category","embeddable":true,"href":"http:\/\/elcuartopoder.com.mx\/nw\/wp-json\/wp\/v2\/categories?post=138833"},{"taxonomy":"post_tag","embeddable":true,"href":"http:\/\/elcuartopoder.com.mx\/nw\/wp-json\/wp\/v2\/tags?post=138833"}],"curies":[{"name":"wp","href":"https:\/\/api.w.org\/{rel}","templated":true}]}}