{"id":138839,"date":"2025-03-14T16:44:59","date_gmt":"2025-03-14T21:44:59","guid":{"rendered":"https:\/\/elcuartopoder.com.mx\/nw\/?p=138839"},"modified":"2025-03-14T16:45:01","modified_gmt":"2025-03-14T21:45:01","slug":"cambio-climatico-aumenta-incendios-forestales-y-perdida-de-bosques","status":"publish","type":"post","link":"http:\/\/elcuartopoder.com.mx\/nw\/destacadas\/cambio-climatico-aumenta-incendios-forestales-y-perdida-de-bosques\/","title":{"rendered":"Cambio clim\u00e1tico aumenta incendios forestales y p\u00e9rdida de bosques"},"content":{"rendered":"\n<p>Los\u00a0<strong>incendios forestales<\/strong>\u00a0se han convertido en uno de los fen\u00f3menos naturales m\u00e1s frecuentes y devastadores a nivel global. Con base en datos de la Universidad de Maryland, el Instituto de Recursos Mundiales (WRI, por sus siglas en ingl\u00e9s)\u00a0inform\u00f3 que el \u00e1rea afectada por estos fen\u00f3menos aument\u00f3 aproximadamente 5.4% por a\u00f1o entre 2001 y 2023.\u00a0<\/p>\n\n\n\n<p>El fuego ha sido causa de una mayor proporci\u00f3n de la p\u00e9rdida global de cobertura arb\u00f3rea en el planeta, en comparaci\u00f3n con otros factores como la miner\u00eda y la silvicultura. Cerca de 12 millones de hect\u00e1reas \u2014un \u00e1rea del tama\u00f1o de Nicaragua\u2014 se quemaron en 2023.<\/p>\n\n\n\n<p>De acuerdo con el Instituto, el cambio clim\u00e1tico empeora la intensidad y aumenta la frecuencia de los incendios, ya que las temperaturas m\u00e1s altas secan el paisaje y crean el entorno para estos fen\u00f3menos.<\/p>\n\n\n\n<p>\u201cA medida que los incendios forestales se hacen m\u00e1s grandes y frecuentes, emite m\u00e1s carbono, lo que agrava a\u00fan m\u00e1s el cambio clim\u00e1tico y contribuye a m\u00e1s incendios, creando un ciclo de retroalimentaci\u00f3n entre fuego y clima\u00bb, explic\u00f3 WRI.<\/p>\n\n\n\n<p>Expansi\u00f3n agr\u00edcola<br>La expansi\u00f3n agr\u00edcola y la degradaci\u00f3n forestal tambi\u00e9n alimentan los incendios en los bosques. Aunque esos sucesos son responsables de menos del 10% de la p\u00e9rdida de cobertura arb\u00f3rea en los tr\u00f3picos, otros factores como la deforestaci\u00f3n impulsada por productos b\u00e1sicos, la agricultura de tala y quema hacen que los bosques sean menos m\u00e1s susceptibles a los incendios.<\/p>\n\n\n\n<p>En Bolivia, por ejemplo, la expansi\u00f3n agr\u00edcola y las sequ\u00edas han provocado un aumento significativo en la cantidad de p\u00e9rdida de cobertura arb\u00f3rea relacionada con incendios en las \u00faltimas dos d\u00e9cadas.<\/p>\n\n\n\n<p>Esta actividad creciente de incendios amenaza algunos de los lugares m\u00e1s ic\u00f3nicos y protegidos del mundo, como el Parque Nacional Noel Kempff Mercado, un sitio del Patrimonio Mundial de la UNESCO que alberga miles de especies y es uno de los parques m\u00e1s grandes e intactos de la Amazon\u00eda.<\/p>\n\n\n\n<p>\u00bfC\u00f3mo reducir los incendios forestales?<br>Las causas del aumento de los incendios forestales son complejas y var\u00edan seg\u00fan la geograf\u00eda. Pero, para WRI, no hay una soluci\u00f3n para reducir estos fen\u00f3menos a niveles hist\u00f3ricos sin bajar dr\u00e1sticamente las emisiones de gases de efecto invernadero.<\/p>\n\n\n\n<p>\u201cMitigar los peores impactos del cambio clim\u00e1tico sigue siendo posible, pero requerir\u00e1 transformaciones r\u00e1pidas y significativas en todos los sistemas para romper el ciclo de retroalimentaci\u00f3n entre fuego y clima\u201d, indic\u00f3 el instituto.<\/p>\n\n\n\n<p>Adem\u00e1s del cambio clim\u00e1tico, la actividad humana en y alrededor de los bosques debe ser regulada para mitigar la p\u00e9rdida de cobertura arb\u00f3rea relacionada con incendios, as\u00ed como para mejorar la resiliencia forestal.<\/p>\n","protected":false},"excerpt":{"rendered":"<p>Los\u00a0incendios forestales\u00a0se han convertido en uno de los fen\u00f3menos naturales m\u00e1s frecuentes y devastadores a nivel global. Con base en datos de la Universidad de Maryland, el Instituto de Recursos Mundiales (WRI, por sus siglas en ingl\u00e9s)\u00a0inform\u00f3 que el \u00e1rea afectada por estos fen\u00f3menos aument\u00f3 aproximadamente 5.4% por a\u00f1o entre 2001 y 2023.\u00a0 El fuego [&hellip;]<\/p>\n","protected":false},"author":2,"featured_media":138840,"comment_status":"open","ping_status":"open","sticky":false,"template":"","format":"standard","meta":{"footnotes":""},"categories":[59],"tags":[],"class_list":["post-138839","post","type-post","status-publish","format-standard","has-post-thumbnail","hentry","category-destacadas"],"_links":{"self":[{"href":"http:\/\/elcuartopoder.com.mx\/nw\/wp-json\/wp\/v2\/posts\/138839","targetHints":{"allow":["GET"]}}],"collection":[{"href":"http:\/\/elcuartopoder.com.mx\/nw\/wp-json\/wp\/v2\/posts"}],"about":[{"href":"http:\/\/elcuartopoder.com.mx\/nw\/wp-json\/wp\/v2\/types\/post"}],"author":[{"embeddable":true,"href":"http:\/\/elcuartopoder.com.mx\/nw\/wp-json\/wp\/v2\/users\/2"}],"replies":[{"embeddable":true,"href":"http:\/\/elcuartopoder.com.mx\/nw\/wp-json\/wp\/v2\/comments?post=138839"}],"version-history":[{"count":1,"href":"http:\/\/elcuartopoder.com.mx\/nw\/wp-json\/wp\/v2\/posts\/138839\/revisions"}],"predecessor-version":[{"id":138841,"href":"http:\/\/elcuartopoder.com.mx\/nw\/wp-json\/wp\/v2\/posts\/138839\/revisions\/138841"}],"wp:featuredmedia":[{"embeddable":true,"href":"http:\/\/elcuartopoder.com.mx\/nw\/wp-json\/wp\/v2\/media\/138840"}],"wp:attachment":[{"href":"http:\/\/elcuartopoder.com.mx\/nw\/wp-json\/wp\/v2\/media?parent=138839"}],"wp:term":[{"taxonomy":"category","embeddable":true,"href":"http:\/\/elcuartopoder.com.mx\/nw\/wp-json\/wp\/v2\/categories?post=138839"},{"taxonomy":"post_tag","embeddable":true,"href":"http:\/\/elcuartopoder.com.mx\/nw\/wp-json\/wp\/v2\/tags?post=138839"}],"curies":[{"name":"wp","href":"https:\/\/api.w.org\/{rel}","templated":true}]}}