{"id":138842,"date":"2025-03-14T16:48:45","date_gmt":"2025-03-14T21:48:45","guid":{"rendered":"https:\/\/elcuartopoder.com.mx\/nw\/?p=138842"},"modified":"2025-03-14T16:48:47","modified_gmt":"2025-03-14T21:48:47","slug":"claudistas-vs-obradoristas","status":"publish","type":"post","link":"http:\/\/elcuartopoder.com.mx\/nw\/opinion\/claudistas-vs-obradoristas\/","title":{"rendered":"Claudistas vs. Obradoristas"},"content":{"rendered":"\n<p>A cimentar las bases de lo que proyectan ser\u00e1 una s\u00f3lida estructura social y pol\u00edtica de la presidenta Claudia Sheinbaum se est\u00e1 dedicando un grupo de destacados morenistas y no tan morenistas.<\/p>\n\n\n\n<p>El objetivo es&nbsp;<strong>minar la influencia de los obradoristas&nbsp;<\/strong>en la toma de decisiones gubernamentales, legislativas y, por supuesto, electorales, incluida la sucesi\u00f3n presidencial de 2030.<\/p>\n\n\n\n<p>Los personajes m\u00e1s visibles y m\u00e1s activos en la cancha de Morena son&nbsp;<strong>Alfonso Ram\u00edrez Cu\u00e9llar y Gabriela Jim\u00e9nez<\/strong>, ambos vicecoordinadores de la bancada que todav\u00eda controla&nbsp;<strong>Ricardo Monreal. &nbsp;<\/strong><\/p>\n\n\n\n<p>Y aunque buscan crear esa estructura de la manera m\u00e1s tersa posible, los choques con los obradoristas ya se han dado. Al menos van un par de ellos, y prev\u00e9n que no sean los \u00faltimos.<\/p>\n\n\n\n<p>El primero fue a principios de febrero, cuando&nbsp;<strong>\u00c9dgar Francisco Garza Ancira<\/strong>, consejero nacional del partido guinda y esposo&nbsp;de Jim\u00e9nez solicit\u00f3 al INE contemplar a&nbsp;Que siga la democracia, su organizaci\u00f3n pro Claudia,&nbsp;en el registro de nuevos partidos pol\u00edticos.<\/p>\n\n\n\n<p>Eso provoc\u00f3 el desgarre de vestiduras entre los obradoristas que iniciaron proceso contra Garza ante la&nbsp;<strong>Comisi\u00f3n Nacional de Honor y Justicia<\/strong>&nbsp;del partido y amagan con expulsarlo. Ante el embate, la diputada Jim\u00e9nez debi\u00f3 deslindarse, pero el proceso contra su marido sigue en curso.<\/p>\n\n\n\n<p>El&nbsp;<strong>segundo encontronazo fue la reforma contra el nepotismo<\/strong>. Ram\u00edrez Cu\u00e9llar y Jim\u00e9nez intentaron por todos los medios corregir la modificaci\u00f3n que hizo el Senado a la iniciativa de Sheinbaum, con la que se aplaz\u00f3 hasta 2030 su aplicaci\u00f3n.<\/p>\n\n\n\n<p>El obradorismo, con Monreal a la cabeza, no s\u00f3lo bloque\u00f3 los intentos, sino que<strong>&nbsp;se dedic\u00f3 a aislar a esta facci\u00f3n af\u00edn a la mandataria, que ya aglutina a unos cien de los 257 diputados federales morenistas<\/strong>. Incluso acus\u00f3 a Jim\u00e9nez de traici\u00f3n por buscar acuerdos con el PAN para que la reforma se aplicara desde 2027 como originalmente lo planteaba la presidentA.<\/p>\n\n\n\n<p>Este jueves, Jim\u00e9nez y Monreal supuestamente fumar\u00e1n la pipa de la paz, pero ella ni sus aliados ceder\u00e1n en la conformaci\u00f3n de la estructura social y pol\u00edtica que ya echaron a andar y que&nbsp;<strong>pretende integrar al mayor n\u00famero de afines a Claudia entre los 10 millones de militantes<\/strong>&nbsp;que busca afiliar el secretario de Organizaci\u00f3n del partido,&nbsp;<strong>Andy L\u00f3pez Beltr\u00e1n. &nbsp;<\/strong><\/p>\n\n\n\n<p>Pero tambi\u00e9n est\u00e1 planeada para ir m\u00e1s all\u00e1 del partido que fund\u00f3 Andr\u00e9s L\u00f3pez Obrador.<\/p>\n\n\n\n<p>Y ah\u00ed es donde entran conocidos operadores expriistas: el mexiquense&nbsp;<strong>Eruviel \u00c1vila,<\/strong>&nbsp;el oaxaque\u00f1o&nbsp;<strong>Alejandro Murat<\/strong>, el yucateco&nbsp;<strong>Jorge Carlos Ram\u00edrez Mar\u00edn<\/strong>&nbsp;y el capitalino&nbsp;<strong>Adri\u00e1n Rubalcava<\/strong>&nbsp;conformaron una \u201cAlianza progresista\u201d, que ratific\u00f3 \u201cnuestro compromiso, m\u00e1s que nunca con la presidenta y el proyecto de transformaci\u00f3n que ella encabeza\u201d.<\/p>\n\n\n\n<p>Una estructura paralela a Morena, integrada por colmilludos ex priistas, cobijados por el morenismo, para pavimentar el segundo piso de la cuatrot\u00e9 y contribuir al desplazamiento de los que no se sumen al proyecto de la presidentA Sheinbaum. &nbsp;&nbsp;<\/p>\n\n\n\n<p>POR: RAYMUNDO S\u00c1NCHEZ PATL\u00c1N&nbsp;<\/p>\n","protected":false},"excerpt":{"rendered":"<p>A cimentar las bases de lo que proyectan ser\u00e1 una s\u00f3lida estructura social y pol\u00edtica de la presidenta Claudia Sheinbaum se est\u00e1 dedicando un grupo de destacados morenistas y no tan morenistas. El objetivo es&nbsp;minar la influencia de los obradoristas&nbsp;en la toma de decisiones gubernamentales, legislativas y, por supuesto, electorales, incluida la sucesi\u00f3n presidencial de [&hellip;]<\/p>\n","protected":false},"author":2,"featured_media":138843,"comment_status":"open","ping_status":"open","sticky":false,"template":"","format":"standard","meta":{"footnotes":""},"categories":[62],"tags":[],"class_list":["post-138842","post","type-post","status-publish","format-standard","has-post-thumbnail","hentry","category-opinion"],"_links":{"self":[{"href":"http:\/\/elcuartopoder.com.mx\/nw\/wp-json\/wp\/v2\/posts\/138842","targetHints":{"allow":["GET"]}}],"collection":[{"href":"http:\/\/elcuartopoder.com.mx\/nw\/wp-json\/wp\/v2\/posts"}],"about":[{"href":"http:\/\/elcuartopoder.com.mx\/nw\/wp-json\/wp\/v2\/types\/post"}],"author":[{"embeddable":true,"href":"http:\/\/elcuartopoder.com.mx\/nw\/wp-json\/wp\/v2\/users\/2"}],"replies":[{"embeddable":true,"href":"http:\/\/elcuartopoder.com.mx\/nw\/wp-json\/wp\/v2\/comments?post=138842"}],"version-history":[{"count":1,"href":"http:\/\/elcuartopoder.com.mx\/nw\/wp-json\/wp\/v2\/posts\/138842\/revisions"}],"predecessor-version":[{"id":138844,"href":"http:\/\/elcuartopoder.com.mx\/nw\/wp-json\/wp\/v2\/posts\/138842\/revisions\/138844"}],"wp:featuredmedia":[{"embeddable":true,"href":"http:\/\/elcuartopoder.com.mx\/nw\/wp-json\/wp\/v2\/media\/138843"}],"wp:attachment":[{"href":"http:\/\/elcuartopoder.com.mx\/nw\/wp-json\/wp\/v2\/media?parent=138842"}],"wp:term":[{"taxonomy":"category","embeddable":true,"href":"http:\/\/elcuartopoder.com.mx\/nw\/wp-json\/wp\/v2\/categories?post=138842"},{"taxonomy":"post_tag","embeddable":true,"href":"http:\/\/elcuartopoder.com.mx\/nw\/wp-json\/wp\/v2\/tags?post=138842"}],"curies":[{"name":"wp","href":"https:\/\/api.w.org\/{rel}","templated":true}]}}