{"id":138845,"date":"2025-03-15T22:55:37","date_gmt":"2025-03-16T03:55:37","guid":{"rendered":"https:\/\/elcuartopoder.com.mx\/nw\/?p=138845"},"modified":"2025-03-15T22:55:38","modified_gmt":"2025-03-16T03:55:38","slug":"dua-lipa-y-donatella-versace-una-amistad-que-surgio-gracias-al-amor-por-la-moda","status":"publish","type":"post","link":"http:\/\/elcuartopoder.com.mx\/nw\/entretenimiento\/espectaculos\/dua-lipa-y-donatella-versace-una-amistad-que-surgio-gracias-al-amor-por-la-moda\/","title":{"rendered":"Dua Lipa y Donatella Versace, una amistad que surgi\u00f3 gracias al amor por la moda"},"content":{"rendered":"\n<p>El v\u00ednculo entre la m\u00fasica y la moda es innegable y dos mujeres que lo representan son la cantante Dua Lipa y la dise\u00f1adora de moda Donatella Versace. Ambas son apasionadas de la moda y gracias a esta industria surgi\u00f3 su amistad. Admiraci\u00f3n y respeto son parte de su v\u00ednculo amistoso que qued\u00f3 de manifiesto con la reciente publicaci\u00f3n que la int\u00e9rprete de \u201cLevitating\u201d hizo en Instagram.<\/p>\n\n\n\n<p>\u201cNadie lo hace como t\u00fa, Donatella Versace\u201d, expres\u00f3 Dua Lipa en la publicaci\u00f3n con la que reaccion\u00f3 a la salida de la dise\u00f1adora de moda de Versace, una de las firmas de lujo m\u00e1s conocidas en el mundo. Hoy 13 de marzo se dio a conocer que la creadora de incontables looks de moda ya no ser\u00e1 la directora creativa de la casa de moda luego de tener este cargo 27 a\u00f1os.<\/p>\n\n\n\n<p>La misma<strong>&nbsp;Donatella Versace<\/strong>, de 69 a\u00f1os de edad, inform\u00f3 en su cuenta de Instagram su decisi\u00f3n, precisando que uno de sus objetivos siempre ha sido impulsar a las nuevas generaciones de dise\u00f1adores, as\u00ed como rendirle<strong>&nbsp;tributo&nbsp;<\/strong>a su hermano&nbsp;<strong>Gianni Versace<\/strong>, quien fund\u00f3 Versace en 1978 y estuvo a su cargo hasta el 15 de julio de 1997, d\u00eda en el que fue asesinado.<\/p>\n\n\n\n<blockquote class=\"wp-block-quote is-layout-flow wp-block-quote-is-layout-flow\">\n<p>\u201cImpulsar a la pr\u00f3xima generaci\u00f3n de dise\u00f1adores siempre ha sido importante para m\u00ed. Estoy encantado de que Dario Vitale se una a nosotros y emocionado de ver Versace con nuevos ojos. Ha sido el mayor honor de mi vida continuar el legado de mi hermano Gianni. \u00c9l fue un verdadero genio, pero espero heredar algo de su esp\u00edritu y tenacidad\u201d, extern\u00f3 Donatella Versace.<\/p>\n<\/blockquote>\n\n\n\n<h2 class=\"wp-block-heading\">C\u00f3mo surgi\u00f3 la amistad de Dua Lipa y Donatella Versace<\/h2>\n\n\n\n<p>Para&nbsp;<strong>Dua Lipa&nbsp;<\/strong>la salida de&nbsp;<strong>Donatella Versace<\/strong>&nbsp;de Versace es emotiva porque forj\u00f3 con ella una&nbsp;<strong>amistad.<\/strong>&nbsp;El lazo afectivo surgi\u00f3 debido a que la casa de moda ha vestido a la cantante, de 29 a\u00f1os, en los \u00faltimos a\u00f1os. Dua Lipa no eligi\u00f3 a&nbsp;<strong>Versace<\/strong>&nbsp;como una de sus&nbsp;<strong>marcas preferidas&nbsp;<\/strong>por casualidad, sino que fue una decisi\u00f3n consciente porque la firma tiene un estilo que la representa.<\/p>\n\n\n\n<p>La alianza de&nbsp;<strong>Dua Lipa&nbsp;<\/strong>y&nbsp;<strong>Donatella Versace<\/strong>&nbsp;mediante la firma fundada por Gianni Versace se evidenci\u00f3 en los&nbsp;<strong>Premios Grammy 2022<\/strong>. La tambi\u00e9n actriz lleg\u00f3 a la alfombra roja con un<strong>&nbsp;vestido bondage negro<\/strong>&nbsp;de Versace y una cabellera rubia. Esto marc\u00f3 la carrera y relaci\u00f3n de Dua Lipa con la moda, anticipando su colaboraci\u00f3n con&nbsp;<strong>Versace<\/strong>.<\/p>\n\n\n\n<h2 class=\"wp-block-heading\">C\u00f3mo se llama la colecci\u00f3n de moda de Dua Lipa para Versace<\/h2>\n\n\n\n<p>En&nbsp;<strong>2023&nbsp;<\/strong>se dio a conocer que&nbsp;<strong>Dua Lipa&nbsp;<\/strong>y&nbsp;<strong>Donatella Versace<\/strong>&nbsp;trabajaron juntas en la colecci\u00f3n llamada&nbsp;<strong>La vacanza<\/strong>. Por un lado, la cantante hizo realidad su sue\u00f1o de debutar como dise\u00f1adora y, por otro lado, su amistad con la dise\u00f1adora de<strong>&nbsp;moda<\/strong>&nbsp;se termin\u00f3 por forjar.&nbsp;<\/p>\n\n\n\n<p>Esta<strong>&nbsp;colecci\u00f3n<\/strong>&nbsp;fue especial para ambas porque el punto de inspiraci\u00f3n fueron los&nbsp;<strong>a\u00f1os 90<\/strong>&nbsp;de los que son fans; adem\u00e1s, para&nbsp;<strong>Donatella Versace<\/strong>&nbsp;significa un punto clave en su carrera como dise\u00f1adora, y tambi\u00e9n as\u00ed hizo gui\u00f1o a&nbsp;<strong>Gianni Versace<\/strong>, quien en esa \u00e9poca estuvo en auge.<\/p>\n","protected":false},"excerpt":{"rendered":"<p>El v\u00ednculo entre la m\u00fasica y la moda es innegable y dos mujeres que lo representan son la cantante Dua Lipa y la dise\u00f1adora de moda Donatella Versace. Ambas son apasionadas de la moda y gracias a esta industria surgi\u00f3 su amistad. Admiraci\u00f3n y respeto son parte de su v\u00ednculo amistoso que qued\u00f3 de manifiesto [&hellip;]<\/p>\n","protected":false},"author":2,"featured_media":138846,"comment_status":"open","ping_status":"open","sticky":false,"template":"","format":"standard","meta":{"footnotes":""},"categories":[11],"tags":[],"class_list":["post-138845","post","type-post","status-publish","format-standard","has-post-thumbnail","hentry","category-espectaculos"],"_links":{"self":[{"href":"http:\/\/elcuartopoder.com.mx\/nw\/wp-json\/wp\/v2\/posts\/138845","targetHints":{"allow":["GET"]}}],"collection":[{"href":"http:\/\/elcuartopoder.com.mx\/nw\/wp-json\/wp\/v2\/posts"}],"about":[{"href":"http:\/\/elcuartopoder.com.mx\/nw\/wp-json\/wp\/v2\/types\/post"}],"author":[{"embeddable":true,"href":"http:\/\/elcuartopoder.com.mx\/nw\/wp-json\/wp\/v2\/users\/2"}],"replies":[{"embeddable":true,"href":"http:\/\/elcuartopoder.com.mx\/nw\/wp-json\/wp\/v2\/comments?post=138845"}],"version-history":[{"count":1,"href":"http:\/\/elcuartopoder.com.mx\/nw\/wp-json\/wp\/v2\/posts\/138845\/revisions"}],"predecessor-version":[{"id":138847,"href":"http:\/\/elcuartopoder.com.mx\/nw\/wp-json\/wp\/v2\/posts\/138845\/revisions\/138847"}],"wp:featuredmedia":[{"embeddable":true,"href":"http:\/\/elcuartopoder.com.mx\/nw\/wp-json\/wp\/v2\/media\/138846"}],"wp:attachment":[{"href":"http:\/\/elcuartopoder.com.mx\/nw\/wp-json\/wp\/v2\/media?parent=138845"}],"wp:term":[{"taxonomy":"category","embeddable":true,"href":"http:\/\/elcuartopoder.com.mx\/nw\/wp-json\/wp\/v2\/categories?post=138845"},{"taxonomy":"post_tag","embeddable":true,"href":"http:\/\/elcuartopoder.com.mx\/nw\/wp-json\/wp\/v2\/tags?post=138845"}],"curies":[{"name":"wp","href":"https:\/\/api.w.org\/{rel}","templated":true}]}}