{"id":138848,"date":"2025-03-15T22:57:03","date_gmt":"2025-03-16T03:57:03","guid":{"rendered":"https:\/\/elcuartopoder.com.mx\/nw\/?p=138848"},"modified":"2025-03-15T22:57:05","modified_gmt":"2025-03-16T03:57:05","slug":"el-impacto-para-mexico-de-la-designacion-de-carteles-como-grupos-terroristas","status":"publish","type":"post","link":"http:\/\/elcuartopoder.com.mx\/nw\/editorial\/el-impacto-para-mexico-de-la-designacion-de-carteles-como-grupos-terroristas\/","title":{"rendered":"El impacto para M\u00e9xico de la designaci\u00f3n de c\u00e1rteles como grupos terroristas"},"content":{"rendered":"\n<p>Por&nbsp;Christian Ximena Cisneros Salinas<\/p>\n\n\n\n<p>En las \u00faltimas semanas, ha generado gran controversia la declaraci\u00f3n de Donald Trump del pasado 20 de enero sobre su intenci\u00f3n de designar a los&nbsp;<strong>c\u00e1rteles mexicanos<\/strong>&nbsp;como organizaciones terroristas. Sin embargo, esta no es la primera vez que se propone una medida similar. En 2011, el Congreso de Estados Unidos intent\u00f3 sin \u00e9xito aprobar esta designaci\u00f3n tras el asesinato de dos ciudadanos estadounidenses a manos del crimen organizado. En 2019, Trump retom\u00f3 la iniciativa despu\u00e9s del asesinato de nueve miembros de la familia mormona LeBar\u00f3n, quienes ten\u00edan doble nacionalidad y fueron atacados en una zona fronteriza del norte de M\u00e9xico.&nbsp;<\/p>\n\n\n\n<p>Las implicaciones de esta medida para M\u00e9xico son numerosas y abarcan distintas \u00e1reas. En el&nbsp;<strong>\u00e1mbito econ\u00f3mico<\/strong>, una de las principales preocupaciones es la posible afectaci\u00f3n al<strong>&nbsp;comercio internacional<\/strong>. De acuerdo con la legislaci\u00f3n estadounidense, el gobierno de Estados Unidos tiene prohibido firmar&nbsp;<strong>acuerdos comerciales<\/strong>&nbsp;con organizaciones terroristas. M\u00e9xico, al ser parte del Tratado junto con Estados Unidos y Canad\u00e1 (T-MEC), depende en gran medida de su&nbsp;<strong>relaci\u00f3n comercial<\/strong>&nbsp;con estos pa\u00edses, ya que m\u00e1s del 80% de sus exportaciones tienen como destino estos mercados. La incertidumbre derivada de esta medida podr\u00eda afectar la&nbsp;<strong>estabilidad econ\u00f3mica<\/strong>, debilitando el peso, encareciendo las importaciones y generando un impacto negativo en el empleo y el&nbsp;<strong>comercio<\/strong>.<\/p>\n\n\n\n<p>El sector financiero tambi\u00e9n enfrenta retos significativos. La clasificaci\u00f3n de los&nbsp;<strong>c\u00e1rteles&nbsp;<\/strong>como&nbsp;<strong>grupos terroristas&nbsp;<\/strong>obligar\u00eda a los bancos en M\u00e9xico a reforzar sus controles y adoptar un enfoque m\u00e1s restrictivo para evitar sanciones por parte de Estados Unidos, lo que podr\u00eda traducirse en una reducci\u00f3n en la concesi\u00f3n de cr\u00e9ditos y otros servicios financieros, afectando particularmente a sectores como la agricultura, la ganader\u00eda y el transporte, que en algunos casos tienen v\u00ednculos indirectos con el narcotr\u00e1fico. Adem\u00e1s, el endurecimiento de la vigilancia sobre las transacciones har\u00eda m\u00e1s costoso y complicado mover dinero dentro del pa\u00eds, lo que podr\u00eda desacelerar la&nbsp;<strong>econom\u00eda<\/strong>, dificultar el acceso a financiamiento y afectar la generaci\u00f3n de empleo.&nbsp;<\/p>\n\n\n\n<figure class=\"wp-block-image\"><img decoding=\"async\" src=\"https:\/\/heraldodemexico.com.mx\/u\/fotografias\/m\/2025\/3\/13\/f768x400-1098348_1142251_5050.jpg\" alt=\"Los impactos negativos que podr\u00eda tener M\u00e9xico si Donald Trump logra nombrar a los c\u00e1rteles como grupos terroristas.\"\/><figcaption class=\"wp-element-caption\">Los impactos negativos que podr\u00eda tener M\u00e9xico si Donald Trump logra nombrar a los c\u00e1rteles como grupos terroristas.<br>Foto: Freepik<\/figcaption><\/figure>\n\n\n\n<p>En materia&nbsp;<strong>migratoria<\/strong>, la medida se suma a un contexto ya complicado. De acuerdo con datos de El Financiero, en los primeros d\u00edas de la nueva administraci\u00f3n de Trump, m\u00e1s de 10 mil personas fueron detenidas en la frontera, el triple de lo que ocurri\u00f3 en el mismo periodo durante el mandato de Joe Biden. Adem\u00e1s, el gobierno estadounidense ha bloqueado fondos de la Agencia de los Estados Unidos para el Desarrollo Internacional (USAID), los cuales financiaban a diversas ONG y programas sociales que brindan ayuda humanitaria a&nbsp;<strong>migrantes&nbsp;<\/strong>en la frontera. Esto agravar\u00e1 la situaci\u00f3n de miles de&nbsp;<strong>migrantes<\/strong>&nbsp;deportados o varados en territorio mexicano. Asimismo, la medida podr\u00eda justificar una mayor injerencia de Estados Unidos en M\u00e9xico bajo el pretexto de combatir el terrorismo, debilitando la soberan\u00eda nacional y complicando la cooperaci\u00f3n bilateral en seguridad.&nbsp;<\/p>\n\n\n\n<p>En conclusi\u00f3n, la designaci\u00f3n de los&nbsp;<strong>c\u00e1rteles mexicanos<\/strong>&nbsp;como&nbsp;<strong>grupos terroristas<\/strong>&nbsp;traer\u00eda consigo&nbsp;<strong>efectos negativos&nbsp;<\/strong>para M\u00e9xico en diversos frentes, desde el&nbsp;<strong>comercio&nbsp;<\/strong>y la&nbsp;<strong>econom\u00eda&nbsp;<\/strong>hasta la&nbsp;<strong>migraci\u00f3n&nbsp;<\/strong>y la seguridad nacional. Ante este escenario, resulta fundamental que el Ejecutivo establezca un posicionamiento firme y una estrategia clara para proteger los intereses del pa\u00eds y mitigar los posibles impactos negativos.<\/p>\n\n\n\n<p><\/p>\n","protected":false},"excerpt":{"rendered":"<p>Por&nbsp;Christian Ximena Cisneros Salinas En las \u00faltimas semanas, ha generado gran controversia la declaraci\u00f3n de Donald Trump del pasado 20 de enero sobre su intenci\u00f3n de designar a los&nbsp;c\u00e1rteles mexicanos&nbsp;como organizaciones terroristas. Sin embargo, esta no es la primera vez que se propone una medida similar. En 2011, el Congreso de Estados Unidos intent\u00f3 sin [&hellip;]<\/p>\n","protected":false},"author":2,"featured_media":138849,"comment_status":"open","ping_status":"open","sticky":false,"template":"","format":"standard","meta":{"footnotes":""},"categories":[63],"tags":[],"class_list":["post-138848","post","type-post","status-publish","format-standard","has-post-thumbnail","hentry","category-editorial"],"_links":{"self":[{"href":"http:\/\/elcuartopoder.com.mx\/nw\/wp-json\/wp\/v2\/posts\/138848","targetHints":{"allow":["GET"]}}],"collection":[{"href":"http:\/\/elcuartopoder.com.mx\/nw\/wp-json\/wp\/v2\/posts"}],"about":[{"href":"http:\/\/elcuartopoder.com.mx\/nw\/wp-json\/wp\/v2\/types\/post"}],"author":[{"embeddable":true,"href":"http:\/\/elcuartopoder.com.mx\/nw\/wp-json\/wp\/v2\/users\/2"}],"replies":[{"embeddable":true,"href":"http:\/\/elcuartopoder.com.mx\/nw\/wp-json\/wp\/v2\/comments?post=138848"}],"version-history":[{"count":1,"href":"http:\/\/elcuartopoder.com.mx\/nw\/wp-json\/wp\/v2\/posts\/138848\/revisions"}],"predecessor-version":[{"id":138850,"href":"http:\/\/elcuartopoder.com.mx\/nw\/wp-json\/wp\/v2\/posts\/138848\/revisions\/138850"}],"wp:featuredmedia":[{"embeddable":true,"href":"http:\/\/elcuartopoder.com.mx\/nw\/wp-json\/wp\/v2\/media\/138849"}],"wp:attachment":[{"href":"http:\/\/elcuartopoder.com.mx\/nw\/wp-json\/wp\/v2\/media?parent=138848"}],"wp:term":[{"taxonomy":"category","embeddable":true,"href":"http:\/\/elcuartopoder.com.mx\/nw\/wp-json\/wp\/v2\/categories?post=138848"},{"taxonomy":"post_tag","embeddable":true,"href":"http:\/\/elcuartopoder.com.mx\/nw\/wp-json\/wp\/v2\/tags?post=138848"}],"curies":[{"name":"wp","href":"https:\/\/api.w.org\/{rel}","templated":true}]}}