{"id":138886,"date":"2025-03-17T15:01:45","date_gmt":"2025-03-17T20:01:45","guid":{"rendered":"https:\/\/elcuartopoder.com.mx\/nw\/?p=138886"},"modified":"2025-03-17T15:01:46","modified_gmt":"2025-03-17T20:01:46","slug":"magistrados-se-aferran","status":"publish","type":"post","link":"http:\/\/elcuartopoder.com.mx\/nw\/politica\/magistrados-se-aferran\/","title":{"rendered":"Magistrados se aferran"},"content":{"rendered":"\n<p><strong>Nueve magistrados<\/strong>, entre ellos tres presidentes de salas regionales electorales, pretenden permanecer en sus cargos y estar\u00e1n en las boletas de los comicios para renovar el\u00a0<strong>Poder Judicial de la Federaci\u00f3n<\/strong>, el primer domingo de junio del 2025. Del total de 96 aspirantes a 15 magistraturas en las cinco salas regionales del Poder Judicial de la Federaci\u00f3n, hay tambi\u00e9n 6 candidatos que llegar\u00e1n a las boletas con el apoyo de los tres poderes de la Uni\u00f3n: Ejecutivo, Legislativo y Judicial. Otros 14 candidatos ganaron su postulaci\u00f3n impulsados por dos de los tres Poderes de la Uni\u00f3n. Todas estas circunstancias har\u00e1n muy re\u00f1ida la contienda para definir los tres magistrados que a partir de septiembre del 2025 despachar\u00e1n en cada una de las cinco salas regionales del Tribunal Electoral que tienen sus sedes en\u00a0<strong>Guadalajara, Monterrey, Xalapa, Ciudad de M\u00e9xico y Estado de M\u00e9xico.<\/strong><\/p>\n\n\n\n<p>El Instituto Nacional Electoral dio a conocer la lista de 96 candidatos a integrar los plenos (tres magistrados por sala) de las cinco salas regionales del Tribunal federal electoral y aclar\u00f3 que recibi\u00f3 un n\u00famero importante de solicitudes de correcciones, renuncias y escritos en los que se proporcionaron datos de vital importancia que constituyen requisitos m\u00ednimos para poder continuar con el correcto desarrollo del proceso electivo. Con corte al 5 de marzo del 2025, hasta las 20:00 horas, se recibieron 1020 solicitudes, de las cuales 88 fueron renuncias a candidaturas debidamente ratificadas, as\u00ed como 34 peticiones de correcci\u00f3n de nombre de las personas candidatas.<\/p>\n\n\n\n<p>Una vez publicada la lista de candidatos a magistrados de las cinco salas regionales del Tribunal Electoral del Poder Judicial de la Federaci\u00f3n, las y los aspirantes pudieron solicitar al Instituto Nacional Electoral la rectificaci\u00f3n de sus datos en un plazo m\u00e1ximo de tres d\u00edas h\u00e1biles a partir del jueves 6 de marzo del 2025. Ese plazo se cumpli\u00f3 este martes 11 de marzo del 2025.<\/p>\n\n\n\n<p>El jueves 6 de marzo del 2025 el Consejo General del INE acord\u00f3 la publicaci\u00f3n preliminar de los listados de las personas candidatas que se utilizar\u00e1n para la impresi\u00f3n de las boletas electorales de los cargos de magistradas y magistrados de las Salas Regionales del Tribunal Electoral del Poder Judicial de la Federaci\u00f3n, de magistradas y magistrados de los Tribunales Colegiados de Circuito y de juezas y jueces de Distrito.<\/p>\n\n\n\n<h2 class=\"wp-block-heading\">Candidaturas relevantes<\/h2>\n\n\n\n<p>En la lista de candidatos a magistrados de salas regionales del Tribunal Electoral del Poder Judicial de la Federaci\u00f3n hay seis casos relevantes, de personas que llegar\u00e1n a las boletas con el apoyo de los tres Poderes de la Uni\u00f3n: Ejecutivo, Legislativo y Judicial.<\/p>\n\n\n\n<figure class=\"wp-block-image\"><img decoding=\"async\" src=\"https:\/\/www.sinembargo.mx\/wp-content\/uploads\/2025\/03\/candidatos-magistrados-1.jpg?x82148\" alt=\"\" class=\"wp-image-4628155\"\/><\/figure>\n\n\n\n<p>Irina Graciela Cervantes Bravo es licenciada en Derecho por la Universidad Aut\u00f3noma de Nayarit, con maestr\u00eda y doctorado en la Facultad de Derecho de la Universidad Complutense de Madrid. Ha sido Juez instructor del Tribunal Electoral del Estado de Nayarit (2008-2009); Secretaria de Estudio y Cuenta adscrita a presidencia de la Sala Constitucional Electoral del Tribunal Superior de Justicia del Estado de Nayarit (2011-2016) y Magistrada del Tribunal Electoral del Estado de Nayarit (2017-2024). Aspira al cargo de magistrada en la Sala Regional Guadalajara del Tribunal Electoral del Poder Judicial de la Federaci\u00f3n (TEPJF).<\/p>\n\n\n\n<p>Gabriela Dolores Ruvalcaba Garc\u00eda es abogada y maestra en Derecho Constitucional y Amparo por la Divisi\u00f3n de Estudios Jur\u00eddicos del Centro Universitario de Ciencias Sociales y Humanidades de la Universidad de Guadalajara. Es doctora y maestra en Derecho Electoral por el Instituto de Investigaciones y Capacitaci\u00f3n Electoral del Tribunal Electoral del Estado de Jalisco. Actualmente se desempe\u00f1a como director de la Escuela Judicial Electoral del Tribunal Electoral del Poder Judicial de la Federaci\u00f3n (TEPJF). Aspira al cargo de magistrada en la Sala Regional Guadalajara del TEPJF.<\/p>\n\n\n\n<p>Claudia Patricia de la Garza Ramos es actualmente presidenta del Tribunal Electoral del Estado de Nuevo Le\u00f3n. Es licenciada en Derecho y Ciencias Sociales por la Facultad de Derecho y Ciencias Sociales de la Universidad Aut\u00f3noma de Nuevo Le\u00f3n. Tiene maestr\u00eda en Ciencias Pol\u00edticas, con doble titulaci\u00f3n por la Universidad de Salamanca, Espa\u00f1a, y la Facultad de Ciencias Pol\u00edticas y Administraci\u00f3n P\u00fablica de la Universidad Aut\u00f3noma de Nuevo Le\u00f3n. Ella aspira a ser magistrada de la Sala Regional Monterrey del Tribunal Electoral del Poder Judicial de la Federaci\u00f3n.<\/p>\n\n\n\n<p>Norma Ang\u00e9lica Sandoval S\u00e1nchez, magistrada del Tribunal Electoral del Estado de Puebla, que presidi\u00f3 en el 2020. Es maestra en Derecho Electoral, por el Instituto del Tribunal Electoral del Estado de Jalisco. Especialista en Justicia Electoral, por la Sala Superior del Tribunal Electoral del Poder Judicial de la Federaci\u00f3n. Abogada, Notaria y Actuaria, por la Benem\u00e9rita Universidad Aut\u00f3noma de Puebla. Tiene doctorado en Derecho Electoral. Es candidata a magistrada de la Sala Regional del Tribunal Electoral del Poder Judicial de la Federaci\u00f3n en la Ciudad de M\u00e9xico.<\/p>\n\n\n\n<p>Denny Mart\u00ednez Ram\u00edrez, secretaria de Estudio y Cuenta de la Sala Regional de la Ciudad de M\u00e9xico del Tribunal Electoral del Poder Judicial de la Federaci\u00f3n. Es licenciada en derecho por la Universidad del Valle de M\u00e9xico. Es candidata a magistrada de la Sala Regional Toluca, Estado de M\u00e9xico, del TEPJF.<\/p>\n\n\n\n<p>Isa\u00edas Trejo S\u00e1nchez, es Secretario de estudio y cuenta de la Sala Superior del Tribunal Electoral del Poder Judicial de la Federaci\u00f3n, adscrito a la ponencia del magistrado Felipe de la Mata Piza\u00f1a. Abogado con especialidad en derecho constitucional y electoral por la Universidad Nacional Aut\u00f3noma de M\u00e9xico. Pretende ganar la elecci\u00f3n para ser magistrado en la Sala Regional Toluca, Estado de M\u00e9xico, del Tribnal Electoral del Poder Judicial de la Federaci\u00f3n.<\/p>\n\n\n\n<figure class=\"wp-block-image\"><img decoding=\"async\" src=\"https:\/\/www.sinembargo.mx\/wp-content\/uploads\/2025\/03\/candidatos-magistrados-2.jpg?x82148\" alt=\"\" class=\"wp-image-4628154\"\/><\/figure>\n\n\n\n<h2 class=\"wp-block-heading\">Los que est\u00e1n en funciones<\/h2>\n\n\n\n<p>Hay tres presidentes de salas regionales del Tribunal Electoral del Poder Judicial de la Federaci\u00f3n que estar\u00e1n en la contienda electoral con la intenci\u00f3n de permanecer en sus actuales cargos: Sergio Arturo Guerrero Olvera, presidente de la Sala Regional Guadalajara; Eva Barrientos Zepeda, presidenta de la Sala Regional de Xalapa, Veracruz; y Alejandro David Avante Ju\u00e1rez, quien actualmente preside la Sala Regional Toluca, Estado de M\u00e9xico.<\/p>\n\n\n\n<p>Tambi\u00e9n pretenden mantenerse en su cargo de magistrado Ernesto Camacho Ochoa, quien actualmente integra la Sala Regional Monterrey; Jos\u00e9 Antonio Troncoso \u00c1vila, magistrado en la Sala Regional Xalapa; buscar\u00e1n ganar la elecci\u00f3n para seguir de magistrados en la Sala Regional Ciudad de M\u00e9xico los magistrados Jos\u00e9 Luis Cevallos Daza y Luis Enrique Rivero Carrera; y finalmente, estar\u00e1 en la contienda para conserva sus cargos en la Sala Regional Toluca, Estado de M\u00e9xico, los magistrados Marcela Elena Fern\u00e1ndez Dom\u00ednguez y Fabi\u00e1n Trinidad Jim\u00e9nez.<\/p>\n\n\n\n<figure class=\"wp-block-image\"><img decoding=\"async\" src=\"https:\/\/www.sinembargo.mx\/wp-content\/uploads\/2025\/03\/candidatos-magistrados-3.jpg?x82148\" alt=\"\" class=\"wp-image-4628156\"\/><\/figure>\n\n\n\n<figure class=\"wp-block-image\"><img decoding=\"async\" src=\"https:\/\/www.sinembargo.mx\/wp-content\/uploads\/2025\/03\/magistrados-electorales.jpg?x82148\" alt=\"\" class=\"wp-image-4628157\"\/><\/figure>\n\n\n\n<figure class=\"wp-block-image\"><img decoding=\"async\" src=\"https:\/\/www.sinembargo.mx\/wp-content\/uploads\/2025\/03\/candidatos-sala-regional.jpg?x82148\" alt=\"\" class=\"wp-image-4628158\"\/><\/figure>\n\n\n\n<h2 class=\"wp-block-heading\">Caracter\u00edsticas del Tribunal Electoral<\/h2>\n\n\n\n<p>El Art\u00edculo 99 de la Constituci\u00f3n General de la Rep\u00fablica se\u00f1ala que \u201cel Tribunal Electoral ser\u00e1, con excepci\u00f3n de lo dispuesto en la fracci\u00f3n II del art\u00edculo 105 de esta Constituci\u00f3n, la m\u00e1xima autoridad jurisdiccional en la materia y \u00f3rgano especializado del Poder Judicial de la Federaci\u00f3n\u201d.<\/p>\n\n\n\n<p>La excepci\u00f3n que se plantea, en las que no puede intervenir el Tribunal Electoral son las acciones de inconstitucionalidad que tengan por objeto plantear la posible contradicci\u00f3n entre una norma de car\u00e1cter general y la Constituci\u00f3n General de la Rep\u00fablica. Solo la Suprema Corte de Justicia de la Naci\u00f3n puede puede resolver estas controversias.<\/p>\n\n\n\n<p>Para el ejercicio de sus atribuciones, el Tribunal Electoral funcionar\u00e1 en forma permanente con una Sala Superior y salas regionales; sus sesiones de resoluci\u00f3n ser\u00e1n p\u00fablicas, en los t\u00e9rminos que determine la ley. Contar\u00e1 con el personal jur\u00eddico y administrativo necesario para su adecuado funcionamiento. La Sala Superior se integrar\u00e1 por siete Magistradas y Magistrados Electorales. Cada dos a\u00f1os se renovar\u00e1 la presidencia del Tribunal de manera rotatoria en funci\u00f3n del n\u00famero de votos que obtenga cada candidatura en la elecci\u00f3n respectiva, correspondiendo la presidencia a quienes alcancen mayor votaci\u00f3n.<\/p>\n\n\n\n<p>Las personas magistradas electorales que integren la Sala Superior deber\u00e1n satisfacer los requisitos que se exigen para ser Ministra o Ministro de la Suprema Corte de Justicia de la Naci\u00f3n y durar\u00e1n en su encargo seis a\u00f1os improrrogables. Las personas magistradas electorales que integren las salas regionales ser\u00e1n elegidas por circunscripciones electorales y durar\u00e1n en su encargo seis a\u00f1os improrrogables.<\/p>\n\n\n\n<figure class=\"wp-block-image\"><img decoding=\"async\" src=\"https:\/\/www.sinembargo.mx\/wp-content\/uploads\/2025\/03\/integrantes-sala-superior.jpg?x82148\" alt=\"\" class=\"wp-image-4628160\"\/><\/figure>\n\n\n\n<p>El Art\u00edculo Cuarto del decreto de reformas conticionales para la renovaci\u00f3n del Poder Judicial de la Federaci\u00f3n, publicadas el domingo 15 de septiembre del 2024, establece que las Magistradas y Magistrados de la Sala Superior del Tribunal Electoral del Poder Judicial de la&nbsp;Federaci\u00f3n que est\u00e9n en funciones a la entrada en vigor del presente Decreto permanecer\u00e1n en su encargo&nbsp;hasta el a\u00f1o 2027. El periodo de la magistrada y el magistrado electorales de la Sala Superior que sean electos en 2025 durar\u00e1 en sus cargos ocho a\u00f1os, por lo que su periodo vencer\u00e1 en el 2033. El periodo de las Magistradas y Magistrados electorales de salas regionales que resulten electos en la&nbsp;elecci\u00f3n extraordinaria del a\u00f1o 2025 durar\u00e1 ocho a\u00f1os, y su periodo vencer\u00e1 en el 2033.<\/p>\n\n\n\n<figure class=\"wp-block-image\"><img decoding=\"async\" src=\"https:\/\/www.sinembargo.mx\/wp-content\/uploads\/2025\/03\/boleta-sala-superior.jpg?x82148\" alt=\"\" class=\"wp-image-4628159\"\/><\/figure>\n\n\n\n<p>Por los perfiles que estar\u00e1n en la contienda electoral del domingo primero de junio, es razonable anticipar que los dos nuevos magistrados que llegar\u00e1n a la Sala Superior del Tribunal Electoral del Poder Judicial de la Federaci\u00f3n y quienes integrar\u00e1n los plenos (tres magistrados por sala) de las cinco salas regionales, ser\u00e1n personas con una alta calificaci\u00f3n t\u00e9cnica jur\u00eddica para el desempe\u00f1o de sus cargos a partir del primero de septiembre del 2025.<\/p>\n","protected":false},"excerpt":{"rendered":"<p>Nueve magistrados, entre ellos tres presidentes de salas regionales electorales, pretenden permanecer en sus cargos y estar\u00e1n en las boletas de los comicios para renovar el\u00a0Poder Judicial de la Federaci\u00f3n, el primer domingo de junio del 2025. Del total de 96 aspirantes a 15 magistraturas en las cinco salas regionales del Poder Judicial de la [&hellip;]<\/p>\n","protected":false},"author":2,"featured_media":138887,"comment_status":"open","ping_status":"open","sticky":false,"template":"","format":"standard","meta":{"footnotes":""},"categories":[61],"tags":[],"class_list":["post-138886","post","type-post","status-publish","format-standard","has-post-thumbnail","hentry","category-politica"],"_links":{"self":[{"href":"http:\/\/elcuartopoder.com.mx\/nw\/wp-json\/wp\/v2\/posts\/138886","targetHints":{"allow":["GET"]}}],"collection":[{"href":"http:\/\/elcuartopoder.com.mx\/nw\/wp-json\/wp\/v2\/posts"}],"about":[{"href":"http:\/\/elcuartopoder.com.mx\/nw\/wp-json\/wp\/v2\/types\/post"}],"author":[{"embeddable":true,"href":"http:\/\/elcuartopoder.com.mx\/nw\/wp-json\/wp\/v2\/users\/2"}],"replies":[{"embeddable":true,"href":"http:\/\/elcuartopoder.com.mx\/nw\/wp-json\/wp\/v2\/comments?post=138886"}],"version-history":[{"count":1,"href":"http:\/\/elcuartopoder.com.mx\/nw\/wp-json\/wp\/v2\/posts\/138886\/revisions"}],"predecessor-version":[{"id":138888,"href":"http:\/\/elcuartopoder.com.mx\/nw\/wp-json\/wp\/v2\/posts\/138886\/revisions\/138888"}],"wp:featuredmedia":[{"embeddable":true,"href":"http:\/\/elcuartopoder.com.mx\/nw\/wp-json\/wp\/v2\/media\/138887"}],"wp:attachment":[{"href":"http:\/\/elcuartopoder.com.mx\/nw\/wp-json\/wp\/v2\/media?parent=138886"}],"wp:term":[{"taxonomy":"category","embeddable":true,"href":"http:\/\/elcuartopoder.com.mx\/nw\/wp-json\/wp\/v2\/categories?post=138886"},{"taxonomy":"post_tag","embeddable":true,"href":"http:\/\/elcuartopoder.com.mx\/nw\/wp-json\/wp\/v2\/tags?post=138886"}],"curies":[{"name":"wp","href":"https:\/\/api.w.org\/{rel}","templated":true}]}}