{"id":138889,"date":"2025-03-17T16:16:00","date_gmt":"2025-03-17T21:16:00","guid":{"rendered":"https:\/\/elcuartopoder.com.mx\/nw\/?p=138889"},"modified":"2025-03-17T16:16:02","modified_gmt":"2025-03-17T21:16:02","slug":"el-paraiso-bajo-acecho","status":"publish","type":"post","link":"http:\/\/elcuartopoder.com.mx\/nw\/policiacas\/el-paraiso-bajo-acecho\/","title":{"rendered":"El para\u00edso bajo acecho"},"content":{"rendered":"\n<p>Oaxaca enfrenta un incremento en los casos de desapariciones colectivas, particularmente en zonas tur\u00edsticas como Huatulco, Puerto Escondido y Zipolite, como qued\u00f3 evidenciado con la reciente desaparici\u00f3n y posterior hallazgo sin vida de j\u00f3venes originarios de Tlaxcala. Sin embargo, los n\u00fameros y las voces de activistas indican que el problema no es nuevo y es m\u00e1s grave de lo que se reconoce.<\/p>\n\n\n\n<blockquote class=\"wp-block-quote is-layout-flow wp-block-quote-is-layout-flow\">\n<p>\u201cEstamos en una realidad en la que ya no se puede hablar de Oaxaca fuera del mapa del crimen organizado [\u2026] Nos hab\u00edamos mantenido aislados hasta cierto punto de ese fen\u00f3meno, pero ya se nos acab\u00f3 eso, ya no podemos hablar m\u00e1s de que somos ajenos a esa realidad: Oaxaca ya forma parte de esta geograf\u00eda del horror por el crimen organizado. Ya no est\u00e1n aqu\u00ed improvisadamente, ya no est\u00e1n aqu\u00ed iniciando sus operaciones, ya est\u00e1n aqu\u00ed instaladas\u201d, se\u00f1al\u00f3 el activista de derechos humanos y desapariciones en Oaxaca, Joaqu\u00edn Galv\u00e1n.<\/p>\n<\/blockquote>\n\n\n\n<p>Las playas de la costa de Oaxaca, un reconocido destino tur\u00edstico nacional y que se convirti\u00f3 en un referente del turismo alternativo, ha sido escenario de actos violentos. De acuerdo con informaci\u00f3n documentada hemerograficamente, al menos 16 personas fueron desaparecidas en las zonas tur\u00edsticas de Oaxaca en los \u00faltimos dos meses.<\/p>\n\n\n\n<p>El hecho m\u00e1s relevante es el caso de al menos nueve estudiantes originarios de Tlaxcala que desaparecieron mientras se dirig\u00edan a las playas de Oaxaca. El caso cobr\u00f3 notoriedad cuando la madre de Jacqueline Aileth Meza C\u00e1zares, de 23 a\u00f1os, Andrea C\u00e1zares Garc\u00eda, public\u00f3 un mensaje solicitando ayuda para localizar a su hija:<\/p>\n\n\n\n<blockquote class=\"wp-block-quote is-layout-flow wp-block-quote-is-layout-flow\">\n<p>\u00abS\u00e9 que esta p\u00e1gina no es para esto, pero les pido de su ayuda. Mi hija se hosped\u00f3 en un hotel en Zipolite cerca de la playa. Estaba de vacaciones con su novio, salieron a cenar y un grupo de hombres los levant\u00f3 la noche de ayer. Hasta el momento no sabemos nada de ellos. Por favor, ay\u00fadenme a compartir en las redes de Huatulco y Oaxaca. Busco a mi hija, su nombre es Jacqueline Aileth Meza C\u00e1zares, tiene 23 a\u00f1os. La esperan sus hijos, una ni\u00f1a de 5 a\u00f1os y un beb\u00e9 de 3. Les suplico que compartan y me ayuden a encontrarla\u201d, escribi\u00f3 la madre en una p\u00e1gina de hospedajes y en redes sociales.<\/p>\n<\/blockquote>\n\n\n\n<p>La denuncia se viraliz\u00f3 r\u00e1pidamente, obteniendo apoyo de medios locales y usuarios de redes sociales. Poco despu\u00e9s, las autoridades de Oaxaca recibieron reportes de otras desapariciones en la misma regi\u00f3n costera. Angie Lizeth P\u00e9rez Garc\u00eda, de 29 a\u00f1os, y Brenda Mariel Salas Moya, de 19, desaparecieron el 27 de febrero en Santa Mar\u00eda Huatulco mientras viajaban en un autom\u00f3vil con placas de Yucat\u00e1n. La Fiscal\u00eda inform\u00f3 que Brenda fue localizada con vida en Puebla. Adem\u00e1s, el 28 de febrero, se report\u00f3 la desaparici\u00f3n de Ra\u00fal Emmanuel Gonz\u00e1lez Lozano y Noem\u00ed Yamileth L\u00f3pez Moratilla en Zipolite, San Pedro Pochutla.<\/p>\n\n\n\n<p>D\u00edas despu\u00e9s, el domingo 2 de marzo, la Fiscal\u00eda de Oaxaca inform\u00f3 sobre el hallazgo de al menos nueve cuerpos dentro de un veh\u00edculo en la supercarretera Cuacnopalan-Oaxaca, cerca del puente Calapa, en el estado de Puebla. El hecho encendi\u00f3 r\u00e1pidamente las alarmas sobre la posibilidad de que los cuerpos correspondieran a los j\u00f3venes desaparecidos. Las fiscal\u00edas de Oaxaca y Puebla informaron que investigaban si los nueve cuerpos hallados en una camioneta abandonada estaban relacionados con las desapariciones de los j\u00f3venes en la regi\u00f3n costera de Oaxaca.<\/p>\n\n\n\n<p>La titular de la Comisi\u00f3n Estatal de B\u00fasqueda (CEB) de Oaxaca, Michelle Juli\u00e1n L\u00f3pez, fue quien confirm\u00f3 a los medios la localizaci\u00f3n sin vida de Jacqueline Aileth Meza C\u00e1zares, joven de 23 a\u00f1os originaria de Tlaxcala.<\/p>\n\n\n\n<p>La joven fue hallada junto a otros cuerpos en la frontera entre Oaxaca y Puebla, seg\u00fan inform\u00f3&nbsp;<em>Milenio.<\/em>&nbsp;La comisionada, de acuerdo con el medio, no proporcion\u00f3 m\u00e1s detalles, ya que asegur\u00f3 que la Fiscal\u00eda de Puebla ser\u00eda la encargada de dar a conocer la informaci\u00f3n sobre las condiciones en las que fue localizada.<\/p>\n\n\n\n<p>No obstante, estos casos solo representan una muestra de un fen\u00f3meno que ha estado ocurriendo durante meses y que se ha intensificado.<\/p>\n\n\n\n<p>En enero,&nbsp;<a href=\"https:\/\/www.sinembargo.mx\/4601935\/los-has-visto-grupo-de-jovenes-desaparece-durante-viaje-de-vacaciones-iban-a-playa\/\">otro grupo de personas que viajaban hacia las playas de Oaxaca desaparecieron.<\/a>&nbsp;Fue a trav\u00e9s de redes sociales que los familiares de las v\u00edctimas informaron que al menos desde el 7 de enero, 14 j\u00f3venes y adultos hab\u00edan desaparecido en Oaxaca, tras organizar sus vacaciones para visitar el destino tur\u00edstico de Puerto Escondido. Seg\u00fan los reportes, las 14 personas fueron vistas por \u00faltima vez en la poblaci\u00f3n de R\u00edo Grande. La Comisi\u00f3n de Derechos Humanos de Oaxaca inform\u00f3 que hab\u00eda comenzado la recopilaci\u00f3n de datos y la investigaci\u00f3n, solicitando informaci\u00f3n a las autoridades.<\/p>\n\n\n\n<p>La Fiscal\u00eda de Oaxaca confirm\u00f3 la desaparici\u00f3n de seis personas, entre ellas al menos tres j\u00f3venes cuyas edades oscilan entre los 17 y los 44 a\u00f1os. Estos son: Yair Morales Mat\u00edas, de 19 a\u00f1os; Omar Edwin Garc\u00eda Guti\u00e9rrez, de 30 a\u00f1os; Yurem de Jes\u00fas Barrios Mart\u00ednez, de 17 a\u00f1os; Luis Alberto Contreras Z\u00fa\u00f1iga, de 44 a\u00f1os; y Julio Alberto Quiroz Gonz\u00e1lez, de 19 a\u00f1os.<\/p>\n\n\n\n<blockquote class=\"wp-block-quote is-layout-flow wp-block-quote-is-layout-flow\">\n<p>\u201cLa Fiscal\u00eda General del Estado de Oaxaca recibi\u00f3 las denuncias de los distintos casos entre el 11 y el 13 de enero de 2025, cuando los familiares de las v\u00edctimas acudieron ante la instituci\u00f3n, que activ\u00f3 inmediatamente los protocolos de actuaci\u00f3n en la investigaci\u00f3n y b\u00fasqueda de personas desaparecidas y no localizadas, a trav\u00e9s de la Unidad de B\u00fasqueda de Personas Desaparecidas y No Localizadas (DNOL), perteneciente a la Vicefiscal\u00eda General de Atenci\u00f3n a V\u00edctimas y la Sociedad\u201d, se lee en el comunicado emitido.<\/p>\n<\/blockquote>\n\n\n\n<p>SinEmbargo busc\u00f3 a la Comisionada de B\u00fasqueda, pero al cierre de esta edici\u00f3n no respondi\u00f3 la petici\u00f3n de entrevista.<\/p>\n\n\n\n<blockquote class=\"wp-block-quote is-layout-flow wp-block-quote-is-layout-flow\">\n<p>El activista Joaqu\u00edn Galv\u00e1n, quien ha seguido de cerca la situaci\u00f3n, explic\u00f3 que que desde noviembre de 2024 las desapariciones han ido en aumento. \u00abMe atrevo a decir que Oaxaca vive un estado de emergencia por el incremento de desapariciones forzadas, feminicidios y agresiones a defensores de derechos humanos\u00bb, afirm\u00f3 el activista en entrevista con&nbsp;<strong>SinEmbargo.<\/strong><\/p>\n<\/blockquote>\n\n\n\n<p>Y es que en el caso de los estudiantes de Tlaxacala desaparecidos podr\u00eda estar involucrada la polic\u00eda municipal.<\/p>\n\n\n\n<p>El pasado 6 de marzo, la Fiscal\u00eda General del Estado de Oaxaca (FGEO) dio a conocer que realiza investigaciones para determinar el posible<a href=\"https:\/\/www.sinembargo.mx\/4625865\/fiscalia-de-oaxaca-investiga-participacion-de-policias-en-desaparicion-de-4-jovenes\/\">&nbsp;involucramiento de polic\u00edas municipales en la desaparici\u00f3n<\/a>&nbsp;de cuatro personas originarias de Tlaxcala. Gracias a labores de b\u00fasqueda, las autoridades pudieron localizar a una de las v\u00edctimas con vida, identificada como Brenda Mariel, en Puebla.<\/p>\n\n\n\n<p>Lo que hace particularmente preocupante este fen\u00f3meno es que las desapariciones ya no son casos aislados, sino que ocurren en grupos de dos o m\u00e1s personas y bajo circunstancias similares. Las v\u00edctimas suelen ser j\u00f3venes de entre 18 y 27 a\u00f1os, muchas veces turistas o personas provenientes de otros estados.<\/p>\n\n\n\n<blockquote class=\"wp-block-quote is-layout-flow wp-block-quote-is-layout-flow\">\n<p>\u201cLo que est\u00e1 pasando actualmente desde, yo veo este auge (de desapariciones) desde noviembre del 2024 y se agudiza en este enero, febrero, marzo con distintos reportes de desaparici\u00f3n. \u00bfCu\u00e1l es la peculiaridad? que ya estas desapariciones se dan de una forma sistematizada. Ya no es una desaparici\u00f3n concreta, es una serie de desapariciones de dos o m\u00e1s personas y sobre todo de ciertos patrones. Quiz\u00e1 en alg\u00fan momento dado se hablaba de la desaparici\u00f3n en Oaxaca, pero no ten\u00eda esta connotaci\u00f3n, estas caracter\u00edsticas concretas de ser sistematizadas, de ser estas desapariciones que siguen patrones concretos tanto en las v\u00edctimas como en los m\u00f3viles y eso para m\u00ed, es como un signo claro de que en Oaxaca ya no estamos con un crimen organizado improvisado\u00bb, agreg\u00f3.<\/p>\n<\/blockquote>\n\n\n\n<p>El 7 de noviembre de 2024, integrantes de caravana de migrantes \u201cDivino Ni\u00f1o\u201d reportaron que la desaparici\u00f3n de al menos 14 migrantes que en su paso por los municipios de Santiago Niltepec a Santo Domingo Ingenio. Aunque las autoridades no confirmaron la desaparici\u00f3n que fue denuncia, posteriormente, el 21 de noviembre la Fiscal\u00eda de Oaxaca inform\u00f3 sobre el rescate de 174 personas migrantes. de las cuales, \u201calgunas de ellas se encontraban privadas de su libertad\u201d.<\/p>\n\n\n\n<figure class=\"wp-block-image\" id=\"attachment_4625875\"><img decoding=\"async\" src=\"https:\/\/www.sinembargo.mx\/wp-content\/uploads\/2025\/03\/angie-lizbeth-perez-garcia.jpg?x82148\" alt=\"\" class=\"wp-image-4625875\"\/><figcaption class=\"wp-element-caption\">Por las caracter\u00edsticas particulares del caso, la Fiscal\u00eda de Oaxaca indic\u00f3 que se estableci\u00f3 una estrecha y continua colaboraci\u00f3n con las Fiscal\u00edas de Puebla y Tlaxcala. Foto: FGEO<\/figcaption><\/figure>\n\n\n\n<p><strong>Incremento de desaparecidos en Oaxaca, en n\u00fameros<\/strong><\/p>\n\n\n\n<p>Las cifras de personas desaparecidas en Oaxaca muestran un marcado repunte entre 2021 y 2022, los dos \u00faltimos a\u00f1os del gobierno de Alejandro Murat, entonces priista y ahora morenista. Durante su administraci\u00f3n, la desaparici\u00f3n de personas aument\u00f3 en al menos un 700 por ciento: en 2017, su primer a\u00f1o completo de gobierno, se reportaron 13 personas desaparecidas, mientras que en 2022, su \u00faltimo a\u00f1o en el cargo, la cifra se elev\u00f3 a 104.<\/p>\n\n\n\n<p>Con la llegada de Salom\u00f3n Jara al gobierno, los reportes de personas desaparecidas mostraron una ligera contenci\u00f3n. En 2023 se registraron al menos 96 casos, y en 2024 la cifra descendi\u00f3 a 56. En lo que va de 2025, al corte del 10 de marzo, se han reportado 29 desapariciones, de las cuales 21 corresponden a hombres y ocho a mujeres.<\/p>\n\n\n\n<p>Desde que se tiene registro y hasta el 10 de marzo de 2025, en Oaxaca han desaparecido al menos 746 personas, seg\u00fan el Registro Nacional de Personas Desaparecidas. Los municipios con mayor n\u00famero de casos son Oaxaca de Ju\u00e1rez, con 169 desapariciones, y San Juan Bautista Tuxtepec, con 42. En tanto, San Pedro Mixtepec y Santa Mar\u00eda Huatulco, donde se encuentran Puerto Escondido y Huatulco, registran nueve y cuatro desapariciones, respectivamente. Sin embargo, el registro oficial clasifica a 126 personas desaparecidas como \u201cse desconoce\u201d o sin municipio de referencia.<\/p>\n\n\n\n<figure class=\"wp-block-image\" id=\"attachment_4602425\"><img decoding=\"async\" src=\"https:\/\/www.sinembargo.mx\/wp-content\/uploads\/2025\/01\/desaparecidos-oaxaca.jpg?x82148\" alt=\"Desaparecidos en Oaxaca\" class=\"wp-image-4602425\"\/><figcaption class=\"wp-element-caption\">J\u00f3venes desaparecen en Oaxaca. Foto: Fiscal\u00eda.<\/figcaption><\/figure>\n\n\n\n<p>El activista Joaqu\u00edn Galv\u00e1n consider\u00f3 que el incremento de las desapariciones en Oaxaca responde a una estrategia del crimen organizado, que ha dejado de ser una presencia latente para convertirse en una estructura plenamente instalada en el estado y que, aunque el gobierno ha intentado minimizar la situaci\u00f3n, consider\u00f3 que las desapariciones no pueden explicarse sin la colusi\u00f3n de autoridades locales. \u00abEn algunos casos hay pruebas de que la polic\u00eda municipal estuvo involucrada directamente\u00bb, denuncia.<\/p>\n\n\n\n<p>Y es que la postura gubernamental frente a esta crisis ha sido ambigua, de acuerco con el activista. Durante el gobierno de Alejandro Murat se sostuvo que en Oaxaca no hab\u00eda crimen organizado. \u201cNo hay presencia de grupos de la delincuencia organizada nacional\u201d, se\u00f1al\u00f3 Murat en una conferencia de prensa en 2019, luego de una racha de homicidios dolosos y ejecuciones, que inclu\u00edan una persona decapitada en Oaxaca.<\/p>\n\n\n\n<p>Con la actual administraci\u00f3n de Salom\u00f3n Jara, explic\u00f3 Joaqu\u00edn Galv\u00e1n, la narrativa ha cambiado ligeramente, reconociendo la existencia de \u00abc\u00e9lulas delictivas\u00bb, pero sin nombrarlas como parte de un crimen organizado estructurado.<\/p>\n\n\n\n<blockquote class=\"wp-block-quote is-layout-flow wp-block-quote-is-layout-flow\">\n<p>\u201cNo se explican esas desapariciones sin crimen organizado, sin colusi\u00f3n con funcionarios, sobre todo funcionarios locales de los lugares de donde las personas fueron desaparecidas\u201d\u201d, dijo.<\/p>\n<\/blockquote>\n\n\n\n<p>No obstante, Galv\u00e1n indic\u00f3 que Oaxaca se encuentra rodeado por organizaciones criminales provenientes y que los c\u00e1rteles de Sinaloa y Jalisco Nueva Generaci\u00f3n ya operan de manera abierta en la regi\u00f3n. \u00abPrimero operaban de manera discreta, pero ahora ya tienen estructuras propias y su presencia es innegable\u00bb, advirti\u00f3.<\/p>\n\n\n\n<p>El crecimiento del turismo internacional y el comercio en la zona ha hecho que se vuelva m\u00e1s rentable para el crimen organizado, que se ha expandido en la regi\u00f3n, consider\u00f3 el activista.<\/p>\n\n\n\n<p>\u201cToda esta zona est\u00e1 haciendo mucho m\u00e1s rentable para el crimen organizado operar abiertamente desde ah\u00ed que en la zona de Valles. Creo que tiene que ver con el nivel comercial que hay en la zona; ya ni siquiera es de turismo nacional, ya es turismo internacional. Y entonces creo que eso ha focalizado la atenci\u00f3n y la estructura operativa del crimen organizado en la zona, y creo que eso tambi\u00e9n pone a los mismos grupos del crimen organizado en una guerra o confrontaci\u00f3n dentro de la zona\u201d, dijo.<\/p>\n\n\n\n<blockquote class=\"wp-block-quote is-layout-flow wp-block-quote-is-layout-flow\">\n<p>Otro de los reproches que tambi\u00e9n se lanza al gobierno de Jara, es que uno de los mecanismos que el gobierno ha empleado para minimizar el impacto de la crisis es la criminalizaci\u00f3n de las v\u00edctimas:<br>\u201cCada vez que ocurre una desaparici\u00f3n, la narrativa oficial apunta a que las v\u00edctimas estaban &#8216;metidas en algo&#8217;. Esto no solo es anti\u00e9tico, sino que tambi\u00e9n est\u00e1 prohibido por la ley\u00bb, enfatiza Galv\u00e1n.<\/p>\n<\/blockquote>\n\n\n\n<p>A esto se suma la inoperancia de la Comisi\u00f3n Estatal de B\u00fasqueda y la Fiscal\u00eda General del Estado, que carecen de recursos y voluntad pol\u00edtica para abordar el problema de manera efectiva.<\/p>\n\n\n\n<p>\u00abLas familias de los desaparecidos reciben como respuesta que no hay presupuesto para realizar b\u00fasquedas, mientras la fiscal\u00eda sigue tratando cada caso como un evento aislado, en lugar de analizar el fen\u00f3meno como un patr\u00f3n sistem\u00e1tico\u00bb, denunci\u00f3 el activista.<\/p>\n\n\n\n<p>El activista reiter\u00f3 que la violencia y las desapariciones en Oaxaca ya no pueden considerarse una excepci\u00f3n dentro del contexto nacional, y que la presencia del crimen organizado, su infiltraci\u00f3n en estructuras gubernamentales y la impunidad con la que operan han colocado al estado en lo que Galv\u00e1n llama \u00abla geograf\u00eda del horror\u00bb.<\/p>\n\n\n\n<p>\u201cLa desaparici\u00f3n forzada est\u00e1 aqu\u00ed y es una negaci\u00f3n del gobierno oaxaque\u00f1o y mientras esta negaci\u00f3n siga o contin\u00fae, no puedes combatir lo que no se nombra, finalmente esa es la realidad y creo que es importante empezar a nombrar que ya la desaparici\u00f3n forzada se est\u00e1 volviendo un lenguaje de terror en Oaxaca\u201d, destac\u00f3.<\/p>\n","protected":false},"excerpt":{"rendered":"<p>Oaxaca enfrenta un incremento en los casos de desapariciones colectivas, particularmente en zonas tur\u00edsticas como Huatulco, Puerto Escondido y Zipolite, como qued\u00f3 evidenciado con la reciente desaparici\u00f3n y posterior hallazgo sin vida de j\u00f3venes originarios de Tlaxcala. Sin embargo, los n\u00fameros y las voces de activistas indican que el problema no es nuevo y es [&hellip;]<\/p>\n","protected":false},"author":2,"featured_media":138890,"comment_status":"open","ping_status":"open","sticky":false,"template":"","format":"standard","meta":{"footnotes":""},"categories":[23],"tags":[],"class_list":["post-138889","post","type-post","status-publish","format-standard","has-post-thumbnail","hentry","category-policiacas"],"_links":{"self":[{"href":"http:\/\/elcuartopoder.com.mx\/nw\/wp-json\/wp\/v2\/posts\/138889","targetHints":{"allow":["GET"]}}],"collection":[{"href":"http:\/\/elcuartopoder.com.mx\/nw\/wp-json\/wp\/v2\/posts"}],"about":[{"href":"http:\/\/elcuartopoder.com.mx\/nw\/wp-json\/wp\/v2\/types\/post"}],"author":[{"embeddable":true,"href":"http:\/\/elcuartopoder.com.mx\/nw\/wp-json\/wp\/v2\/users\/2"}],"replies":[{"embeddable":true,"href":"http:\/\/elcuartopoder.com.mx\/nw\/wp-json\/wp\/v2\/comments?post=138889"}],"version-history":[{"count":1,"href":"http:\/\/elcuartopoder.com.mx\/nw\/wp-json\/wp\/v2\/posts\/138889\/revisions"}],"predecessor-version":[{"id":138891,"href":"http:\/\/elcuartopoder.com.mx\/nw\/wp-json\/wp\/v2\/posts\/138889\/revisions\/138891"}],"wp:featuredmedia":[{"embeddable":true,"href":"http:\/\/elcuartopoder.com.mx\/nw\/wp-json\/wp\/v2\/media\/138890"}],"wp:attachment":[{"href":"http:\/\/elcuartopoder.com.mx\/nw\/wp-json\/wp\/v2\/media?parent=138889"}],"wp:term":[{"taxonomy":"category","embeddable":true,"href":"http:\/\/elcuartopoder.com.mx\/nw\/wp-json\/wp\/v2\/categories?post=138889"},{"taxonomy":"post_tag","embeddable":true,"href":"http:\/\/elcuartopoder.com.mx\/nw\/wp-json\/wp\/v2\/tags?post=138889"}],"curies":[{"name":"wp","href":"https:\/\/api.w.org\/{rel}","templated":true}]}}