{"id":138892,"date":"2025-03-17T16:18:41","date_gmt":"2025-03-17T21:18:41","guid":{"rendered":"https:\/\/elcuartopoder.com.mx\/nw\/?p=138892"},"modified":"2025-03-17T16:18:42","modified_gmt":"2025-03-17T21:18:42","slug":"teuchitlan-nunca-mas-exterminio-necrocidio-y-resistencia-en-mexico","status":"publish","type":"post","link":"http:\/\/elcuartopoder.com.mx\/nw\/opinion\/teuchitlan-nunca-mas-exterminio-necrocidio-y-resistencia-en-mexico\/","title":{"rendered":"Teuchitl\u00e1n nunca m\u00e1s: exterminio, necrocidio y resistencia en M\u00e9xico"},"content":{"rendered":"\n<p>Ha pasado una semana del hallazgo de centenares de fragmentos \u00f3seos, prendas, libretas con apodos, libros y casquillos, junto con una serie interminable de pares de zapatos, vestigios de un campo de concentraci\u00f3n y exterminio en el municipio de Teuchitl\u00e1n, Jalisco.<\/p>\n\n\n\n<p>Esta localidad irrumpe ahora en el desgarrado panorama forense nacional como en su momento lo hicieron La Gallera, Veracruz; La Bartolina, Tamaulipas; Patrocinio y decenas m\u00e1s, en Coahuila; los predios de \u201cEl Pozolero\u201d en Tijuana, Baja California; y Salvatierra, Celaya, Juventino Rosas, Irapuato y Ac\u00e1mbaro, en Guanajuato, entre otras. En 2011 una ciudad entera, Allende, en Coahuila se transform\u00f3 durante varios d\u00edas en un sitio de persecuci\u00f3n y exterminio con el permiso y complicidad de actores y fuerzas estatales, as\u00ed como lo fueron San Fernando, Tamaulipas, en 2010 y 2011 con las masacres y fosas masivas de los Zetas, \u201cautorizadas\u201d por el Estado, o la misma \u201cnoche de Iguala\u201d del 26-27 de septiembre de 2014 con la desaparici\u00f3n de los estudiantes de Ayotzinapa.<\/p>\n\n\n\n<p>Un legado de muerte, violencia y persistente impunidad, en contra de personas desaparecidas buscadas por sus familias, ha sido destapado por Guerreros Buscadores de Jalisco y Madres Buscadoras de Jalisco. Los dos colectivos de b\u00fasqueda dieron con \u00e9l gracias al mensaje de un an\u00f3nimo que les se\u00f1al\u00f3 el&nbsp;Rancho Izaguirre, en la localidad de La Estanzuela.<\/p>\n\n\n\n<p>En oposici\u00f3n al dispositivo de la desaparici\u00f3n y la atrocidad, en contra del&nbsp;<em>juvenicidio<\/em>&nbsp;en curso en M\u00e9xico desde hace d\u00e9cadas, se movilizan comunidades de dolor y b\u00fasqueda, colectivos y personas solidarias, en resistencia contra la pol\u00edtica de muerte, accionada por grupos poderosos y criminales, pero solapada por la omisi\u00f3n o la colusi\u00f3n de los poderes estatales.&nbsp;&nbsp; &nbsp;<\/p>\n\n\n\n<p>Ahora que empiezan a conocerse m\u00e1s detalles, algunas historias, cartas, cuadernos, relatos de testigos y de las buscadoras, parece que la opini\u00f3n p\u00fablica y los medios de comunicaci\u00f3n nacionales e internacionales est\u00e1n comenzando a tomarse en serio la noticia y a dejar un poco de lado el tema apantallante de los aranceles y de Trump.&nbsp;&nbsp;Aun as\u00ed, cuesta trabajo todav\u00eda encontrar notas que se salgan del guion morboso y estigmatizante, t\u00edpico de la cobertura de muchos casos parecidos a \u00e9ste, y que puedan dimensionar la crisis humanitaria persistente detr\u00e1s de la nebulosa noticiosa.<\/p>\n\n\n\n<p>\u201cCentro de reclutamiento\u201d, \u201chorno crematorio clandestino\u201d, \u201ccampo de adiestramiento\u201d han sido algunas otras definiciones que la prensa y la gente han dado a este lugar, ninguna de las cuales puede capturar completamente el terror y la concitaci\u00f3n que provoca.<\/p>\n\n\n\n<p>Por otro lado, la palabra \u201cexterminio\u201d, tambi\u00e9n usada para acercarse a la comprensi\u00f3n de lo que estamos atestiguando, viene del lat\u00edn,&nbsp;<em>exterminium.&nbsp;<\/em>El t\u00e9rmino es formado por&nbsp;<em>ex<\/em>&nbsp;y&nbsp;<em>terminus<\/em>, y se refiere al destierro o al exilio, al hecho de sacar a alguien fuera de las fronteras, de los l\u00edmites de la comunidad o del territorio. La desaparici\u00f3n y destrucci\u00f3n de cuerpos responde a las l\u00f3gicas de la clandestinidad y del ocultamiento, a la expulsi\u00f3n y aniquilaci\u00f3n de la identidad, el recuerdo y la corporalidad de las v\u00edctimas.<\/p>\n\n\n\n<p>El destierro de quienes fueron privados violentamente de la vida, desaparecidos una vez y, luego, otra vez, cuando se pretenden incinerar o disolver sus cuerpos, sin dejar rastro de su existencia, representa un acto de violencia m\u00e1s extremo que el homicidio, mismo que&nbsp;<a href=\"https:\/\/publicaciones.umich.mx\/revistas\/sentidos\/ojs\/issue\/view\/24\/44\"><strong>el fil\u00f3sofo Arturo Aguirre ha llamado&nbsp;<\/strong><strong><em>necrocidio<\/em><\/strong><\/a>: \u201cSe refiere a la transformaci\u00f3n degradante y premeditada de cad\u00e1veres mediante t\u00e9cnicas y procedimientos que buscan la erradicaci\u00f3n completa de la existencia f\u00edsica y simb\u00f3lica de las v\u00edctimas\u201d.<\/p>\n\n\n\n<p>Lo interpretar\u00eda como la destrucci\u00f3n, la occisi\u00f3n, de la muerte misma, tanto del cuerpo y los restos de humanidad como de la memoria y el rastro. Esto fragmenta no s\u00f3lo al individuo y su dignidad, sino a la comunidad y la sociedad entera, sus lazos internos, la relaci\u00f3n con el fin de la vida y el duelo, que son negados a los deudos y no pueden ser procesados. \u201cSi el homicidio es el acto supremo de quitar la vida, el&nbsp;<em>necrocidio<\/em>&nbsp;es el acto de arrebatar la muerte\u201d, sentencia Aguirre.<\/p>\n\n\n\n<p>Ojal\u00e1 la reacci\u00f3n al horror que se vislumbra en estos d\u00edas sea permanente y expansiva, que quiebre la barrera de indiferencia que, tras casi dos d\u00e9cadas de normalizaci\u00f3n de las violencias, todav\u00eda prevalece socialmente, pese a que ya son m\u00e1s de seis mil fosas clandestinas, producidas dentro de mecanismos&nbsp;<em>necropol\u00edticos<\/em>&nbsp;que involucran a particulares, grupos delincuencias y autoridades.<\/p>\n\n\n\n<p>El desasosiego ha crecido, todav\u00eda demasiado lentamente, en la sociedad y ojal\u00e1 pronto alcance la pol\u00edtica, pero desde el d\u00eda uno, entre las m\u00e1s de 126 mil familias que en todo el pa\u00eds buscan a alg\u00fan ser querido desaparecido, la angustia y la necesidad de saber se vuelve impostergable y clama al Estado respuestas a sus cuestionamientos. Por lo pronto, ha sido habilitada una galer\u00eda digital de indicios recolectados en el contexto del hallazgo por la Fiscal\u00eda de Jalisco&nbsp;<a href=\"https:\/\/docs.google.com\/spreadsheets\/u\/0\/d\/1K5gul4mUWEIWc7yhlIZlheJDkqH7thPv\/htmlview?fbclid=IwZXh0bgNhZW0CMTAAAR2t3k1L6YfFOnDmCV4dafjf__CdMstf03ibBmAFphFHl97jRaT3XrViyGM_aem_609TaQwsfyOpMmhiIV9dmw#gid=2057625904\"><strong>(link)<\/strong><\/a>, aunque evidentemente quedan abiertas muchas inquietudes de fondo.<\/p>\n\n\n\n<p>\u00bfQui\u00e9nes son las v\u00edctimas? \u00bfCu\u00e1ntas podr\u00e1n ser reconocidas y cu\u00e1nto tardar\u00e1n las identificaciones? \u00bfPor qu\u00e9 ese mismo rancho fue cateado por la GN y la Fiscal\u00eda estatal en septiembre 2024 y pudo nuevamente ser utilizado por grupos armados criminales hasta la fecha? \u00bfQu\u00e9 autoridades autorizan o permiten cr\u00edmenes y violaciones a derechos humanos en la regi\u00f3n?<\/p>\n\n\n\n<p>En septiembre, fueron detenidas 10 personas en el lugar, dos que estaban secuestradas fueron liberadas, y fue hallado un cuerpo sin vida, adem\u00e1s de restos humanos quemados, armas, municiones y pruebas de que el sitio era un campo de entrenamiento paramilitar. Pero nada pas\u00f3. Este es un patr\u00f3n que se ha repetido en varios estados: las autoridades dejan de buscar en alg\u00fan lugar, no lo aseguran correctamente, y luego este es reutilizado por los criminales como si nada hubiera pasado.<\/p>\n\n\n\n<p>Justamente el 11 de marzo sali\u00f3 un&nbsp;<a href=\"https:\/\/www.facebook.com\/100064709044883\/photos\/1078966620936963\/?_rdr\"><strong><em>Comunicado de Colectivos de Familiares y de Familiares de Personas Desaparecidas<\/em><\/strong><\/a><em>, organizaciones y personas defensoras de derechos humanos,&nbsp;<\/em>sobre el hallazgo de un campo de adiestramiento y exterminio con hornos crematorios en Teuchitl\u00e1n, Jalisco.Se titula as\u00ed: \u201cHornos crematorios clandestinos en Teuchitl\u00e1n, expresi\u00f3n de la desaparici\u00f3n, reclutamiento forzado y exterminio sistem\u00e1tico de personas j\u00f3venes con la&nbsp;<strong>aquiescencia&nbsp;<\/strong>del Estado\u201d.<\/p>\n\n\n\n<p>Aquiescencia significa asenso, consentimiento. Cuando hay aquiescencia del Estado y desaparece una persona, se trata de una desaparici\u00f3n forzada&nbsp;<a href=\"https:\/\/youtu.be\/ZFo6Gn5MqzI\"><strong>(aqu\u00ed un video en que trabajamos con este concepto con base en la interpretaci\u00f3n que da la ONU<\/strong><\/a>). En Teuchitl\u00e1n, centenares de personas j\u00f3venes, migrantes, trabajadoras, fueron desaparecidas forzadamente por grupos criminales, bajo la etiqueta del \u201cC\u00e1rtel Jalisco Nueva Generaci\u00f3n\u201d, con el consentimiento de aparatos o funcionarios del Estado: esto es lo que est\u00e1n denunciando los colectivos.<\/p>\n\n\n\n<p>No es cualquier cosa, y en ciertos contextos, puede tipificarse como un crimen de lesa humanidad, otro motivo para tomarse muy en serio las manifestaciones y se\u00f1alamientos p\u00fablicos de las familias y colectivos.<\/p>\n\n\n\n<p>\u00bfEstar\u00e1 el poder pol\u00edtico a nivel local y federal a la altura de esta crisis, que no es la primera y, m\u00e1s bien, es una pesadilla recurrente, y responder\u00e1 adecuadamente a la rabia social que este hecho puede (y debe) despertar? No hablo de comentarios inmediatos, la publicaci\u00f3n de galer\u00edas en Internet o medidas efectistas, sino de una&nbsp;<strong><em>pol\u00edtica de Estado, integral y permanente<\/em><\/strong><em>,<\/em>&nbsp;sobre desaparici\u00f3n y b\u00fasqueda de personas, que sea digna de este nombre.<\/p>\n\n\n\n<p>Hace falta potencializar la b\u00fasqueda en vida y las acciones preventivas y de sensibilizaci\u00f3n en pro de la no repetici\u00f3n de las pr\u00e1cticas de exterminio a las que, con sensaci\u00f3n de impotencia y descontrol, sistem\u00e1ticamente presenciamos a lo largo de la geograf\u00eda nacional. Es urgente activar el Banco Nacional de Datos Forense a cargo de la FGR, constituir un sistema los Centros de Identificaci\u00f3n Humana, reformar a fondo el sistema de justicia y seguridad, sobre todo, fiscal\u00edas y polic\u00edas, m\u00e1s all\u00e1 de la reforma al Poder Judicial, as\u00ed como publicar o corregir los registros que mandata la Ley General y reconstruir un plan de b\u00fasqueda, catalogaci\u00f3n, exhumaci\u00f3n e identificaci\u00f3n de fosas comunes.<\/p>\n\n\n\n<p>Este \u00faltimo punto hab\u00eda sido implementado hasta 2023 por un equipo dentro de la Comisi\u00f3n Nacional de B\u00fasqueda, en al menos a 11 entidades, con resultados prometedores en cuanto a localizaci\u00f3n de personas denunciadas como desaparecidas, pero este esfuerzo ha sido pr\u00e1cticamente abandonado. Recientemente&nbsp;<a href=\"https:\/\/comisionacionaldebusqueda.gob.mx\/modulo-de-fosas-comunes\/\"><strong>la p\u00e1gina dedicada al tema ha sido \u201cbajada\u201d,<\/strong><\/a>&nbsp;as\u00ed como las correspondientes bases de datos sobre panteones, lo que es dif\u00edcilmente justificable o explicable. Adem\u00e1s del \u201ccierre\u201d del M\u00f3dulo de Fosas Comunes, los reportes peri\u00f3dicos de hallazgos de fosas clandestinas&nbsp;<a href=\"https:\/\/elpais.com\/mexico\/2025-02-07\/mexico-sigue-encontrando-fosas-clandestinas-pero-el-estado-ya-no-comparte-la-estadistica.html\">tambi\u00e9n&nbsp;<strong>han sido suspendidos<\/strong><\/a>.<\/p>\n\n\n\n<p>Jalisco es la entidad con m\u00e1s personas desaparecidas en el pa\u00eds, casi 15 mil 500, pero s\u00f3lo es una muestra extrema de la realidad que experimentan muchos otros estados desde hace a\u00f1os, d\u00eda tras d\u00eda.&nbsp;<a href=\"https:\/\/www.infobae.com\/mexico\/2025\/03\/11\/asi-se-ve-el-mapa-de-fosas-clandestinas-de-jalisco-186-sitios-en-los-que-no-figura-teuchitlan\/\"><strong>Seg\u00fan datos de autoridades locales<\/strong><\/a>, entre el 1 de diciembre de 2018 y el 28 de febrero de 2025, se han registrado 186 sitios de inhumaci\u00f3n clandestina en el estado, con cerca de dos mil cuerpos exhumados.<\/p>\n\n\n\n<p><a href=\"https:\/\/adondevanlosdesaparecidos.org\/2020\/09\/17\/jalisco-la-verdad-de-los-traileres-de-la-muerte\/\"><strong>En septiembre de 2018<\/strong><\/a><strong>,<\/strong>&nbsp;los tr\u00e1ileres errantes llenos de cad\u00e1veres que no cab\u00edan en las morgues evidenciaron la crisis forense, que se espeja hoy a nivel nacional en m\u00e1s de 72 mil cad\u00e1veres no identificados. Las zonas de exterminio y desaparici\u00f3n documentadas en Guadalajara por el&nbsp;<a href=\"https:\/\/www.zonadocs.mx\/2020\/10\/19\/guadalajara-zona-de-exterminio-y-desaparicion\/\"><strong>equipo period\u00edstico de&nbsp;<em>Zona Docs<\/em><\/strong><\/a>&nbsp;muestran patrones de impunidad de larga data que no han sido tocados.<\/p>\n\n\n\n<p>Apenas el 13 de febrero pasado, los acad\u00e9micos y periodistas&nbsp;<a href=\"https:\/\/elsuspicaz.com\/se-lo-llevo-un-grupo-armado-la-crisis-de-desapariciones-violentas-en-jalisco\/\"><strong>Lauro Rodr\u00edguez y Jorge Ram\u00edrez, publicaron un reportaje en&nbsp;<em>El Suspicaz<\/em>,&nbsp;<\/strong>titulado \u201cSe lo llev\u00f3 un grupo armado. La crisis de desapariciones violentas en Jalisco\u201d:<\/a>&nbsp;el trabajo sistem\u00e1tico y riguroso de registro y denuncia de casos, como los que acabamos de ver en Teuchitl\u00e1n, que los autores desarrollan constantemente en&nbsp;<a href=\"https:\/\/x.com\/joraplas\"><strong>redes sociales como X<\/strong><\/a>, da cuenta de un fen\u00f3meno que tiene m\u00e1s de una d\u00e9cada y se ha recrudecido bajo la mirada c\u00f3mplice o \u201cdistra\u00edda\u201d de las autoridades.<\/p>\n\n\n\n<p>El reportaje narra como por lo menos \u201c1,248 personas en Jalisco fueron privadas de su libertad en su casa, trabajo o colonia por un n\u00famero variado de personas, casi 5 en promedio, empleando armas, golpes, amenazas o alguna otra forma de coacci\u00f3n, casi todas a partir de 2020 y hasta diciembre de 2024, seg\u00fan el resumen de hechos contenido en 8,072 reportes de personas desaparecidas con c\u00e9dula de b\u00fasqueda en poder de la Comisi\u00f3n Estatal de B\u00fasqueda de Jalisco (COBUPEJ). La mayor\u00eda de estas personas contin\u00faa desaparecida:&nbsp;<strong>s<\/strong>\u00f3lo 212 han sido localizadas, 84 de ellas sin vida. Pese a lo abultado de la cifra de 1,248 personas desaparecidas con violencia,&nbsp;no son todas\u201d.<\/p>\n\n\n\n<p>Para completar este cuadro, cito lo que escribe&nbsp;<a href=\"https:\/\/elpais.com\/mexico\/2025-03-11\/cientos-de-zapatillas-y-huesos-un-nuevo-campo-de-exterminio-devuelve-el-horror-al-centro-de-mexico.html\">Pablo Ferri en&nbsp;<em>El Pa\u00eds<\/em><\/a>: \u201cEl corredor entre Guadalajara y Puerto Vallarta, particularmente los municipios que figuran pasado el Bosque de La Primavera, Tala, Ameca, Teuchitl\u00e1n, etc\u00e9tera, son territorio del CJNG desde hace a\u00f1os. As\u00ed lo se\u00f1alaba el Ej\u00e9rcito, ya en 2022, en documentos hechos p\u00fablicos gracias al hackeo masivo del colectivo Guacamaya. En un documento sobre el panorama delictivo de Jalisco en ese a\u00f1o, la Secretar\u00eda de la Defensa se\u00f1alaba que las regiones de Valles y Sierra Occidental estaban a cargo de un lugarteniente del l\u00edder del grupo criminal, Nemesio Oseguera, alias Mencho. Se trata de Gonzalo Mendoza Gayt\u00e1n, alias Sapo\u201d.<\/p>\n\n\n\n<p>Finalmente, retomando el comunicado de organizaciones y familiares: \u201cLos colectivos de Jalisco que realizaron el hallazgo han denunciado la pr\u00e1ctica de reclutamiento forzado y han documentado hasta septiembre de 2024 al menos 70 desapariciones en la Central Camionera de Guadalajara, principalmente personas j\u00f3venes que fueron atra\u00eddas mediante falsas ofertas de trabajo. La existencia de este centro de exterminio evidencia el contexto de violencia generalizado en Jalisco y otras partes del pa\u00eds y confirma el&nbsp;<em>modus operandi&nbsp;<\/em>del crimen organizado en Jalisco: desapariciones masivas, reclutamiento forzado, tortura y asesinato, con la eventual complicidad de autoridades estatales y municipales\u201d.<\/p>\n\n\n\n<p>\u00bfQu\u00e9 nos dicen todas estas evidencias, testimonios y secuencias ininterrumpidas de agravios, impunes, que han sido documentados? B\u00e1sicamente sustancian el contenido del t\u00e9rmino \u201caquiescencia\u201d, que mencion\u00e9 al inicio de este texto, y el hecho de que estas desapariciones pueden considerarse forzadas: dado el contexto y su sistematicidad, el Estado mexicano no puede no saber y no puede no actuar respecto de la comisi\u00f3n o el riesgo concreto e inminente de que se lleven a cabo estas desapariciones, por lo que se demuestra su responsabilidad y la necesidad de respuestas efectivas frente al exterminio.<\/p>\n\n\n\n<p>Por su lado, como normalmente ha sucedido, ser\u00e1 primero la sociedad, familiares y colectivos organizados, solidarios y solidarias, quienes resistan ante estas violencias y la destrucci\u00f3n de la vida y la memoria, reivindicando el espacio p\u00fablico con la consigna de&nbsp;<strong>\u201cmemoria y resistencia desde la esperanza\u201d al grito de \u00a1Nunca M\u00e1s!<\/strong>, en una jornada y concentraci\u00f3n de luto nacional, con veladoras y zapatos, este s\u00e1bado 15, en el z\u00f3calo capitalino y en otros sitios y plazas emblem\u00e1ticas del pa\u00eds.<\/p>\n\n\n\n<p><\/p>\n","protected":false},"excerpt":{"rendered":"<p>Ha pasado una semana del hallazgo de centenares de fragmentos \u00f3seos, prendas, libretas con apodos, libros y casquillos, junto con una serie interminable de pares de zapatos, vestigios de un campo de concentraci\u00f3n y exterminio en el municipio de Teuchitl\u00e1n, Jalisco. Esta localidad irrumpe ahora en el desgarrado panorama forense nacional como en su momento [&hellip;]<\/p>\n","protected":false},"author":2,"featured_media":138893,"comment_status":"open","ping_status":"open","sticky":false,"template":"","format":"standard","meta":{"footnotes":""},"categories":[62],"tags":[],"class_list":["post-138892","post","type-post","status-publish","format-standard","has-post-thumbnail","hentry","category-opinion"],"_links":{"self":[{"href":"http:\/\/elcuartopoder.com.mx\/nw\/wp-json\/wp\/v2\/posts\/138892","targetHints":{"allow":["GET"]}}],"collection":[{"href":"http:\/\/elcuartopoder.com.mx\/nw\/wp-json\/wp\/v2\/posts"}],"about":[{"href":"http:\/\/elcuartopoder.com.mx\/nw\/wp-json\/wp\/v2\/types\/post"}],"author":[{"embeddable":true,"href":"http:\/\/elcuartopoder.com.mx\/nw\/wp-json\/wp\/v2\/users\/2"}],"replies":[{"embeddable":true,"href":"http:\/\/elcuartopoder.com.mx\/nw\/wp-json\/wp\/v2\/comments?post=138892"}],"version-history":[{"count":1,"href":"http:\/\/elcuartopoder.com.mx\/nw\/wp-json\/wp\/v2\/posts\/138892\/revisions"}],"predecessor-version":[{"id":138894,"href":"http:\/\/elcuartopoder.com.mx\/nw\/wp-json\/wp\/v2\/posts\/138892\/revisions\/138894"}],"wp:featuredmedia":[{"embeddable":true,"href":"http:\/\/elcuartopoder.com.mx\/nw\/wp-json\/wp\/v2\/media\/138893"}],"wp:attachment":[{"href":"http:\/\/elcuartopoder.com.mx\/nw\/wp-json\/wp\/v2\/media?parent=138892"}],"wp:term":[{"taxonomy":"category","embeddable":true,"href":"http:\/\/elcuartopoder.com.mx\/nw\/wp-json\/wp\/v2\/categories?post=138892"},{"taxonomy":"post_tag","embeddable":true,"href":"http:\/\/elcuartopoder.com.mx\/nw\/wp-json\/wp\/v2\/tags?post=138892"}],"curies":[{"name":"wp","href":"https:\/\/api.w.org\/{rel}","templated":true}]}}