{"id":138898,"date":"2025-03-17T16:21:48","date_gmt":"2025-03-17T21:21:48","guid":{"rendered":"https:\/\/elcuartopoder.com.mx\/nw\/?p=138898"},"modified":"2025-03-17T16:21:50","modified_gmt":"2025-03-17T21:21:50","slug":"acaparamiento-de-tierras-lacra-neoliberal","status":"publish","type":"post","link":"http:\/\/elcuartopoder.com.mx\/nw\/destacadas\/acaparamiento-de-tierras-lacra-neoliberal\/","title":{"rendered":"Acaparamiento de tierras: lacra neoliberal"},"content":{"rendered":"\n<p>Una investigaci\u00f3n del Registro Agrario Nacional (RAN) revel\u00f3 que 36 personas poseen alrededor de 63 mil ejidos que abarcan m\u00e1s de 39 mil hect\u00e1reas, divididas en 21 mil 695 parcelas \u00fatiles para las actividades agropecuarias o forestales y 41 mil 385 predios destinados a la urbanizaci\u00f3n y construcci\u00f3n de vivienda. Destaca que los terratenientes son pol\u00edticos, ex funcionarios y empresarios, as\u00ed como el hecho de que se hicieron con los terrenos de propiedad social mediante la falsificaci\u00f3n de documentos, contratos leoninos, prestanombres,&nbsp;<em>\u201ccooptaci\u00f3n<\/em>&nbsp;y amenazas\u201d a las asambleas ejidales y procesos jur\u00eddicos de despojo; todo ello, con la complicidad de autoridades de los tres niveles de gobierno y al amparo de la legislaci\u00f3n privatizadora promulgada por Carlos Salinas de Gortari en 1992.<\/p>\n\n\n\n<p>M\u00e1s all\u00e1 de exhibir la corrupci\u00f3n rampante al interior del RAN, de las fiscal\u00edas, tribunales y notar\u00edas \u2013sin cuyo concurso no podr\u00edan perpetrarse los atracos contra los ejidatarios\u2013, el fen\u00f3meno del despojo y acaparamiento de tierras es un recordatorio del incalculable da\u00f1o infligido a M\u00e9xico por el cogobierno neoliberal de PRI y PAN, que comenz\u00f3 en 1988 con Salinas de Gortari y se prolong\u00f3 hasta 2018. De la misma manera en que la privatizaci\u00f3n de la industria el\u00e9ctrica y de los hidrocarburos impulsada por Enrique Pe\u00f1a Nieto se present\u00f3 a la ciudadan\u00eda como modernizaci\u00f3n de dichos sectores, la destrucci\u00f3n salinista del ejido en tanto modelo de propiedad comunitaria se anunci\u00f3 como liberaci\u00f3n que permitir\u00eda a los ejidatarios acceder al financiamiento requerido, a fin de mecanizar la producci\u00f3n, introducir sistemas de riego, adoptar nuevas t\u00e9cnicas de cultivo y, en general, transitar de la agricultura de subsistencia a la de mercado para superar la pobreza en que se encontraba sumida la mayor parte de la poblaci\u00f3n campesina y rural.<\/p>\n\n\n\n<p>A tres d\u00e9cadas de la contrarreforma agraria, est\u00e1 a la vista el verdadero efecto de la liberalizaci\u00f3n \u2013el eufemismo neoliberal para dejar a sectores vulnerables a expensas de los poderosos\u2013. Cuando hubo una modernizaci\u00f3n del campo, fue a favor de un pu\u00f1ado de acaparadores inescrupulosos y probablemente criminales, mientras los campesinos fueron reducidos a peones en sus propias tierras u obligados a engrosar los cinturones de miseria en las ciudades. En otros casos, parcelas con valor agrario y ambiental fueron fraccionadas y urbanizadas, convertidas en complejos tur\u00edsticos casi siempre orientados al disfrute de nacionales y extranjeros acaudalados o destrozados para perforar minas con efectos nefastos para la salud p\u00fablica, los acu\u00edferos y el medio ambiente.<\/p>\n\n\n\n<p>Aunque probablemente en la mayor\u00eda de los eventos el da\u00f1o patrimonial, ecol\u00f3gico y agrario resulte irreversible, es imperativo investigar, judicializar y fincar responsabilidades en todos los casos que sea posible, as\u00ed como emprender un saneamiento institucional que frene los procesos de despojo y acaparamiento de tierras, cuyas v\u00edctimas no son s\u00f3lo los ejidatarios directamente afectados, sino todo el pa\u00eds, pues la corrupci\u00f3n y la degradaci\u00f3n ambiental tienen repercusiones sobre el conjunto de la sociedad.<\/p>\n","protected":false},"excerpt":{"rendered":"<p>Una investigaci\u00f3n del Registro Agrario Nacional (RAN) revel\u00f3 que 36 personas poseen alrededor de 63 mil ejidos que abarcan m\u00e1s de 39 mil hect\u00e1reas, divididas en 21 mil 695 parcelas \u00fatiles para las actividades agropecuarias o forestales y 41 mil 385 predios destinados a la urbanizaci\u00f3n y construcci\u00f3n de vivienda. Destaca que los terratenientes son [&hellip;]<\/p>\n","protected":false},"author":2,"featured_media":138899,"comment_status":"open","ping_status":"open","sticky":false,"template":"","format":"standard","meta":{"footnotes":""},"categories":[59],"tags":[],"class_list":["post-138898","post","type-post","status-publish","format-standard","has-post-thumbnail","hentry","category-destacadas"],"_links":{"self":[{"href":"http:\/\/elcuartopoder.com.mx\/nw\/wp-json\/wp\/v2\/posts\/138898","targetHints":{"allow":["GET"]}}],"collection":[{"href":"http:\/\/elcuartopoder.com.mx\/nw\/wp-json\/wp\/v2\/posts"}],"about":[{"href":"http:\/\/elcuartopoder.com.mx\/nw\/wp-json\/wp\/v2\/types\/post"}],"author":[{"embeddable":true,"href":"http:\/\/elcuartopoder.com.mx\/nw\/wp-json\/wp\/v2\/users\/2"}],"replies":[{"embeddable":true,"href":"http:\/\/elcuartopoder.com.mx\/nw\/wp-json\/wp\/v2\/comments?post=138898"}],"version-history":[{"count":1,"href":"http:\/\/elcuartopoder.com.mx\/nw\/wp-json\/wp\/v2\/posts\/138898\/revisions"}],"predecessor-version":[{"id":138900,"href":"http:\/\/elcuartopoder.com.mx\/nw\/wp-json\/wp\/v2\/posts\/138898\/revisions\/138900"}],"wp:featuredmedia":[{"embeddable":true,"href":"http:\/\/elcuartopoder.com.mx\/nw\/wp-json\/wp\/v2\/media\/138899"}],"wp:attachment":[{"href":"http:\/\/elcuartopoder.com.mx\/nw\/wp-json\/wp\/v2\/media?parent=138898"}],"wp:term":[{"taxonomy":"category","embeddable":true,"href":"http:\/\/elcuartopoder.com.mx\/nw\/wp-json\/wp\/v2\/categories?post=138898"},{"taxonomy":"post_tag","embeddable":true,"href":"http:\/\/elcuartopoder.com.mx\/nw\/wp-json\/wp\/v2\/tags?post=138898"}],"curies":[{"name":"wp","href":"https:\/\/api.w.org\/{rel}","templated":true}]}}