{"id":138901,"date":"2025-03-17T16:23:59","date_gmt":"2025-03-17T21:23:59","guid":{"rendered":"https:\/\/elcuartopoder.com.mx\/nw\/?p=138901"},"modified":"2025-03-17T16:24:00","modified_gmt":"2025-03-17T21:24:00","slug":"la-muerte-de-un-ser-querido-acelera-el-envejecimiento","status":"publish","type":"post","link":"http:\/\/elcuartopoder.com.mx\/nw\/qtp\/la-muerte-de-un-ser-querido-acelera-el-envejecimiento\/","title":{"rendered":"La muerte de un ser querido acelera el envejecimiento"},"content":{"rendered":"\n<p>La muerte de una persona cercana, como un familiar, puede hacer que envejezcamos m\u00e1s r\u00e1pido. Seg\u00fan un nuevo estudio de la\u00a0Escuela de Salud P\u00fablica Mailman de la Universidad de Columbia y el Centro de Envejecimiento Butler Columbia\u00a0(EE.UU.) las personas que perdieron a un padre, pareja, hermano o hijo mostraban signos de una edad biol\u00f3gica mayor en comparaci\u00f3n con quienes no hab\u00edan experimentado tales p\u00e9rdidas. La investigaci\u00f3n se publica en &#8216;JAMA Network Open&#8217;.<\/p>\n\n\n\n<p>El envejecimiento biol\u00f3gico es el deterioro gradual del funcionamiento de las c\u00e9lulas, los tejidos y los \u00f3rganos, lo que conduce a un mayor riesgo de enfermedades cr\u00f3nicas.&nbsp;<strong>Los cient\u00edficos miden este tipo de envejecimiento utilizando marcadores de ADN conocidos como relojes epigen\u00e9ticos<\/strong>.<\/p>\n\n\n\n<p>\u00abPocos estudios han analizado c\u00f3mo la muerte de un ser querido en diferentes etapas de la vida afecta a estos marcadores de ADN\u00bb, se\u00f1ala\u00a0Allison Aiello, autora principal del estudio. \u00abNuestro estudio muestra fuertes v\u00ednculos entre la p\u00e9rdida de seres queridos a lo largo de la vida, desde la infancia hasta la edad adulta, y un envejecimiento biol\u00f3gico m\u00e1s r\u00e1pido en los EE. UU.\u00bb.<\/p>\n\n\n\n<p>El estudio sugiere que el impacto de la p\u00e9rdida en el envejecimiento puede verse mucho antes de la mediana edad y puede contribuir a las diferencias de salud entre los grupos raciales y \u00e9tnicos.<\/p>\n\n\n\n<p>Los investigadores utilizaron datos del&nbsp;<strong>Estudio Longitudinal Nacional sobre la Salud de Adolescentes y Adultos<\/strong>, que comenz\u00f3 en 1994-95 y que sigui\u00f3 a los participantes desde la adolescencia hasta la edad adulta.<\/p>\n\n\n\n<p>Para medir la p\u00e9rdida familiar durante la infancia o la adolescencia a partir del estudio longitudinal, el equipo de Aiello monitoriz\u00f3 a los participantes a trav\u00e9s de varias fases y per\u00edodos de envejecimiento. La primera encuest\u00f3 a 20.745 adolescentes de entre 12 a 19 a\u00f1os. Desde entonces, se ha hecho un seguimiento de los participantes. La fase V se llev\u00f3 a cabo entre 2016 y 2018 y se completaron entrevistas con 12.300 de los participantes originales. En la \u00faltima, entre 2016 y 2018, se invit\u00f3 a los participantes a un examen domiciliario adicional en el que se proporcion\u00f3 una muestra de sangre de los casi 4.500 voluntarios para realizar pruebas de ADN.<\/p>\n\n\n\n<p>Todav\u00eda no entendemos completamente c\u00f3mo la p\u00e9rdida conduce a una mala salud y una mayor mortalidad<\/p>\n\n\n\n<p>El estudio analiz\u00f3 las muertes experimentadas durante la infancia o la adolescencia (hasta los 18 a\u00f1os) y la edad adulta (de 19 a 43 a\u00f1os). Tambi\u00e9n examinaron el n\u00famero de muertes cercanas experimentadas durante este per\u00edodo de tiempo.<\/p>\n\n\n\n<p>Los datos del envejecimiento biol\u00f3gico se evaluaron a partir de la metilaci\u00f3n del ADN de la sangre utilizando relojes epigen\u00e9ticos.<\/p>\n\n\n\n<p>Los resultados mostraron que casi el 40% de los participantes experiment\u00f3 al menos una p\u00e9rdida en la edad adulta entre las edades de 33 y 43. La p\u00e9rdida de los padres fue m\u00e1s com\u00fan en la edad adulta que en la infancia y la adolescencia (27% frente a 6%). Una mayor proporci\u00f3n de participantes negros (57%) e hispanos (4%) experimentaron al menos una p\u00e9rdida en comparaci\u00f3n con los participantes blancos (34%).<\/p>\n\n\n\n<p>Algunas etapas de la vida pueden ser m\u00e1s vulnerables a los riesgos de salud asociados con la p\u00e9rdida y la acumulaci\u00f3n de p\u00e9rdidas parece ser un factor significativo<\/p>\n\n\n\n<p>Las personas que experimentaron dos o m\u00e1s muertes ten\u00edan edades biol\u00f3gicas m\u00e1s avanzadas seg\u00fan varios relojes epigen\u00e9ticos. Experimentar dos o m\u00e1s muertes cercanas en la edad adulta estaba m\u00e1s fuertemente vinculado al envejecimiento biol\u00f3gico que experimentar una p\u00e9rdida y significativamente m\u00e1s que no sufrir ninguna p\u00e9rdida.<\/p>\n\n\n\n<p>\u00ab<strong>La relaci\u00f3n entre la p\u00e9rdida de seres queridos y los problemas de salud a lo largo de la vida est\u00e1 bien establecida<\/strong>&nbsp;-asegura Aiello-. Pero algunas etapas de la vida pueden ser m\u00e1s vulnerables a los riesgos de salud asociados con la p\u00e9rdida y la acumulaci\u00f3n de p\u00e9rdidas parece ser un factor significativo\u00bb.<\/p>\n\n\n\n<p>Por ejemplo, perder a un padre o a un hermano en una etapa temprana de la vida puede ser muy traum\u00e1tico y, a menudo, derivar en problemas de salud mental y cognitivos, mayores riesgos de enfermedades card\u00edacas y una mayor probabilidad de morir antes. Por otro lado, la muerte de un familiar cercano a cualquier edad plantea riesgos para la salud, y las p\u00e9rdidas repetidas pueden aumentar los riesgos de enfermedades card\u00edacas, mortalidad y demencia; y las repercusiones pueden persistir o hacerse evidentes mucho despu\u00e9s del suceso.<\/p>\n\n\n\n<p>Los investigadores enfatizan que, si bien la p\u00e9rdida a cualquier edad puede tener impactos duraderos en la salud, los efectos podr\u00edan ser m\u00e1s graves durante per\u00edodos clave del desarrollo, como la infancia o la adultez temprana. \u00abTodav\u00eda no entendemos completamente c\u00f3mo la p\u00e9rdida conduce a una mala salud y una mayor mortalidad, pero el envejecimiento biol\u00f3gico puede ser un mecanismo, como se sugiere en nuestro estudio. Las investigaciones futuras deber\u00edan centrarse en encontrar formas de reducir las p\u00e9rdidas desproporcionadas entre los grupos vulnerables. Para quienes experimentan una p\u00e9rdida, es esencial proporcionar recursos para afrontar y abordar el trauma\u00bb, concluye Aiello.<\/p>\n\n\n\n<ul class=\"wp-block-list\">\n<li><\/li>\n<\/ul>\n","protected":false},"excerpt":{"rendered":"<p>La muerte de una persona cercana, como un familiar, puede hacer que envejezcamos m\u00e1s r\u00e1pido. Seg\u00fan un nuevo estudio de la\u00a0Escuela de Salud P\u00fablica Mailman de la Universidad de Columbia y el Centro de Envejecimiento Butler Columbia\u00a0(EE.UU.) las personas que perdieron a un padre, pareja, hermano o hijo mostraban signos de una edad biol\u00f3gica mayor [&hellip;]<\/p>\n","protected":false},"author":2,"featured_media":138902,"comment_status":"open","ping_status":"open","sticky":false,"template":"","format":"standard","meta":{"footnotes":""},"categories":[58],"tags":[],"class_list":["post-138901","post","type-post","status-publish","format-standard","has-post-thumbnail","hentry","category-qtp"],"_links":{"self":[{"href":"http:\/\/elcuartopoder.com.mx\/nw\/wp-json\/wp\/v2\/posts\/138901","targetHints":{"allow":["GET"]}}],"collection":[{"href":"http:\/\/elcuartopoder.com.mx\/nw\/wp-json\/wp\/v2\/posts"}],"about":[{"href":"http:\/\/elcuartopoder.com.mx\/nw\/wp-json\/wp\/v2\/types\/post"}],"author":[{"embeddable":true,"href":"http:\/\/elcuartopoder.com.mx\/nw\/wp-json\/wp\/v2\/users\/2"}],"replies":[{"embeddable":true,"href":"http:\/\/elcuartopoder.com.mx\/nw\/wp-json\/wp\/v2\/comments?post=138901"}],"version-history":[{"count":1,"href":"http:\/\/elcuartopoder.com.mx\/nw\/wp-json\/wp\/v2\/posts\/138901\/revisions"}],"predecessor-version":[{"id":138903,"href":"http:\/\/elcuartopoder.com.mx\/nw\/wp-json\/wp\/v2\/posts\/138901\/revisions\/138903"}],"wp:featuredmedia":[{"embeddable":true,"href":"http:\/\/elcuartopoder.com.mx\/nw\/wp-json\/wp\/v2\/media\/138902"}],"wp:attachment":[{"href":"http:\/\/elcuartopoder.com.mx\/nw\/wp-json\/wp\/v2\/media?parent=138901"}],"wp:term":[{"taxonomy":"category","embeddable":true,"href":"http:\/\/elcuartopoder.com.mx\/nw\/wp-json\/wp\/v2\/categories?post=138901"},{"taxonomy":"post_tag","embeddable":true,"href":"http:\/\/elcuartopoder.com.mx\/nw\/wp-json\/wp\/v2\/tags?post=138901"}],"curies":[{"name":"wp","href":"https:\/\/api.w.org\/{rel}","templated":true}]}}