{"id":139516,"date":"2025-04-03T15:58:38","date_gmt":"2025-04-03T20:58:38","guid":{"rendered":"https:\/\/elcuartopoder.com.mx\/nw\/?p=139516"},"modified":"2025-04-03T15:58:40","modified_gmt":"2025-04-03T20:58:40","slug":"joana-sanz-desvela-por-que-nunca-abandono-a-dani-alves-siempre-crei-en-su-inocencia","status":"publish","type":"post","link":"http:\/\/elcuartopoder.com.mx\/nw\/entretenimiento\/espectaculos\/joana-sanz-desvela-por-que-nunca-abandono-a-dani-alves-siempre-crei-en-su-inocencia\/","title":{"rendered":"Joana Sanz desvela por qu\u00e9 nunca abandon\u00f3 a Dani Alves: \u00abSiempre cre\u00ed en su inocencia\u00bb"},"content":{"rendered":"\n<p>Est\u00e1n siendo d\u00edas de infarto para la modelo canaria\u00a0Joana Sanz. Primero fue la confirmaci\u00f3n de la\u00a0<strong>absoluci\u00f3n<\/strong>\u00a0de su esposo,\u00a0Dani Alves, acusado en su d\u00eda de\u00a0<strong>agresi\u00f3n sexual<\/strong>. Casi de inmediato lleg\u00f3\u00a0el anuncio de su embarazo, cosa que ni siquiera sab\u00edan muchos de sus familiares. Y ahora llega\u00a0<strong>su primera exclusiva<\/strong>, a trav\u00e9s de la revista &#8216;\u00a1Hola!&#8217;, donde ha desvelado c\u00f3mo ha vivido tal c\u00famulo de acontecimientos y su plena confianza en la inocencia del exfutbolista.<\/p>\n\n\n\n<p>\u00abRecib\u00ed la noticia de la absoluci\u00f3n&nbsp;<strong>con l\u00e1grimas de felicidad<\/strong>&nbsp;y con un alivio enorme por este nuevo comienzo\u00bb, ha recordado en la entrevista, no sin antes reconocer que ha vivido \u00ab<strong>momentos muy duros<\/strong>&nbsp;y dos a\u00f1os de aut\u00e9ntica monta\u00f1a rusa\u00bb.<\/p>\n\n\n\n<p>Fue en diciembre de 2022 cuando una joven acus\u00f3 al futbolista de una supuesta agresi\u00f3n sexual en la discoteca Sutton de Barcelona y ello le cost\u00f3 una sentencia de 4 a\u00f1os y 6 meses de prisi\u00f3n, ahora revocada por el Tribunal Superior de Justicia de Catalu\u00f1a. \u00abSiempre cre\u00ed en su inocencia y por eso&nbsp;<strong>siempre he permanecido a su lado<\/strong>\u00bb, ha asegurado su esposa en &#8216;\u00a1Hola!&#8217;.<\/p>\n\n\n\n<h3 class=\"wp-block-heading\">Ayuda psicol\u00f3gica<\/h3>\n\n\n\n<p>Joana Sanz advierte que lo ha pasado muy mal durante todos estos meses porque \u00ab<strong>la presi\u00f3n medi\u00e1tica ha sido muy dura<\/strong>\u00bb, algo que ha afectado a su estado emocional. \u00abUna vez por semana he tenido ayuda psicol\u00f3gica para aprender a encajar todo lo que estaba sucediendo en mi vida.&nbsp;<strong>Emocionalmente me encontr\u00e9 muy inestable<\/strong>\u00bb, ha comentado.<\/p>\n\n\n\n<p>La esposa de Dani Alves no ha ocultado que en un momento dado pudo albergar alguna duda sobre la posible culpabilidad de su marido, pero que cualquier sospecha qued\u00f3 disipada en cuanto le mir\u00f3 a los ojos. \u00abEn cuanto le vi, durante la primera visita,&nbsp;<strong>esa idea de querer romper desapareci\u00f3<\/strong>&nbsp;y se transform\u00f3 en querer luchar por sanar\u00bb, ha afirmado.<\/p>\n\n\n\n<p>Para Joana Sanz, la presi\u00f3n de los medios y los fot\u00f3grafos lleg\u00f3 a ser insoportable y ha narrado en &#8216;\u00a1Hola!&#8217;&nbsp;<strong>un suceso de lo m\u00e1s perturbador<\/strong>. \u00abUna persona se encarg\u00f3 de seguirme all\u00e1 donde iba. Me sacaba fotos y v\u00eddeos para posteriormente amenazarme de muerte\u00bb, ha asegurado.<\/p>\n\n\n\n<h3 class=\"wp-block-heading\">Una nueva etapa<\/h3>\n\n\n\n<p>Ahora, tanto ella como Dani Alves parecen afrontar una nueva etapa de su vida en com\u00fan que surge cargada de esperanza, aunque el asunto todav\u00eda est\u00e1 pendiente de recurso. Les ayuda mucho ese beb\u00e9 que ahora espera,&nbsp;<strong>un embarazo \u00abmuy deseado\u00bb<\/strong>&nbsp;que llega despu\u00e9s de un intenso tratamiento de fertilidad y tres p\u00e9rdidas. \u00abHay que dar visibilidad a la parte triste de la vida\u00bb, ha pedido antes de ofrecer un consejo: \u00ab<strong>No se rindan por m\u00e1s duro y largo que sea el camino<\/strong>\u00bb.<\/p>\n\n\n\n<p>\u00abNo me habr\u00eda imaginado nunca lo dif\u00edcil que ser\u00eda conseguir ser padres. El sufrimiento de los negativos o de las p\u00e9rdidas<strong>&nbsp;nos abrieron un vac\u00edo bastante grande<\/strong>. Sumado a la distancia de los trabajos, fue una \u00e9poca muy dif\u00edcil para la relaci\u00f3n\u00bb, ha matizado.<\/p>\n\n\n\n<p>Todo lo ocurrido en estos d\u00edas ha dado un vuelco a la situaci\u00f3n an\u00edmica de Joana Sanz que ahora siente \u00ab<strong>una felicidad desbordante y con una bendici\u00f3n que viene en camino<\/strong>\u00bb. Espera que sea el inicio de algo m\u00e1s importante a pesar de que los debates sigan en la calle.<\/p>\n","protected":false},"excerpt":{"rendered":"<p>Est\u00e1n siendo d\u00edas de infarto para la modelo canaria\u00a0Joana Sanz. Primero fue la confirmaci\u00f3n de la\u00a0absoluci\u00f3n\u00a0de su esposo,\u00a0Dani Alves, acusado en su d\u00eda de\u00a0agresi\u00f3n sexual. Casi de inmediato lleg\u00f3\u00a0el anuncio de su embarazo, cosa que ni siquiera sab\u00edan muchos de sus familiares. Y ahora llega\u00a0su primera exclusiva, a trav\u00e9s de la revista &#8216;\u00a1Hola!&#8217;, donde ha [&hellip;]<\/p>\n","protected":false},"author":2,"featured_media":139517,"comment_status":"open","ping_status":"open","sticky":false,"template":"","format":"standard","meta":{"footnotes":""},"categories":[11],"tags":[],"class_list":["post-139516","post","type-post","status-publish","format-standard","has-post-thumbnail","hentry","category-espectaculos"],"_links":{"self":[{"href":"http:\/\/elcuartopoder.com.mx\/nw\/wp-json\/wp\/v2\/posts\/139516","targetHints":{"allow":["GET"]}}],"collection":[{"href":"http:\/\/elcuartopoder.com.mx\/nw\/wp-json\/wp\/v2\/posts"}],"about":[{"href":"http:\/\/elcuartopoder.com.mx\/nw\/wp-json\/wp\/v2\/types\/post"}],"author":[{"embeddable":true,"href":"http:\/\/elcuartopoder.com.mx\/nw\/wp-json\/wp\/v2\/users\/2"}],"replies":[{"embeddable":true,"href":"http:\/\/elcuartopoder.com.mx\/nw\/wp-json\/wp\/v2\/comments?post=139516"}],"version-history":[{"count":1,"href":"http:\/\/elcuartopoder.com.mx\/nw\/wp-json\/wp\/v2\/posts\/139516\/revisions"}],"predecessor-version":[{"id":139518,"href":"http:\/\/elcuartopoder.com.mx\/nw\/wp-json\/wp\/v2\/posts\/139516\/revisions\/139518"}],"wp:featuredmedia":[{"embeddable":true,"href":"http:\/\/elcuartopoder.com.mx\/nw\/wp-json\/wp\/v2\/media\/139517"}],"wp:attachment":[{"href":"http:\/\/elcuartopoder.com.mx\/nw\/wp-json\/wp\/v2\/media?parent=139516"}],"wp:term":[{"taxonomy":"category","embeddable":true,"href":"http:\/\/elcuartopoder.com.mx\/nw\/wp-json\/wp\/v2\/categories?post=139516"},{"taxonomy":"post_tag","embeddable":true,"href":"http:\/\/elcuartopoder.com.mx\/nw\/wp-json\/wp\/v2\/tags?post=139516"}],"curies":[{"name":"wp","href":"https:\/\/api.w.org\/{rel}","templated":true}]}}