{"id":139609,"date":"2025-04-07T08:21:56","date_gmt":"2025-04-07T13:21:56","guid":{"rendered":"https:\/\/elcuartopoder.com.mx\/nw\/?p=139609"},"modified":"2025-04-06T20:22:12","modified_gmt":"2025-04-07T01:22:12","slug":"la-iglesia-recogio-146-nuevos-testimonios-de-abusos-en-2024-lo-que-eleva-la-cifra-a-1-203-en-cuatro-anos","status":"publish","type":"post","link":"http:\/\/elcuartopoder.com.mx\/nw\/qtp\/la-iglesia-recogio-146-nuevos-testimonios-de-abusos-en-2024-lo-que-eleva-la-cifra-a-1-203-en-cuatro-anos\/","title":{"rendered":"La Iglesia recogi\u00f3 146 nuevos testimonios de abusos en 2024, lo que eleva la cifra a 1.203 en cuatro a\u00f1os"},"content":{"rendered":"\n<p>Del total, 52 de ellos se encuentran en manos de la Justicia y 94 no han tenido recorrido judicial por lo que tendr\u00e1n que ser valorados por la comisi\u00f3n de reparaci\u00f3n creada por los obispos<br><\/p>\n\n\n\n<p>La Iglesia cat\u00f3lica, a trav\u00e9s de sus Oficinas para la Protecci\u00f3n de Menores, ha recogido 146 nuevos testimonios de v\u00edctimas de abusos en 2024 que, sumados a los\u00a01.057 casos\u00a0que reconoc\u00eda en la \u00faltima edici\u00f3n de su informe\u00a0&#8216;Para dar luz&#8217;,\u00a0publicada en diciembre de 2023, elevan la cifra a 1.203 denuncias. De esos 146 testimonios, 94 no han tenido un recorrido judicial por el fallecimiento del victimario o la prescripci\u00f3n del delito, por lo que su posible indemnizaci\u00f3n depender\u00e1 de la Comisi\u00f3n Asesora de Reparaci\u00f3n Integral, que obispos y religiosos han creado para este fin y que comenz\u00f3 sus trabajos el pasado septiembre. Los otros 52 son recientes y, en estos momentos, se encuentran en manos de la justicia civil.<\/p>\n\n\n\n<p>\u00abLa cifra de abusos recogidos, dijimos, superaba los mil casos, como cifra global, y estos nuevos casos, pues bueno, se sumar\u00edan a esos otros, puesto que no est\u00e1n juzgados y est\u00e1n en proceso de valoraci\u00f3n\u00bb, ha precisado, a preguntas de este diario, el secretario general y portavoz de la Conferencia Episcopal Espa\u00f1ola (CEE),\u00a0C\u00e9sar Garc\u00eda Mag\u00e1n, en la rueda de prensa posterior a la Asamblea Plenaria de la CEE, que ha reunido esta semana en Madrid a todos los obispos de Espa\u00f1a.<\/p>\n\n\n\n<p>Los obispos siempre han sido reacios a dar cifras concretas sobre los casos de abusos, a pesar de haber encargado una auditor\u00eda sobre la cuesti\u00f3n al despacho Cremades &amp; Calvo-Sotelo y de elaborar dos versiones de un informe propio, Para dar luz, que tambi\u00e9n aportaron a la investigaci\u00f3n realizada por el Defensor del Pueblo. \u00abNosotros hemos dicho en varias ocasiones que era muy dif\u00edcil llegar a un n\u00famero exacto, pero que no \u00edbamos a entrar en una guerra de n\u00fameros, sino que nos interesaba la sustancia del tema, que son las v\u00edctimas\u00bb, ha explicado el portavoz.<\/p>\n\n\n\n<p>De esta forma, todav\u00eda no es posible conocer de forma precisa cu\u00e1ntas de esas denuncias han sido validadas; cu\u00e1ntas indemnizaciones, y con qu\u00e9 cuant\u00eda, se han pagado; y la cantidad de v\u00edctimas de abusos producidas en el seno de la Iglesia desde 1945, a\u00f1o hasta el que se han extendido las pesquisas. En principio, seg\u00fan el criterio establecido anteriormente, esas cifras se deb\u00edan conocer a trav\u00e9s del informe Para dar luz, al que definieron como un \u00abdocumento vivo\u00bb que se deb\u00eda actualizar constantemente. Sin embargo, seg\u00fan ha confirmado ahora Garc\u00eda Mag\u00e1n, el informe \u00abest\u00e1 cerrado\u00bb y s\u00f3lo se actualizar\u00e1 de forma interna, sin hacer p\u00fablicos los datos.<\/p>\n\n\n\n<p>De lo que s\u00ed aportaron n\u00fameros este viernes es sobre las actividades desarrolladas por las Oficinas en 2024, porque \u00abhemos dicho que no queremos entrar en una guerra de cifras en el tema de las v\u00edctimas, pero lo otro es labor de prevenci\u00f3n y formaci\u00f3n\u00bb, ha explicado Garc\u00eda Mag\u00e1n. As\u00ed, ha revelado que la Iglesia cat\u00f3lica form\u00f3 en 2024 a un total de 225.000 personas, de las cuales 130.000 eran ni\u00f1os, ni\u00f1as y adolescentes, algo m\u00e1s de la mitad. Seg\u00fan los datos que esta semana han conocido los obispos, tambi\u00e9n recibieron formaci\u00f3n 43.000 profesores, 20.000 padres, 18.600 agentes de pastoral (catequistas, monitores de tiempo libre), 5.000 sacerdotes, 1.800 consagrados no sacerdotes y 800 seminaristas y consagrados en formaci\u00f3n.<\/p>\n\n\n\n<p>Garc\u00eda Mag\u00e1n tambi\u00e9n ha desvinculado el&nbsp;<a href=\"https:\/\/www.abc.es\/sociedad\/iglesia-acepta-posible-supervision-defensor-pueblo-comision-20250331120359-nt.html\">ofrecimiento<\/a>&nbsp;que el lunes hac\u00eda el presidente de la CEE, Luis Arg\u00fcello, para que el Defensor del Pueblo supervise el plan de prevenci\u00f3n de abusos, de la subcomisi\u00f3n impulsada por PSOE y Sumar para que decida sobre las indemnizaciones. Seg\u00fan el portavoz, la propuesta de la Iglesia \u00abes fruto de esa conversaci\u00f3n que se est\u00e1 llevando a cabo con el&nbsp;<a href=\"https:\/\/www.abc.es\/sociedad\/bolanos-contraprograma-iglesia-decreto-sobre-delitos-sexuales-20240709040807-nt.html\">Gobierno<\/a>\u00ab y ha explicado que, antes de que los grupos pol\u00edticos presentaran la iniciativa con la que pretenden dar respuesta a las v\u00edctimas de abuso, \u00abya est\u00e1bamos trabajando en esa l\u00ednea\u00bb.<\/p>\n\n\n\n<p>\u00abLa posibilidad que se ha puesto encima de la mesa y que en principio ha sido acogida por el Gobierno, es lo que dec\u00eda el presidente en su discurso inaugural, que la oficina del&nbsp;<a href=\"https:\/\/www.abc.es\/sociedad\/hora-parlamento-reclama-gabilondo-congreso-presentar-informe-20241121105203-nt.html\">Defensor del Pueblo<\/a>&nbsp;pudiera servir de cauce para ese di\u00e1logo, para ofrecer tambi\u00e9n una posibilidad, una instancia a la que pudieran recurrir esas personas que no pueden tener una reparaci\u00f3n por v\u00eda judicial. Ahora, los extremos todav\u00eda de esa colaboraci\u00f3n y el c\u00f3mo, eso est\u00e1 todav\u00eda por definir. Estamos en proceso de negociaci\u00f3n\u00ab, ha concretado.<\/p>\n\n\n\n<h3 class=\"wp-block-heading\">Valle de los Ca\u00eddos<\/h3>\n\n\n\n<p>Por otro lado, el portavoz tambi\u00e9n ha sido preguntado por el acuerdo alcanzado por el proceso de resignificaci\u00f3n del Valle de los Ca\u00eddos, hoy renombrado como de Cuelgamuros, al acuerdo alcanzado con el Gobierno, que filtr\u00f3 esta semana el propio ministro Bola\u00f1os, y las protestas de fieles en la puerta de la sede de la Conferencia Episcopal en las que han tachado a los obispos de \u00abtraidores\u00bb, \u00abprofanadores\u00bb e \u00abhijos de Sat\u00e1n\u00bb. Seg\u00fan Garc\u00eda Mag\u00e1n los obispos espa\u00f1oles han respaldado de forma \u00abtotal y un\u00e1nime, sin ninguna voz discrepante\u00bb el proceso de di\u00e1logo establecido entre el arzobispo de Madrid, el cardenal Jos\u00e9 Cobo, en representaci\u00f3n de la Santa Sede y el ministro de Justicia, F\u00e9lix Bola\u00f1os, como interlocutor por el Ejecutivo.<\/p>\n\n\n\n<p>Seg\u00fan Garc\u00eda Mag\u00e1n, fruto de ese di\u00e1logo con el Gobierno, se ha conseguido que se mantenga el culto en la bas\u00edlica, la continuidad de la comunidad benedictina y la permanencia de la gran cruz en el exterior, frente a las intenciones que el Ejecutivo manifest\u00f3 \u00abhace a\u00f1os\u00bb de incluir en la resignificaci\u00f3n \u00abla desacralizaci\u00f3n de la bas\u00edlica y la salida de los benedictinos\u00bb. Unas intenciones que, seg\u00fan ha desvelado, tambi\u00e9n plantearon tanto el presidente S\u00e1nchez como el ministro Bola\u00f1os en sus respectivas visitas al Papa Francisco y al secretario de Estado vaticano, Pietro Parolin. \u00abTambi\u00e9n estaba el tema, aunque estrictamente no fue propuesta del Gobierno, pues la destrucci\u00f3n de la cruz que preside el conjunto monumental\u00bb, ha comentado.<\/p>\n\n\n\n<p>En cuanto al acuerdo alcanzado, Garc\u00eda Mag\u00e1n ha se\u00f1alado que de momento s\u00f3lo hay \u00abunas notas intercambiadas\u00bb sobre los tres puntos acordados, aunque ha puntualizado que habr\u00e1 que \u00absustanciarlos en un acuerdo que no est\u00e1 hecho todav\u00eda\u00bb. \u00abTodav\u00eda no se conocen los extremos de esa resignificaci\u00f3n ni tampoco los plazos de tiempo ni de lugar\u00bb, ha a\u00f1adido. Ha dejado claro tambi\u00e9n que \u00abha sido el Gobierno el que ha filtrado este proceso de di\u00e1logo\u00bb.<\/p>\n\n\n\n<p>Por otro lado, con respecto a la petici\u00f3n para regularizar de forma extraordinaria a m\u00e1s de medio mill\u00f3n de emigrantes, Garc\u00eda Mag\u00e1n ha insistido en el mensaje que lanz\u00f3 el pasado lunes el presidente de la CEE, Luis Arg\u00fcello, pidiendo a PP y PSOE que lleguen a acuerdo y ofreciendo la mediaci\u00f3n de la Iglesia. \u00abPor supuesto que estamos dispuestos a colaborar. De hecho, estamos colaborando porque mire usted, muchos de los inmigrantes que llegan a nuestro pa\u00eds a trav\u00e9s de las costas o a trav\u00e9s de otros medios, son acogidos en instituciones eclesiales\u00bb, ha puntualizado.<\/p>\n","protected":false},"excerpt":{"rendered":"<p>Del total, 52 de ellos se encuentran en manos de la Justicia y 94 no han tenido recorrido judicial por lo que tendr\u00e1n que ser valorados por la comisi\u00f3n de reparaci\u00f3n creada por los obispos La Iglesia cat\u00f3lica, a trav\u00e9s de sus Oficinas para la Protecci\u00f3n de Menores, ha recogido 146 nuevos testimonios de v\u00edctimas [&hellip;]<\/p>\n","protected":false},"author":2,"featured_media":139610,"comment_status":"open","ping_status":"open","sticky":false,"template":"","format":"standard","meta":{"footnotes":""},"categories":[58],"tags":[],"class_list":["post-139609","post","type-post","status-publish","format-standard","has-post-thumbnail","hentry","category-qtp"],"_links":{"self":[{"href":"http:\/\/elcuartopoder.com.mx\/nw\/wp-json\/wp\/v2\/posts\/139609","targetHints":{"allow":["GET"]}}],"collection":[{"href":"http:\/\/elcuartopoder.com.mx\/nw\/wp-json\/wp\/v2\/posts"}],"about":[{"href":"http:\/\/elcuartopoder.com.mx\/nw\/wp-json\/wp\/v2\/types\/post"}],"author":[{"embeddable":true,"href":"http:\/\/elcuartopoder.com.mx\/nw\/wp-json\/wp\/v2\/users\/2"}],"replies":[{"embeddable":true,"href":"http:\/\/elcuartopoder.com.mx\/nw\/wp-json\/wp\/v2\/comments?post=139609"}],"version-history":[{"count":1,"href":"http:\/\/elcuartopoder.com.mx\/nw\/wp-json\/wp\/v2\/posts\/139609\/revisions"}],"predecessor-version":[{"id":139611,"href":"http:\/\/elcuartopoder.com.mx\/nw\/wp-json\/wp\/v2\/posts\/139609\/revisions\/139611"}],"wp:featuredmedia":[{"embeddable":true,"href":"http:\/\/elcuartopoder.com.mx\/nw\/wp-json\/wp\/v2\/media\/139610"}],"wp:attachment":[{"href":"http:\/\/elcuartopoder.com.mx\/nw\/wp-json\/wp\/v2\/media?parent=139609"}],"wp:term":[{"taxonomy":"category","embeddable":true,"href":"http:\/\/elcuartopoder.com.mx\/nw\/wp-json\/wp\/v2\/categories?post=139609"},{"taxonomy":"post_tag","embeddable":true,"href":"http:\/\/elcuartopoder.com.mx\/nw\/wp-json\/wp\/v2\/tags?post=139609"}],"curies":[{"name":"wp","href":"https:\/\/api.w.org\/{rel}","templated":true}]}}