{"id":139612,"date":"2025-04-07T13:16:08","date_gmt":"2025-04-07T18:16:08","guid":{"rendered":"https:\/\/elcuartopoder.com.mx\/nw\/?p=139612"},"modified":"2025-04-07T13:16:11","modified_gmt":"2025-04-07T18:16:11","slug":"docentes-protestan-en-qr-para-exigir-audiencia-con-lezama","status":"publish","type":"post","link":"http:\/\/elcuartopoder.com.mx\/nw\/estatales\/docentes-protestan-en-qr-para-exigir-audiencia-con-lezama\/","title":{"rendered":"Docentes protestan en QR para exigir audiencia con Lezama"},"content":{"rendered":"\n<p><em>Canc\u00fan, Q.Roo.&nbsp;<\/em>&nbsp;Maestros iniciaron la semana con acciones de protesta, como el bloqueo de una de las principales avenidas en Canc\u00fan, as\u00ed como de&nbsp; la carretera federal que conduce al poblado Ucum, en el sur de Quintana Roo, y las acciones ir\u00e1n en incremento hasta que la gobernadora Mara Lezama les ponga fecha y hora para una audiencia , informaron integrantes del Comit\u00e9 de Lucha en Benito Ju\u00e1rez, Canc\u00fan.<\/p>\n\n\n\n<p>La presidenta del Comit\u00e9 de Lucha en Benito Ju\u00e1rez, Canc\u00fan, Leticia Cauich, dijo que aprendieron muy bien las clases del ex presidente Andr\u00e9s Manuel L\u00f3pez Obrador, pues \u00e9l tom\u00f3 calles, bloque\u00f3 avenidas, edificios p\u00fablicos, por defender sus causas.<\/p>\n\n\n\n<p>A las 9 de la ma\u00f1ana los docentes convocaron a una conferencia de prensa sobre la avenida Bonampak, desde donde denunciaron que el gobierno estatal los sigue hostigando de diversas maneras, como el obligar al 15 por ciento de los docentes, todos por contrato, a regresar a las aulas, violando su derecho a la libre manifestaci\u00f3n, as\u00ed como a un salario digno y servicios de salud, pues no cuentan con ellos.<\/p>\n\n\n\n<p>Aclararon que en tiempo y forma subieron las calificaciones del primer trimestre al sistema, pero el sistema educativo lo cerr\u00f3 cinco d\u00edas antes, por eso algunos maestros no pudieron realizar el tr\u00e1mite, que entre otros, sirve para que los ni\u00f1os becados reciban los recursos.<\/p>\n\n\n\n<p>As\u00ed mismo, responsabilizaron a la gobernadora Mara Lezama, quien se niega al di\u00e1logo, de la muerte de una de sus compa\u00f1eras de lucha, la semana pasada, pues luego de concluir una marcha, se sinti\u00f3 mal, su esposo la lleg\u00f3 al m\u00e9dico y en el hospital falleci\u00f3 por un infarto.<\/p>\n\n\n\n<p>Los maestros inicialmente bloquear\u00edan los cuerpos de subida de la avenida Bonampak, pero finalmente cerraron el paso en ambos sentidos y amenazaron cm con estrangular las avenidas torales del primer cuadro de la ciudad de Canc\u00fan.<\/p>\n\n\n\n<p><\/p>\n","protected":false},"excerpt":{"rendered":"<p>Canc\u00fan, Q.Roo.&nbsp;&nbsp;Maestros iniciaron la semana con acciones de protesta, como el bloqueo de una de las principales avenidas en Canc\u00fan, as\u00ed como de&nbsp; la carretera federal que conduce al poblado Ucum, en el sur de Quintana Roo, y las acciones ir\u00e1n en incremento hasta que la gobernadora Mara Lezama les ponga fecha y hora para [&hellip;]<\/p>\n","protected":false},"author":2,"featured_media":139613,"comment_status":"open","ping_status":"open","sticky":false,"template":"","format":"standard","meta":{"footnotes":""},"categories":[60],"tags":[],"class_list":["post-139612","post","type-post","status-publish","format-standard","has-post-thumbnail","hentry","category-estatales"],"_links":{"self":[{"href":"http:\/\/elcuartopoder.com.mx\/nw\/wp-json\/wp\/v2\/posts\/139612","targetHints":{"allow":["GET"]}}],"collection":[{"href":"http:\/\/elcuartopoder.com.mx\/nw\/wp-json\/wp\/v2\/posts"}],"about":[{"href":"http:\/\/elcuartopoder.com.mx\/nw\/wp-json\/wp\/v2\/types\/post"}],"author":[{"embeddable":true,"href":"http:\/\/elcuartopoder.com.mx\/nw\/wp-json\/wp\/v2\/users\/2"}],"replies":[{"embeddable":true,"href":"http:\/\/elcuartopoder.com.mx\/nw\/wp-json\/wp\/v2\/comments?post=139612"}],"version-history":[{"count":1,"href":"http:\/\/elcuartopoder.com.mx\/nw\/wp-json\/wp\/v2\/posts\/139612\/revisions"}],"predecessor-version":[{"id":139614,"href":"http:\/\/elcuartopoder.com.mx\/nw\/wp-json\/wp\/v2\/posts\/139612\/revisions\/139614"}],"wp:featuredmedia":[{"embeddable":true,"href":"http:\/\/elcuartopoder.com.mx\/nw\/wp-json\/wp\/v2\/media\/139613"}],"wp:attachment":[{"href":"http:\/\/elcuartopoder.com.mx\/nw\/wp-json\/wp\/v2\/media?parent=139612"}],"wp:term":[{"taxonomy":"category","embeddable":true,"href":"http:\/\/elcuartopoder.com.mx\/nw\/wp-json\/wp\/v2\/categories?post=139612"},{"taxonomy":"post_tag","embeddable":true,"href":"http:\/\/elcuartopoder.com.mx\/nw\/wp-json\/wp\/v2\/tags?post=139612"}],"curies":[{"name":"wp","href":"https:\/\/api.w.org\/{rel}","templated":true}]}}