{"id":139615,"date":"2025-04-07T13:17:14","date_gmt":"2025-04-07T18:17:14","guid":{"rendered":"https:\/\/elcuartopoder.com.mx\/nw\/?p=139615"},"modified":"2025-04-07T13:17:17","modified_gmt":"2025-04-07T18:17:17","slug":"gobernacion-no-existe-en-mexico-una-cifra-real-de-desaparecidos","status":"publish","type":"post","link":"http:\/\/elcuartopoder.com.mx\/nw\/destacadas\/gobernacion-no-existe-en-mexico-una-cifra-real-de-desaparecidos\/","title":{"rendered":"Gobernaci\u00f3n: no existe en M\u00e9xico una cifra real de desaparecidos"},"content":{"rendered":"\n<p>En el pa\u00eds no hay una cifra real sobre los desaparecidos, se\u00f1al\u00f3 la Secretaria de Gobernaci\u00f3n, Rosa Icela Rodr\u00edguez Vel\u00e1zquez, quien explic\u00f3 que ese es uno de los motivos de las reuniones que inici\u00f3 esa dependencia con colectivos de buscadores de personas desaparecidas. Detall\u00f3 que al momento son 145 colectivos registrados y tan s\u00f3lo este lunes se reunir\u00e1 con 26 de ellos, todos de Jalisco.<\/p>\n\n\n\n<p>Con las reuniones buscan recoger sus ideas, establecer nuevos programas y acciones, y si tenemos que mejorar, si tenemos que reforzar, si tenemos que sumar, si tenemos que corregir, lo vamos a hacer, sin ning\u00fan tema, expuso en entrevista con&nbsp;<em>La Jornada<\/em>.<\/p>\n\n\n\n<p>La v\u00edspera de la primera de las reuniones que encabezar\u00e1 Rodr\u00edguez Vel\u00e1zquez este lunes en la sede de la dependencia en Bucareli, subray\u00f3 que las iniciativas legislativas presentadas por la presidenta Claudia Sheinbaum, con las que se propone modificar la Ley General en Materia de Desaparici\u00f3n Forzada de Personas, Desaparici\u00f3n Cometida por Particulares y el Sistema Nacional de B\u00fasqueda de Personas, se mantendr\u00e1n en pausa hasta concluir este proceso para incorporar las propuestas.<\/p>\n\n\n\n<p>Sobre el anuncio del Comit\u00e9 contra la Desaparici\u00f3n Forzada (CED, por sus siglas en ingl\u00e9s) de la Organizaci\u00f3n de Naciones Unidas (ONU), con el que dio a conocer que solicitar\u00e1 informaci\u00f3n al pa\u00eds tras reportes en los que se argumenta supuesta desaparici\u00f3n forzada de manera general o sistem\u00e1tica, apunt\u00f3 que el caso de M\u00e9xico no estaba en la lista de temas a abordar en la sesi\u00f3n de ese organismo y aclar\u00f3 que hasta el momento el gobierno federal no ha sido enterado de alguna investigaci\u00f3n.<\/p>\n\n\n\n<p>Tras llamar a que no haya especulaciones, dijo: creo que los funcionarios de Naciones Unidas tienen que ser muy responsables antes de hacer una acusaci\u00f3n sin pruebas. Adem\u00e1s, rechaz\u00f3 cualquier se\u00f1alamiento que se haga desaparici\u00f3n forzada por parte del gobierno.<\/p>\n\n\n\n<p>Desde la semana pasada, el subsecretario de Derechos Humanos, Arturo Medina, comenz\u00f3 los primeros acercamientos para aterrizar una metodolog\u00eda para los encuentros.<\/p>\n\n\n\n<p>Por m\u00e9todo, se van a hacer mesas de trabajo. Y se van a escuchar y se van a sistematizar las respuestas. Todo lo que ellos tengan para hacer un documento que pueda ser de conocimiento de todas las autoridades, que es lo que ellos est\u00e1n planteando. Tenemos por obligaci\u00f3n estar en las mesas, estar escuchando, o\u00edrlas, por lo menos de o\u00edr de mi parte todas las conclusiones del trabajo, expres\u00f3 Rodr\u00edguez Vel\u00e1zquez.<\/p>\n\n\n\n<p>Reconoci\u00f3 que varios gobiernos estatales no proporcionan la informaci\u00f3n necesaria en este tipo de casos, ya que no es obligatorio. Entonces, necesitamos una ley m\u00e1s fuerte, m\u00e1s firme para que obligue a todas las instancias a colaborar; entonces, ahora la legislaci\u00f3n que viene con una cuesti\u00f3n de obligatoriedad para los servidores p\u00fablicos y de sanci\u00f3n tambi\u00e9n, para aquellos que no cumplan.<\/p>\n\n\n\n<p>Parte de los objetivos de la iniciativa, record\u00f3, es crear un \u00fanico registro nacional con un mismo banco de datos, establecer un sistema de identificaci\u00f3n para todas las personas y garantizar que 66 entidades de distintos niveles de gobierno mantengan una coordinaci\u00f3n permanente, para resolver las inconsistencias que hay en el actual registro.<\/p>\n\n\n\n<p>Creemos que hay muchas personas que no levantan una denuncia por desconfianza en las autoridades, pero creemos tambi\u00e9n que hay muchas personas que suben un nombre, porque se les desapareci\u00f3 el familiar, y despu\u00e9s cuando aparece no lo bajan. Entonces, hay que hacer una constante b\u00fasqueda, una constante indagaci\u00f3n para que, verdaderamente, las autoridades se vayan a la investigaci\u00f3n de aquellas personas que est\u00e1n desaparecidas, porque hoy por hoy, no hay una cifra real sobre los desaparecidos en M\u00e9xico. Ah\u00ed est\u00e1 un registro que tiene muchas inconsistencias.<\/p>\n\n\n\n<p>Debido a ello, a\u00f1adi\u00f3, todos los d\u00edas crecen las cifras, pero no las carpetas de investigaci\u00f3n.<\/p>\n\n\n\n<p>Lo importante es hacer las indagatorias, hacer las investigaciones, independientemente de las cifras, pero es necesario que quede un padr\u00f3n ver\u00eddico, un padr\u00f3n real. No se vale ni esconder las cifras, pero tampoco aumentarlas; entonces debe ser el real, lo que es la realidad del pueblo, de las entidades, de los lugares, y evidentemente que lo que menos como autoridad debes hacer es negar los hechos porque estar\u00edas desautorizando a las v\u00edctimas.<\/p>\n\n\n\n<p>Frente a este delito, Rodr\u00edguez Vel\u00e1zquez convoc\u00f3 a las autoridades de los distintos niveles de gobierno a asumir el reto con seriedad y empat\u00eda ante el dolor de las familias. Yo s\u00ed pienso en la parte que significa para cualquier v\u00edctima, la desaparici\u00f3n de una persona, de un ser querido, y yo pues dejar\u00eda de ser madre, para no sentir, para no empatizar con las v\u00edctimas, recalc\u00f3.<\/p>\n\n\n\n<p>En referencia al procedimiento del Comit\u00e9 contra la Desaparici\u00f3n Forzada, Rodr\u00edguez Vel\u00e1zquez indic\u00f3 que \u201cel asunto sobre temas de M\u00e9xico no estaba enlistado en los puntos que ten\u00eda que atender el comit\u00e9\u2026 de pronto sale el presidente a decir que ten\u00edan informaci\u00f3n; el gobierno de M\u00e9xico hasta el momento no ha sido enterado de que haya ninguna investigaci\u00f3n\u201d, esto a pesar de que, \u201ccuando se decide hacer una indagatoria es porque, por lo menos se tienen datos, o se ha pedido informaci\u00f3n al Estado miembro.<\/p>\n\n\n\n<p>El gobierno mexicano rechaza tajantemente cualquier acusaci\u00f3n que se haga de desaparici\u00f3n forzada, que se considera cuando los gobiernos desaparecen a las personas, como ocurr\u00eda antes aqu\u00ed en M\u00e9xico, pero no es el gobierno actual, ni el anterior, reiter\u00f3, y agreg\u00f3 que si hay desaparici\u00f3n de personas, son por delincuentes, no es por una cuesti\u00f3n sistem\u00e1tica de nuestro gobierno.<\/p>\n\n\n\n<p>La dependencia habilit\u00f3 el correo electr\u00f3nico&nbsp;<a href=\"mailto:uniddh@segob.com.mx\">uniddh@segob.com.mx<\/a>, con el que los colectivos interesados en participar en estas mesas de trabajo pueden solicitar su registro.<\/p>\n","protected":false},"excerpt":{"rendered":"<p>En el pa\u00eds no hay una cifra real sobre los desaparecidos, se\u00f1al\u00f3 la Secretaria de Gobernaci\u00f3n, Rosa Icela Rodr\u00edguez Vel\u00e1zquez, quien explic\u00f3 que ese es uno de los motivos de las reuniones que inici\u00f3 esa dependencia con colectivos de buscadores de personas desaparecidas. Detall\u00f3 que al momento son 145 colectivos registrados y tan s\u00f3lo este [&hellip;]<\/p>\n","protected":false},"author":2,"featured_media":139616,"comment_status":"open","ping_status":"open","sticky":false,"template":"","format":"standard","meta":{"footnotes":""},"categories":[59],"tags":[],"class_list":["post-139615","post","type-post","status-publish","format-standard","has-post-thumbnail","hentry","category-destacadas"],"_links":{"self":[{"href":"http:\/\/elcuartopoder.com.mx\/nw\/wp-json\/wp\/v2\/posts\/139615","targetHints":{"allow":["GET"]}}],"collection":[{"href":"http:\/\/elcuartopoder.com.mx\/nw\/wp-json\/wp\/v2\/posts"}],"about":[{"href":"http:\/\/elcuartopoder.com.mx\/nw\/wp-json\/wp\/v2\/types\/post"}],"author":[{"embeddable":true,"href":"http:\/\/elcuartopoder.com.mx\/nw\/wp-json\/wp\/v2\/users\/2"}],"replies":[{"embeddable":true,"href":"http:\/\/elcuartopoder.com.mx\/nw\/wp-json\/wp\/v2\/comments?post=139615"}],"version-history":[{"count":1,"href":"http:\/\/elcuartopoder.com.mx\/nw\/wp-json\/wp\/v2\/posts\/139615\/revisions"}],"predecessor-version":[{"id":139617,"href":"http:\/\/elcuartopoder.com.mx\/nw\/wp-json\/wp\/v2\/posts\/139615\/revisions\/139617"}],"wp:featuredmedia":[{"embeddable":true,"href":"http:\/\/elcuartopoder.com.mx\/nw\/wp-json\/wp\/v2\/media\/139616"}],"wp:attachment":[{"href":"http:\/\/elcuartopoder.com.mx\/nw\/wp-json\/wp\/v2\/media?parent=139615"}],"wp:term":[{"taxonomy":"category","embeddable":true,"href":"http:\/\/elcuartopoder.com.mx\/nw\/wp-json\/wp\/v2\/categories?post=139615"},{"taxonomy":"post_tag","embeddable":true,"href":"http:\/\/elcuartopoder.com.mx\/nw\/wp-json\/wp\/v2\/tags?post=139615"}],"curies":[{"name":"wp","href":"https:\/\/api.w.org\/{rel}","templated":true}]}}