{"id":139655,"date":"2025-04-07T16:55:14","date_gmt":"2025-04-07T21:55:14","guid":{"rendered":"https:\/\/elcuartopoder.com.mx\/nw\/?p=139655"},"modified":"2025-04-07T16:55:16","modified_gmt":"2025-04-07T21:55:16","slug":"inevitable-el-aumento-de-migracion-a-gran-escala-a-la-cdmx","status":"publish","type":"post","link":"http:\/\/elcuartopoder.com.mx\/nw\/nacionales\/inevitable-el-aumento-de-migracion-a-gran-escala-a-la-cdmx\/","title":{"rendered":"Inevitable, el aumento de migraci\u00f3n a gran escala a la CDMX"},"content":{"rendered":"\n<p>El aumento a gran escala del flujo de migrantes en las grandes urbes, como la capital, es inevitable debido a las complejas realidades econ\u00f3micas, sociales y ambientales de sus pa\u00edses de origen, por lo que uno de los principales retos en materia de planeaci\u00f3n urbana y territorial es su inserci\u00f3n dentro del tejido citadino, se\u00f1ala un documento elaborado por el Consejo Econ\u00f3mico y Social de la Ciudad de M\u00e9xico.<\/p>\n\n\n\n<p>Lo anterior implica que las autoridades deben tratar de proveer vivienda, servicios, infraestructura y \u00e1reas de integraci\u00f3n social a esa poblaci\u00f3n ante la consolidaci\u00f3n de asentamientos informales en plazas y parques, sobre todo en alcald\u00edas como Cuauht\u00e9moc, Gustavo A. Madero, Venustiano Carranza y Tl\u00e1huac.<\/p>\n\n\n\n<p>El dictamen denominado Nuevas migraciones en la Ciudad de M\u00e9xico, cuyo prop\u00f3sito es ofrecer propuestas para la integraci\u00f3n socioambiental de los extranjeros, se\u00f1ala que tan s\u00f3lo en 2023 llegaron 48 mil personas procedentes de distintos pa\u00edses, de las cuales 28 mil obtuvieron una residencia temporal o permanente, mientras 20 mil recibieron un documento que les da un estatus de visitante por razones humanitarias.<\/p>\n\n\n\n<p>En su diagn\u00f3stico, destaca que los campamentos migrantes han generado situaciones de conflicto y hostilidad que detonan disputas entre grupos sociales. Por esto el espacio p\u00fablico se transforma en un escenario donde se observa que su apropiaci\u00f3n por parte de la poblaci\u00f3n residente y migrante converge en intereses particulares y no fomenta la integraci\u00f3n de distintos grupos, la identidad y la cohesi\u00f3n social.<\/p>\n\n\n\n<p>De esta manera, adem\u00e1s de una gran cantidad de migrantes internos provenientes principalmente del sur y sureste del pa\u00eds que buscan mejores oportunidades laborales, educativas y de vida, la Ciudad de M\u00e9xico tambi\u00e9n es destino de gente proveniente de diversas partes del mundo, sobre todo de Am\u00e9rica Central, Venezuela, Hait\u00ed y, en menor medida, de \u00c1frica y Asia.<\/p>\n\n\n\n<p>Al respecto, el Consejo Econ\u00f3mico y Social capitalino se manifest\u00f3 por aplicar leyes y reglamentos que reconocen los derechos de migrantes y personas con necesidades de protecci\u00f3n humanitaria, as\u00ed como para fortalecer la protecci\u00f3n de los lugares p\u00fablicos y \u00e1reas verdes, adem\u00e1s de establecer convenios de colaboraci\u00f3n con organismos internacionales y organizaciones no gubernamentales para su protecci\u00f3n y asistencia.<\/p>\n\n\n\n<p>Asimismo, recomienda incrementar la oferta de vivienda asequible, mejorar la capacidad de los servicios p\u00fablicos, expandir y mejorar el acceso a la salud, as\u00ed como realizar campa\u00f1as de sensibilizaci\u00f3n y educaci\u00f3n para combatir la discriminaci\u00f3n que promuevan la inclusi\u00f3n cultural y social, adem\u00e1s de un programa de ense\u00f1anza del idioma espa\u00f1ol agregado a la educaci\u00f3n intercultural.<\/p>\n\n\n\n<p>En ese tenor, propone la creaci\u00f3n de un centro de atenci\u00f3n integral para migrantes, junto con un programa laboral y de emprendimiento, as\u00ed como uno de acceso a educaci\u00f3n y reconocimiento de t\u00edtulos acad\u00e9micos, entre otras acciones.<\/p>\n","protected":false},"excerpt":{"rendered":"<p>El aumento a gran escala del flujo de migrantes en las grandes urbes, como la capital, es inevitable debido a las complejas realidades econ\u00f3micas, sociales y ambientales de sus pa\u00edses de origen, por lo que uno de los principales retos en materia de planeaci\u00f3n urbana y territorial es su inserci\u00f3n dentro del tejido citadino, se\u00f1ala [&hellip;]<\/p>\n","protected":false},"author":2,"featured_media":139656,"comment_status":"open","ping_status":"open","sticky":false,"template":"","format":"standard","meta":{"footnotes":""},"categories":[55],"tags":[],"class_list":["post-139655","post","type-post","status-publish","format-standard","has-post-thumbnail","hentry","category-nacionales"],"_links":{"self":[{"href":"http:\/\/elcuartopoder.com.mx\/nw\/wp-json\/wp\/v2\/posts\/139655","targetHints":{"allow":["GET"]}}],"collection":[{"href":"http:\/\/elcuartopoder.com.mx\/nw\/wp-json\/wp\/v2\/posts"}],"about":[{"href":"http:\/\/elcuartopoder.com.mx\/nw\/wp-json\/wp\/v2\/types\/post"}],"author":[{"embeddable":true,"href":"http:\/\/elcuartopoder.com.mx\/nw\/wp-json\/wp\/v2\/users\/2"}],"replies":[{"embeddable":true,"href":"http:\/\/elcuartopoder.com.mx\/nw\/wp-json\/wp\/v2\/comments?post=139655"}],"version-history":[{"count":1,"href":"http:\/\/elcuartopoder.com.mx\/nw\/wp-json\/wp\/v2\/posts\/139655\/revisions"}],"predecessor-version":[{"id":139657,"href":"http:\/\/elcuartopoder.com.mx\/nw\/wp-json\/wp\/v2\/posts\/139655\/revisions\/139657"}],"wp:featuredmedia":[{"embeddable":true,"href":"http:\/\/elcuartopoder.com.mx\/nw\/wp-json\/wp\/v2\/media\/139656"}],"wp:attachment":[{"href":"http:\/\/elcuartopoder.com.mx\/nw\/wp-json\/wp\/v2\/media?parent=139655"}],"wp:term":[{"taxonomy":"category","embeddable":true,"href":"http:\/\/elcuartopoder.com.mx\/nw\/wp-json\/wp\/v2\/categories?post=139655"},{"taxonomy":"post_tag","embeddable":true,"href":"http:\/\/elcuartopoder.com.mx\/nw\/wp-json\/wp\/v2\/tags?post=139655"}],"curies":[{"name":"wp","href":"https:\/\/api.w.org\/{rel}","templated":true}]}}