{"id":139673,"date":"2025-04-08T09:23:09","date_gmt":"2025-04-08T14:23:09","guid":{"rendered":"https:\/\/elcuartopoder.com.mx\/nw\/?p=139673"},"modified":"2025-04-08T09:23:11","modified_gmt":"2025-04-08T14:23:11","slug":"el-papa-disuelve-la-rama-femenina-del-sodalicio-por-abusos-fisicos-sexuales-y-economicos-a-sus-miembros","status":"publish","type":"post","link":"http:\/\/elcuartopoder.com.mx\/nw\/varios\/el-papa-disuelve-la-rama-femenina-del-sodalicio-por-abusos-fisicos-sexuales-y-economicos-a-sus-miembros\/","title":{"rendered":"El Papa disuelve la rama femenina del Sodalicio por abusos f\u00edsicos, sexuales y econ\u00f3micos a sus miembros"},"content":{"rendered":"\n<p>El Concordato es el tratado firmado entre Per\u00fa y el Vaticano en 1980 y bajo ese paraguas, el sacerdote del\u00a0Sodalicio, Jaime Baertl G\u00f3mez, instaur\u00f3 una red financiera de negocios en donde hay nueve cementerios en todo el pa\u00eds, colegios, una universidad, empresas inmobiliarias, agroexportadoras, mineras y hasta una productora de teatro. La fortuna del\u00a0Sodalicio\u00a0calculada en mil millones de d\u00f3lares en bienes se encuentra en Colombia, Ecuador, Costa Rica, Chile, Brasil, Filipinas, Italia y Denver en Estados Unidos.<\/p>\n\n\n\n<p>El ex Procurador Anticorrupci\u00f3n del caso Fujimori-Montesinos que es tambi\u00e9n el abogado de exmiembros del Sodalicio, Jos\u00e9 Ugaz, ha enviado una carta donde advierte que los bienes del Sodalicio, obtenidos forzando el Concordato, con defraudaci\u00f3n tributaria e incluso con lavado de activos. Esa carta va dirigida al Secretario de Estado, Pietro Parolin; al prefecto del Dicasterio para los Obispos y presidente de la Pontificia Comisi\u00f3n para Am\u00e9rica Latina; Robert Prevost y a la prefecta del Dicasterio para vida consagrada y las sociedades de vida apost\u00f3lica, Simona Brambilla.<\/p>\n\n\n\n<p>En la misiva, Ugaz se\u00f1ala que \u00abusaron el Concordato firmado entre Per\u00fa y el Vaticano para que el negocio de cementerios sea viable en connivencia con los obispos de Lurin, Carabayllo, Piura y Callao\u00bb, al tiempo que agreg\u00f3 que \u00ablos denominados cementerios &#8211; misi\u00f3n, valorados en varios millones de d\u00f3lares, han sido transferidos a un fideicomiso (Acres Investment), con el objetivo de evitar que tales bienes sirvan para resarcir a las v\u00edctimas de abuso del Sodalicio, lo que, seg\u00fan informaci\u00f3n p\u00fablica, contar\u00eda con el apoyo del empresario y alcalde de Lima, Rafael L\u00f3pez Aliaga, miembro del Opus Dei y propietario de la referida empresa titular del fideicomiso\u00bb.<\/p>\n\n\n\n<p>\u00abAdem\u00e1s, seg\u00fan una investigaci\u00f3n en la Fiscal\u00eda que se le sigue a sus l\u00edderes por lavado de activos, el Sodalicio ha constituido cuatro empresas offshore, algunas operando como sociedad civil y can\u00f3nica en los Estados Unidos desde la parroquia Holy Name, en Denver, Colorado, y que funcionar\u00edan bajo los nombres de. Providential INC, Foundation Santa Rosa y Christ in the City\u00bb, indic\u00f3 Jos\u00e9 Ugaz.<\/p>\n\n\n\n<h3 class=\"wp-block-heading\">Campa\u00f1a de desprestigio contra Bertomeu<\/h3>\n\n\n\n<p>Es por esa raz\u00f3n que la tarea del catal\u00e1n Bertomeu, experto en abusos y escucha de v\u00edctimas en la iglesia, no ha hecho m\u00e1s que empezar porque tiene que hacer la lista de los bienes del Sodalicio, recuperar aquello que hayan podido esconder en manos privadas y evaluar si cabe la reparaci\u00f3n a las v\u00edctimas. Que el Vaticano a trav\u00e9s del Comisario Apost\u00f3lico, Jordi Bertomeu, tenga acceso a los bienes de una organizaci\u00f3n con<strong>&nbsp;mil millones de d\u00f3lares en bienes<\/strong>, ha causado que los medios aliados al Sodalicio hayan montado una campa\u00f1a de desprestigio contra \u00e9l e incluso lo han denunciado sin \u00e9xito ante la fiscal\u00eda peruana por el presunto delito de violaci\u00f3n del secreto de oficio. Los denunciantes intentan negarle la condici\u00f3n diplom\u00e1tica que le ha reconocido el Estado peruano.<\/p>\n\n\n\n<p>Se espera que el inminente cierre del Sodalicio de Vida Cristiana, acabe con estos ataques desde organizaciones medi\u00e1ticas ligadas al&nbsp;<a href=\"https:\/\/www.abc.es\/toledo\/20150326\/abcp-arzobispado-rechaza-hazteoir-conexion-20150326.html\">Yunque<\/a>&nbsp;(con sede en M\u00e9xico) que esperaban que el Papa Francisco no sobreviviera a la grave enfermedad a los pulmones que lo aquejo desde enero pasado.<\/p>\n\n\n\n<h3 class=\"wp-block-heading\">Disoluci\u00f3n a plazos<\/h3>\n\n\n\n<p>La Fraternidad Mariana de la Reconciliaci\u00f3n (FMR) est\u00e1 suprimida desde el 1 de abril pasado, mientras que las Siervas del Plan de Dios fueron suprimidas el 4 de abril. Una de las dirigentes de las fraternas, Roc\u00edo Figueroa Alvear, se enfrent\u00f3 en el 2008 al fundador Luis Fernando Figari, cuando descubri\u00f3 que su victimario, el fallecido sod\u00e1lite German Doig, era objeto de un proceso para declararlo santo.<\/p>\n\n\n\n<p>La exfraterna, acompa\u00f1ada de su hermano Alfonso Figueroa, tambi\u00e9n ex sod\u00e1lite y v\u00edctima de abuso sexual, denunci\u00f3 tambi\u00e9n que fue v\u00edctima de German Doig. A partir de entonces fue sometida a una campa\u00f1a de desprestigio. Todo ello mientras peleaba con el c\u00e1ncer en Roma. Superada esa etapa, esta te\u00f3loga vive en Nueva Zelanda donde se dedica a investigar la historia de los abusos en la iglesia cat\u00f3lica.<\/p>\n\n\n\n<p>Las Fraternas, las Siervas y el Movimiento de Vida Cristiana fueron fundados por el laico peruano Luis Fernando Figari Rodrigo, quien en 1971, fund\u00f3 el Sodalicio de Vida Cristiana. La tarea de Figari y su guardia pretoriana fue hacer un contrapeso ideol\u00f3gico en la iglesia cat\u00f3lica a la Teolog\u00eda de la liberaci\u00f3n, que en aquellos a\u00f1os empezaba a elaborar el religioso peruano, Gustavo Guti\u00e9rrez.<\/p>\n\n\n\n<p>Las siervas del Plan del Dios, son conocidas a nivel mundial por sus presentaciones musicales de rock and roll, pero la procesi\u00f3n iba por dentro: la chilena y ex sierva, Camila Bustamante relata en su libro \u00abSiervas\u00bb, los abusos de las mujeres que serv\u00edan de mano de obra barata e incluso para satisfacci\u00f3n sexual de los miembros del Sodalicio de Vida cristiana.<\/p>\n\n\n\n<h3 class=\"wp-block-heading\">Desde Brasil, habla Fernanda Duque<\/h3>\n\n\n\n<p>En entrevista con ABC, la ex miembro de la Fraternidad Mariana de la Reconciliaci\u00f3n, Fernanda Duque, revela que fue v\u00edctima de abuso sexual del sod\u00e1lite Raul Masseur y que despu\u00e9s de denunciarlo inutilmente decidi\u00f3 compartirlo con la entonces Superiora de las Fraternas, Alejandra Keen; entr\u00f3 en \u00abdepresi\u00f3n profunda, trastorno de ansiedad generalizado, s\u00edndrome de p\u00e1nico, fibromialgia, gastritis, tendinitis y estr\u00e9s\u00bb.<\/p>\n\n\n\n<p>\u00abEn el 2011, Alejandra Keen, me pregunta \u00bfc\u00f3mo est\u00e1s tras la salida de Roc\u00edo Figueroa?. Me vino un soplo del Esp\u00edritu Santo, y le dije a ella, a m\u00ed no me sorprende porque yo tambi\u00e9n fui abusada. As\u00ed que lo que pas\u00f3 conmigo tambi\u00e9n hab\u00eda pasado con Roc\u00edo, tambi\u00e9n pas\u00f3 conmigo con (el sod\u00e1lite) Raul Masseur\u00bb, explic\u00f3 Duque.<\/p>\n\n\n\n<p>\u00abYo se lo cont\u00e9 a (la psic\u00f3loga y directiva de la organizaci\u00f3n) Cecilia Collazos\u00bb, explica Duque. Luego, Alejandra Keen le explic\u00f3 que cinco fraternas hab\u00edan denunciado abusos ante el entonces Cardenal y obispo de Lima, Juan Luis Ciprian en mayo del 2011. Cipriani design\u00f3 a un sacerdote carmelita para que las escuche y corroborase si son ver\u00eddicos sus testimonios.<\/p>\n\n\n\n<p>\u00abEntonces cuando yo le cuento mi caso de abuso a Alejandra, ella llama a Cipriani y le dice, descubr\u00ed un caso m\u00e1s en la fraternidad\u00bb, agrega Duque.<\/p>\n\n\n\n<p>Hoy sabemos que las denuncias de las fraternas desaparecieron. \u00abCipriani los us\u00f3 como papel para tirar la basura\u00bb, agrega Fernanda Duque.<\/p>\n\n\n\n<p>\u00abUna vez m\u00e1s, somos usadas y revictimizadas porque me vuelvo a exponer, vuelvo a abrir mi coraz\u00f3n, hablar, contar, escribir. Para nada a la basura, todo. Y otra cosa que m\u00e1s me indigna es que cuando le preguntan a Cecilia Collazos por mi caso, dice que se olvid\u00f3\u00bb.<\/p>\n\n\n\n<p>La exsuperiora general, Alejandra Keen no solo denunci\u00f3 los abusos sufridos por las fraternas sino los malos manejos econ\u00f3micos en el Sodalicio.<\/p>\n\n\n\n<p>A partir de entonces, empieza un nuevo calvario para Fernanda Duque: \u00abViv\u00eda en Chile y me sacaron de la comunidad porque era una carga. Me traen a Lima y me dicen que producto de mis enfermedades ya no pod\u00eda vivir la vocaci\u00f3n y me echaron. Todas las enfermedades las adquir\u00ed por ser fraterna. As\u00ed que a los 40 a\u00f1os regres\u00e9 a la casa de mis padres en Brasil sin nada\u00bb.<\/p>\n\n\n\n<p>Gracias a la ayuda de su familia y amigos, Fernanda Duque rehizo su vida y ahora busca hacer justicia a las exfraternas violentadas en el Sodalicio como el caso de la fraterna colombiana, Sara Cobaleda, quien se suicid\u00f3 tras su paso por la organizaci\u00f3n.<\/p>\n\n\n\n<p>A partir del 4 de febrero, toda la responsabilidad de reparar en justicia a las v\u00edctimas recae en el Comisario apost\u00f3lico, Jordi Bertomeu.<\/p>\n\n\n\n<h3 class=\"wp-block-heading\">El encubrimiento de Cipriani<\/h3>\n\n\n\n<p>El Cardenal Cipriani dio la aprobaci\u00f3n can\u00f3nica en 2011 a la FMR y no la cuestion\u00f3 m\u00e1s, no obstante, las denuncias por abusos que semanas despu\u00e9s presentaron las v\u00edctimas entre las Fraternas y la necesidad por parte de \u00e9stas de iniciar ya aquel mismo 2011 &#8216;un proceso de renovaci\u00f3n\u00bb, como han confirmado en su comunicado de supresi\u00f3n. Aquel a\u00f1o abandon\u00f3 la FMR un tercio de sus miembros.<\/p>\n\n\n\n<p>En enero pasado se public\u00f3 una acusaci\u00f3n de pederastia contra Juan Luis Cipriani y un castigo para que no regrese a Per\u00fa para no perturbar a la v\u00edctima desde el 2019. Cipriani hizo caso omiso al castigo y regreso a recibir una condecoraci\u00f3n de parte del alcalde de Lima y miembro del Opus Dei, Rafael L\u00f3pez Aliaga. Molesto porque los obispos peruanos apoyaron a las v\u00edctimas, Cipriani ha vuelto a la carga y ha enviado el 28 de marzo pasado, una carta en la que les exig\u00eda una rectificaci\u00f3n por un comunicado anterior de la Conferencia Episcopal Peruana (CEP).<\/p>\n\n\n\n<p>El cardenal Cipriani, acusado de pederastia en 2018 por un denunciante cuya reserva protege Francisco, insiste una y otra vez que el Papa le ha impuesto injustamente unas penas sin juicio, siendo \u00e9l inocente.<\/p>\n\n\n\n<p>Seg\u00fan un obispo peruano que nos pidi\u00f3 reserva de su nombre, \u00abla realidad es que Francisco, despu\u00e9s de considerar durante una investigaci\u00f3n previa que las acusaciones eran muy fundadas, acept\u00f3 en enero de 2019, tres meses despu\u00e9s de la denuncia, la renuncia de Cipriani cuando cumpli\u00f3 los 75 a\u00f1os y 1 mes despu\u00e9s, por motivo que a\u00fan se desconoce, solo limit\u00f3 a Cipriani el ejercicio de su ministerio episcopal.<\/p>\n\n\n\n<p>En este caso, el Papa Francisco, por medio de un precepto penal alej\u00f3 de Lima a Cipriani y le restringi\u00f3 la actividad p\u00fablica y el uso de insignias cardenalicias, tal y como informo Matteo Bruni, director de la sala de prensa del Vaticano, el 26 de enero del 2025.<\/p>\n","protected":false},"excerpt":{"rendered":"<p>El Concordato es el tratado firmado entre Per\u00fa y el Vaticano en 1980 y bajo ese paraguas, el sacerdote del\u00a0Sodalicio, Jaime Baertl G\u00f3mez, instaur\u00f3 una red financiera de negocios en donde hay nueve cementerios en todo el pa\u00eds, colegios, una universidad, empresas inmobiliarias, agroexportadoras, mineras y hasta una productora de teatro. La fortuna del\u00a0Sodalicio\u00a0calculada en [&hellip;]<\/p>\n","protected":false},"author":2,"featured_media":139674,"comment_status":"open","ping_status":"open","sticky":false,"template":"","format":"standard","meta":{"footnotes":""},"categories":[64],"tags":[],"class_list":["post-139673","post","type-post","status-publish","format-standard","has-post-thumbnail","hentry","category-varios"],"_links":{"self":[{"href":"http:\/\/elcuartopoder.com.mx\/nw\/wp-json\/wp\/v2\/posts\/139673","targetHints":{"allow":["GET"]}}],"collection":[{"href":"http:\/\/elcuartopoder.com.mx\/nw\/wp-json\/wp\/v2\/posts"}],"about":[{"href":"http:\/\/elcuartopoder.com.mx\/nw\/wp-json\/wp\/v2\/types\/post"}],"author":[{"embeddable":true,"href":"http:\/\/elcuartopoder.com.mx\/nw\/wp-json\/wp\/v2\/users\/2"}],"replies":[{"embeddable":true,"href":"http:\/\/elcuartopoder.com.mx\/nw\/wp-json\/wp\/v2\/comments?post=139673"}],"version-history":[{"count":1,"href":"http:\/\/elcuartopoder.com.mx\/nw\/wp-json\/wp\/v2\/posts\/139673\/revisions"}],"predecessor-version":[{"id":139675,"href":"http:\/\/elcuartopoder.com.mx\/nw\/wp-json\/wp\/v2\/posts\/139673\/revisions\/139675"}],"wp:featuredmedia":[{"embeddable":true,"href":"http:\/\/elcuartopoder.com.mx\/nw\/wp-json\/wp\/v2\/media\/139674"}],"wp:attachment":[{"href":"http:\/\/elcuartopoder.com.mx\/nw\/wp-json\/wp\/v2\/media?parent=139673"}],"wp:term":[{"taxonomy":"category","embeddable":true,"href":"http:\/\/elcuartopoder.com.mx\/nw\/wp-json\/wp\/v2\/categories?post=139673"},{"taxonomy":"post_tag","embeddable":true,"href":"http:\/\/elcuartopoder.com.mx\/nw\/wp-json\/wp\/v2\/tags?post=139673"}],"curies":[{"name":"wp","href":"https:\/\/api.w.org\/{rel}","templated":true}]}}