{"id":139676,"date":"2025-04-08T09:33:25","date_gmt":"2025-04-08T14:33:25","guid":{"rendered":"https:\/\/elcuartopoder.com.mx\/nw\/?p=139676"},"modified":"2025-04-08T09:33:27","modified_gmt":"2025-04-08T14:33:27","slug":"sheinbaum-en-dos-frentes","status":"publish","type":"post","link":"http:\/\/elcuartopoder.com.mx\/nw\/editorial\/sheinbaum-en-dos-frentes\/","title":{"rendered":"Sheinbaum en dos frentes"},"content":{"rendered":"\n<p>A querer o no, y por ahora solo con una relativa responsabilidad, los primeros seis meses de gobierno de la presidenta Claudia Sheinbaum han sido marcados por una crisis tras otra, una constante lucha cuesta arriba contra los problemas creados por las medidas proteccionistas del gobierno de Donald Trump y las herencias del r\u00e9gimen de Andr\u00e9s Manuel L\u00f3pez Obrador.<\/p>\n\n\n\n<p>Hay una vinculaci\u00f3n entre unas y otras, menos porque se hayan puesto de acuerdo para poner a prueba el car\u00e1cter de la primera Presidenta de M\u00e9xico, que por una combinaci\u00f3n de circunstancias derivadas de la arrogante ignorancia de uno y lealtades que a veces parecen complicidades en el otro. &nbsp;<\/p>\n\n\n\n<p>Trump le declar\u00f3 la guerra comercial al mundo, incluso M\u00e9xico, a pesar de lo que diga un gobierno Sheinbaum necesitado de aparentar e inyectar optimismo ante la poblaci\u00f3n y frente a potenciales inversionistas.<\/p>\n\n\n\n<p>El hecho es que no se han levantado, y probablemente no lo ser\u00e1n, los aranceles a buena parte de las exportaciones mexicanas, que fueron fijados antes del supuesto \u00abd\u00eda de la liberaci\u00f3n\u00bb proclamado por Trump en su famoso discurso del mi\u00e9rcoles dos de abril.<\/p>\n\n\n\n<p>La doble amenaza de las dos espadas de Damocles, una en forma de la posibilidad de m\u00e1s presiones econ\u00f3micas y la otra de intervenciones militares directas contra grupos delictivos, para poner presi\u00f3n para que el gobierno mexicano act\u00fae m\u00e1s decisivamente contra los c\u00e1rteles de la droga, contin\u00faa presente en las relaciones bilaterales.<\/p>\n\n\n\n<p>Peor a\u00fan, de creer a algunos reportes, ser\u00eda posible que haya presiones para acciones en contra de personajes de los \u00faltimos 25 a\u00f1os, incluso del pasado reciente.<\/p>\n\n\n\n<p>Ciertamente, no es una situaci\u00f3n f\u00e1cil. Sheinbaum recibi\u00f3 una econom\u00eda debilitada por los excesos pol\u00edticos de sus antecesores, especialmente inversiones que, si bien fueron proclamadas como importantes, se han revelado m\u00e1s bien como lastres que cuestan, y costar\u00e1n al pa\u00eds, recursos de los que no dispone.<\/p>\n\n\n\n<p>Esa problem\u00e1tica reduce considerablemente las posibilidades de resistencia y, por tanto, de negociaci\u00f3n frente a las presiones del gobierno estadounidense.<\/p>\n\n\n\n<p>Ciertamente, parece realista cifrar la apuesta econ\u00f3mica del pa\u00eds en la continuaci\u00f3n, de una forma u otra, del acuerdo comercial M\u00e9xico-Estados Unidos-Canad\u00e1 (T-MEC), aunque las acciones unilaterales de Trump lo hayan socavado significativamente. Despu\u00e9s de todo, los dos pa\u00edses y Canad\u00e1 son a querer o no, una regi\u00f3n cuya integraci\u00f3n promete bonanza para los tres \u2013y beneficios para sus vecinos inmediatos\u2013 pero que de no concretarse, solo ofrece dificultades crecientes.<\/p>\n\n\n\n<p>Y a eso se a\u00f1ade la aparente divisi\u00f3n en las filas de un partido de gobierno, que no se preocupa por mostrar solidez, sino que muestra p\u00fablicamente sus divisiones y hace el feo cuando no socava a la presidenta en turno para subrayar su poder o sus lealtades y mantener vivo el s\u00edndrome del Tlatoani.<\/p>\n\n\n\n<p>POR JOS\u00c9 CARRE\u00d1O FIGUERAS&nbsp;&nbsp;&nbsp;<\/p>\n","protected":false},"excerpt":{"rendered":"<p>A querer o no, y por ahora solo con una relativa responsabilidad, los primeros seis meses de gobierno de la presidenta Claudia Sheinbaum han sido marcados por una crisis tras otra, una constante lucha cuesta arriba contra los problemas creados por las medidas proteccionistas del gobierno de Donald Trump y las herencias del r\u00e9gimen de [&hellip;]<\/p>\n","protected":false},"author":2,"featured_media":139677,"comment_status":"open","ping_status":"open","sticky":false,"template":"","format":"standard","meta":{"footnotes":""},"categories":[63],"tags":[],"class_list":["post-139676","post","type-post","status-publish","format-standard","has-post-thumbnail","hentry","category-editorial"],"_links":{"self":[{"href":"http:\/\/elcuartopoder.com.mx\/nw\/wp-json\/wp\/v2\/posts\/139676","targetHints":{"allow":["GET"]}}],"collection":[{"href":"http:\/\/elcuartopoder.com.mx\/nw\/wp-json\/wp\/v2\/posts"}],"about":[{"href":"http:\/\/elcuartopoder.com.mx\/nw\/wp-json\/wp\/v2\/types\/post"}],"author":[{"embeddable":true,"href":"http:\/\/elcuartopoder.com.mx\/nw\/wp-json\/wp\/v2\/users\/2"}],"replies":[{"embeddable":true,"href":"http:\/\/elcuartopoder.com.mx\/nw\/wp-json\/wp\/v2\/comments?post=139676"}],"version-history":[{"count":1,"href":"http:\/\/elcuartopoder.com.mx\/nw\/wp-json\/wp\/v2\/posts\/139676\/revisions"}],"predecessor-version":[{"id":139678,"href":"http:\/\/elcuartopoder.com.mx\/nw\/wp-json\/wp\/v2\/posts\/139676\/revisions\/139678"}],"wp:featuredmedia":[{"embeddable":true,"href":"http:\/\/elcuartopoder.com.mx\/nw\/wp-json\/wp\/v2\/media\/139677"}],"wp:attachment":[{"href":"http:\/\/elcuartopoder.com.mx\/nw\/wp-json\/wp\/v2\/media?parent=139676"}],"wp:term":[{"taxonomy":"category","embeddable":true,"href":"http:\/\/elcuartopoder.com.mx\/nw\/wp-json\/wp\/v2\/categories?post=139676"},{"taxonomy":"post_tag","embeddable":true,"href":"http:\/\/elcuartopoder.com.mx\/nw\/wp-json\/wp\/v2\/tags?post=139676"}],"curies":[{"name":"wp","href":"https:\/\/api.w.org\/{rel}","templated":true}]}}