{"id":139689,"date":"2025-04-08T16:04:39","date_gmt":"2025-04-08T21:04:39","guid":{"rendered":"https:\/\/elcuartopoder.com.mx\/nw\/?p=139689"},"modified":"2025-04-08T16:04:41","modified_gmt":"2025-04-08T21:04:41","slug":"el-desafuero-que-no-llega","status":"publish","type":"post","link":"http:\/\/elcuartopoder.com.mx\/nw\/nacionales\/el-desafuero-que-no-llega\/","title":{"rendered":"El desafuero que no llega"},"content":{"rendered":"\n<p class=\"wp-block-paragraph\"><\/p>\n\n\n\n<p class=\"wp-block-paragraph\"><strong>Alejandro \u00abAlito\u00bb Moreno C\u00e1rdenas\u00a0<\/strong>a\u00fan tiene pendiente un juicio de procedencia en la C\u00e1mara de Diputados que determinar\u00e1 si le quita o le deja intacto el fuero, una protecci\u00f3n que la bancada priista ayud\u00f3 a mantener en el caso del Diputado morenista Cuauht\u00e9moc Blanco, una votaci\u00f3n que ha generado cuestionamiento de un pacto de impunidad que la Presidenta Claudia Sheinbaum Pardo ha negado.<\/p>\n\n\n\n<p class=\"wp-block-paragraph\">Desde el inicio de la Legislatura el Diputado Hugo Erik Flores, que preside la Secci\u00f3n Instructora de la C\u00e1mara de Diputados, ha hablado de reactivar el caso contra el dirigente del PRI, aunque en los hechos el caso ha permanecido congelado.<\/p>\n\n\n\n<p class=\"wp-block-paragraph\">De hecho, en los \u00faltimos d\u00edas\u00a0una figura muy cercana\u00a0al l\u00edder del\u00a0<strong>Partido Revolucionario Institucional<\/strong>\u00a0(<strong>PRI<\/strong>), en sus tiempos como\u00a0<strong>Gobernador de Campeche<\/strong>, fue detenida acusada de desv\u00edo de recursos, lo que ha puesto los focos en la gesti\u00f3n de Moreno C\u00e1rdenas y en las acusaciones en su contra.<\/p>\n\n\n\n<p class=\"wp-block-paragraph\">Se trata de Walter Olivera Valladares, vocero durante el Gobierno estatal de \u201cAlito\u201d, detenido el domingo en M\u00e9rida durante un operativo, en el que colaboraron las Fiscal\u00edas de Yucat\u00e1n y Campeche, por los delitos de posible peculado, y uso indebido de atribuciones y facultades.<\/p>\n\n\n\n<blockquote class=\"wp-block-quote is-layout-flow wp-block-quote-is-layout-flow\">\n<p class=\"wp-block-paragraph\">Olivera Valladares, yerno de Carlos Miguel Aysa Gonz\u00e1lez, el exgobernador suplente de \u201cAlito\u201d, es acusado por la Fiscal\u00eda Especializada en el Combate a la Corrupci\u00f3n del Estado de Campeche (FECCECAM) de haber desviado 16 millones de pesos en publicidad gubernamental.<\/p>\n<\/blockquote>\n\n\n\n<p class=\"wp-block-paragraph\">Olivera Valladares es indagado por tener un departamento en el Club Campestre de M\u00e9rida; as\u00ed como un departamento en una exclusiva zona en Canc\u00fan, Quintana Roo, y una mansi\u00f3n en un fraccionamiento exclusivo en Campeche llamado Campeche Hills, ubicado a dos kil\u00f3metros de donde ten\u00eda su residencia el ahora l\u00edder del PRI, Alejandro Moreno C\u00e1rdenas, y donde tambi\u00e9n resid\u00eda su suegro Carlos Miguel Aysa Gonz\u00e1lez.<\/p>\n\n\n\n<h2 class=\"wp-block-heading\"><strong>Las acusaciones contra \u00abAlito\u00bb<\/strong><\/h2>\n\n\n\n<p class=\"wp-block-paragraph\">La Fiscal\u00eda General de la Rep\u00fablica (<strong>FGR<\/strong>) mantiene en su contra una investigaci\u00f3n por los delitos de<strong>&nbsp;enriquecimiento il\u00edcito<\/strong>, desv\u00edo de fondos federales, fraude fiscal, uso de recursos de procedencia il\u00edcita y tr\u00e1fico de influencias.<\/p>\n\n\n\n<p class=\"wp-block-paragraph\">Desde 2022, la FGR ha girado oficios a dependencias del Gobierno federal para que, \u201ccon car\u00e1cter RESERVADO y URGENTE\u201d (sic), le sea entregada informaci\u00f3n sobre procedimientos administrativos relacionados con Moreno C\u00e1rdenas en el periodo de 2015 a 2020, seg\u00fan&nbsp;<a href=\"https:\/\/www.sinembargo.mx\/4251019\/la-fgr-sigue-los-pasos-al-presidente-del-pri-y-hasta-pidio-ayuda-al-gobierno-federal\/\">documentos obtenidos por&nbsp;<strong>SinEmbargo<\/strong><\/a>.<\/p>\n\n\n\n<p class=\"wp-block-paragraph\">Se trata pr\u00e1cticamente del periodo en el que Moreno C\u00e1rdenas, tambi\u00e9n conocido como \u201cAlito\u201d, se desempe\u00f1\u00f3 como Gobernador de Campeche \u2013aunque en 2020 ya presid\u00eda el PRI\u2013, cuya actual Fiscal\u00eda Estatal present\u00f3 denuncias en su contra, el 11 de mayo, con base en informaci\u00f3n del Gobierno del estado y de la Secretar\u00eda de Hacienda y Cr\u00e9dito P\u00fablico.<\/p>\n\n\n\n<p class=\"wp-block-paragraph\">La carpeta de investigaci\u00f3n FED\/FEMCC-CAMP\/0000275\/2002 contra el entonces Diputado federal y ahora Senador est\u00e1 a cargo de la Fiscal\u00eda Especializada en Combate a la Corrupci\u00f3n, que encabeza Mar\u00eda de la Luz Mijangos Borja, quien instruy\u00f3 a su Equipo de Investigaci\u00f3n y Litigaci\u00f3n, cuya titular es la Fiscal Blanca Flor Ram\u00f3n Peralta, a profundizar las pesquisas.<\/p>\n\n\n\n<blockquote class=\"wp-block-quote is-layout-flow wp-block-quote-is-layout-flow\">\n<p class=\"wp-block-paragraph\">Esta investigaci\u00f3n de la FGR contra Moreno C\u00e1rdenas, probada por&nbsp;<strong>SinEmbargo<\/strong>&nbsp;con documentos, es diferente a la que lleva a cabo contra \u00e9ste la Fiscal\u00eda de Campeche tambi\u00e9n por presunto enriquecimiento il\u00edcito, delito que se castiga hasta con 25 a\u00f1os de prisi\u00f3n.<\/p>\n<\/blockquote>\n\n\n\n<p class=\"wp-block-paragraph\">El 17 de agosto, la Fiscal\u00eda de Campeche, que encabeza Rento Sales Heredia, solicit\u00f3 a la C\u00e1mara de Diputados iniciar el desafuero de Moreno C\u00e1rdenas, quien podr\u00e1 defenderse ante la Secci\u00f3n Instructora previamente a que se vote en el pleno, un caso que se ha arrastrado a lo largo de un par de Legislaturas en San L\u00e1zaro y que sigue sin resolverse, a pesar de la voluntad del oficialismo de llevar a cabo este proceso.<\/p>\n\n\n\n<h2 class=\"wp-block-heading\"><strong>\u00bfQu\u00e9 pas\u00f3 con el desafuero de Alejandro Moreno C\u00e1rdenas?<\/strong><\/h2>\n\n\n\n<p class=\"wp-block-paragraph\">El 3 de septiembre del 2022 el pleno de la&nbsp;C\u00e1mara de&nbsp;Diputados&nbsp;aprob\u00f3 la integraci\u00f3n de la&nbsp;Secci\u00f3n Instructora que deb\u00eda analizar la procedencia de la acci\u00f3n penal y la p\u00e9rdida del fuero -la inmunidad constitucional-, del entonces diputado federal Moreno C\u00e1rdenas. Este \u00f3rgano qued\u00f3 integrado por Jaime Humberto P\u00e9rez&nbsp;Bernab\u00e9, de Morena, en car\u00e1cter de presidente y como secretarios fueron designados el vicecoordinador de Morena,&nbsp;Leonel&nbsp;Godoy Rangel; el vicecoordinador del PAN,&nbsp;Jos\u00e9 El\u00edas Lixa Abimerhi; y el coordinador del PRI,&nbsp;Rub\u00e9n Ignacio Moreira Valdez.<\/p>\n\n\n\n<p class=\"wp-block-paragraph\">A partir de ese momento empezaron a correr plazos clave. La Comisi\u00f3n Jurisdiccional de la C\u00e1mara de Diputados, a trav\u00e9s de la Secci\u00f3n Instructora, tendr\u00eda que haber rendido un dictamen en un plazo de 60 d\u00edas h\u00e1biles, que se cumpli\u00f3 el 25 de noviembre del 2022. Este plazo s\u00f3lo podr\u00eda ampliarse en caso de que fuese necesario disponer de m\u00e1s tiempo, para subsanar alguna duda o tr\u00e1mite.<\/p>\n\n\n\n<p class=\"wp-block-paragraph\">El caso se enfri\u00f3 en un primer momento porque fue una diputada del PRI, Yolanda de la Torre Valdez, cercana a \u201cAlito\u201d, quien present\u00f3 la iniciativa que permiti\u00f3 la reforma constitucional, respaldada por el tricolor, para mantener la presencia de las fuerzas armadas en labores de seguridad p\u00fablica hasta el 2028, en apoyo de tareas y combate al crimen organizado. La referida reforma fue aprobada en la c\u00e1mara de diputados el 15 de septiembre del 2022 y en la C\u00e1mara de Senadores el 4 de octubre del 2022.<\/p>\n\n\n\n<blockquote class=\"wp-block-quote is-layout-flow wp-block-quote-is-layout-flow\">\n<p class=\"wp-block-paragraph\">En la actual C\u00e1mara de Diputados Morena, por s\u00ed mismo, tiene 253 votos, suficientes para declarar la Procedencia de la Acci\u00f3n Penal contra \u201cAlito\u201d Moreno. Y podr\u00eda sumar los 49 legisladores del Partido del Trabajo, m\u00e1s los 62 del Partido Verde Ecologista de M\u00e9xico, para un total de 364 diputados. Sobrada fuerza para quitarle el fuero, la inmunidad constitucional, al dirigente priista, para ponerlo a disposici\u00f3n de la autoridad judicial.<\/p>\n<\/blockquote>\n\n\n\n<p class=\"wp-block-paragraph\">El diputado morenista Hugo Eric Flores, presidente de la Comisi\u00f3n Jurisdiccional de San L\u00e1zaro, dio a conocer que en la primera semana de marzo se reunir\u00e1 esa instancia para marcar la ruta del juicio de procedencia de la acci\u00f3n penal contra el ahora senador priista Alejandro Moreno C\u00e1rdenas, quien apenas el a\u00f1o pasado se reeligi\u00f3 para permanecer al frente del tricolor hasta el 2028.<\/p>\n\n\n\n<p class=\"wp-block-paragraph\">\u201cEstamos esperando la informaci\u00f3n de \u2018Alito\u2019. La pr\u00f3xima semana que tengamos Comisi\u00f3n Jurisdiccional ya vamos a marcar una ruta. Aunque el diputado Moreira se enoje, hay rutas legales que tenemos que seguir. A lo mejor no sabe mucho de leyes, pero nosotros s\u00ed, m\u00e1s o menos, conocemos de procedimientos\u201d, indic\u00f3 Flores Cervantes en declaraciones a medios de comunicaci\u00f3n.<\/p>\n\n\n\n<p class=\"wp-block-paragraph\">Unos d\u00edas antes, en entrevista publicada en SinEmbargo, Flores Cervantes dijo que promover\u00eda que fueran descongeladas las peticiones de desafuero en contra de Moreno C\u00e1rdenas, de la Ministra presidenta de la Suprema Corte de Justicia Norma Luc\u00eda Pi\u00f1a Hern\u00e1ndez y el Fiscal Alejandro Gertz Manero, entre otras.<\/p>\n\n\n\n<p class=\"wp-block-paragraph\">La Comisi\u00f3n&nbsp;Jurisdiccional de la pasada legislatura, de la que formaban parte, entre otros el diputado federal priista Rub\u00e9n Moreira, incondicional del dirigente nacional del PRI, dio por descartada la&nbsp;solicitud de desafuero&nbsp;contra Moreno C\u00e1rdenas, promovida en 2022 por la Fiscal\u00eda de Campeche para que pudiera ser juzgarlo por presunto enriquecimiento il\u00edcito. Pero en la actual Comisi\u00f3n se tiene la intenci\u00f3n de continuar desahogando el caso, ya que no se encuentra un respaldo legal de las decisiones de la anterior legislatura, asegur\u00f3 el morenista Flores Cervantes.<\/p>\n\n\n\n<h2 class=\"wp-block-heading\"><strong>\u00bfQui\u00e9nes deciden sobre el desafuero?<\/strong><\/h2>\n\n\n\n<p class=\"wp-block-paragraph\">Para procesar una petici\u00f3n de que se declare la procedencia de la acci\u00f3n penal contra un legislador, la Ley Org\u00e1nica del Congreso General de los Estados Unidos Mexicanos establece en su Art\u00edculo 40 que \u201cla Comisi\u00f3n Jurisdiccional se integrar\u00e1 por un m\u00ednimo de 12 diputados y un m\u00e1ximo de 16, a efecto de que entre ellos se designen a los que habr\u00e1n de conformar, cuando as\u00ed se requiera, la Secci\u00f3n Instructora\u201d encargada de documentar el caso.<\/p>\n\n\n\n<p class=\"wp-block-paragraph\">La Secci\u00f3n Instructora es una instancia integrada por cuatro diputados miembros de la Comisi\u00f3n Jurisdiccional, que tiene a su cargo practicar todas las diligencias necesarias para la comprobaci\u00f3n de la conducta o hecho de responsabilidad pol\u00edtica y penal de alg\u00fan servidor p\u00fablico, en este caso de los legisladores, estableciendo las caracter\u00edsticas y circunstancias del caso y precisando la intervenci\u00f3n que haya tenido el denunciado.<\/p>\n\n\n\n<blockquote class=\"wp-block-quote is-layout-flow wp-block-quote-is-layout-flow\">\n<p class=\"wp-block-paragraph\">Las conclusiones de la Secci\u00f3n Instructora terminar\u00e1n proponiendo que se declare que hay o no lugar a proceder en contra del servidor p\u00fablico denunciado por la conducta o el hecho materia de la denuncia que dio origen al procedimiento.<\/p>\n<\/blockquote>\n\n\n\n<p class=\"wp-block-paragraph\">En octubre, el pleno de la C\u00e1mara de Diputados aprob\u00f3 la integraci\u00f3n de la Secci\u00f3n Instructora de la LXVI Legislatura, la cual est\u00e1 presidida por el diputado Hugo Eric Flores (Morena). Lo acompa\u00f1an: Adriana Belinda Quiroz Gallegos (Morena), Germ\u00e1n Mart\u00ednez C\u00e1zares (PAN), as\u00ed como Ra\u00fal Bola\u00f1os-Cacho Cu\u00e9 (PVEM).<\/p>\n\n\n\n<h2 class=\"wp-block-heading\"><strong>El lado oscuro de \u00abAlito\u00bb<\/strong><\/h2>\n\n\n\n<p class=\"wp-block-paragraph\">Al caso del pol\u00edtico, que comenz\u00f3 su carrera como parte de un grupo de choque en la Universidad de Campeche, se le suman las oscuras acusaciones en su contra que, durante varias semanas, y hasta que fue frenada por un amparo, la Gobernadora morenista Layda Sansores difundi\u00f3 a trav\u00e9s de audios en los que Moreno C\u00e1rdenas es exhibido en presuntos actos de corrupci\u00f3n como lavado de dinero durante su gesti\u00f3n en esta entidad.<\/p>\n\n\n\n<blockquote class=\"wp-block-quote is-layout-flow wp-block-quote-is-layout-flow\">\n<p class=\"wp-block-paragraph\">En las primeras grabaciones, difundidas en mayo de 2022, se escucha a Moreno C\u00e1rdenas ordenar que se destinen al menos 4.5 millones de d\u00f3lares para el pago del publicista espa\u00f1ol, Antonio Sol\u00e1, as\u00ed como para la elecci\u00f3n del 2021 en el estado de Campeche.<\/p>\n<\/blockquote>\n\n\n\n<p class=\"wp-block-paragraph\">En otro audio, \u201cAlito\u201d habla de intentar extorsionar al due\u00f1o de Cin\u00e9polis. En uno m\u00e1s da cuenta de c\u00f3mo habr\u00eda hecho fraude con la venta de terrenos. En otro se le escucha supuestamente poni\u00e9ndose de acuerdo con un Diputado para hacer un negocio con medicamentos.<\/p>\n\n\n\n<p class=\"wp-block-paragraph\">A estas grabaciones se suma dos nuevas, una difundida en junio de 2022, donde se escucha al dirigente nacional del PRI hablar sobre dinero que se habr\u00eda entregado en efectivo a la cadena&nbsp;<em>Televisa<\/em>&nbsp;para borrar el rastro de capital que supuestamente provendr\u00eda de gastos de campa\u00f1a. Adem\u00e1s, en otro audio habla de \u00abmatar de hambre\u00bb a los periodistas, mostrando su control del presupuesto destinado a comunicaci\u00f3n, en el que est\u00e1 precisamente inmiscuido su exvocero, ahora detenido.<\/p>\n","protected":false},"excerpt":{"rendered":"<p>Alejandro \u00abAlito\u00bb Moreno C\u00e1rdenas\u00a0a\u00fan tiene pendiente un juicio de procedencia en la C\u00e1mara de Diputados que determinar\u00e1 si le quita o le deja intacto el fuero, una protecci\u00f3n que la bancada priista ayud\u00f3 a mantener en el caso del Diputado morenista Cuauht\u00e9moc Blanco, una votaci\u00f3n que ha generado cuestionamiento de un pacto de impunidad que [&hellip;]<\/p>\n","protected":false},"author":2,"featured_media":139690,"comment_status":"open","ping_status":"open","sticky":false,"template":"","format":"standard","meta":{"footnotes":""},"categories":[55],"tags":[],"class_list":["post-139689","post","type-post","status-publish","format-standard","has-post-thumbnail","hentry","category-nacionales"],"_links":{"self":[{"href":"http:\/\/elcuartopoder.com.mx\/nw\/wp-json\/wp\/v2\/posts\/139689","targetHints":{"allow":["GET"]}}],"collection":[{"href":"http:\/\/elcuartopoder.com.mx\/nw\/wp-json\/wp\/v2\/posts"}],"about":[{"href":"http:\/\/elcuartopoder.com.mx\/nw\/wp-json\/wp\/v2\/types\/post"}],"author":[{"embeddable":true,"href":"http:\/\/elcuartopoder.com.mx\/nw\/wp-json\/wp\/v2\/users\/2"}],"replies":[{"embeddable":true,"href":"http:\/\/elcuartopoder.com.mx\/nw\/wp-json\/wp\/v2\/comments?post=139689"}],"version-history":[{"count":1,"href":"http:\/\/elcuartopoder.com.mx\/nw\/wp-json\/wp\/v2\/posts\/139689\/revisions"}],"predecessor-version":[{"id":139691,"href":"http:\/\/elcuartopoder.com.mx\/nw\/wp-json\/wp\/v2\/posts\/139689\/revisions\/139691"}],"wp:featuredmedia":[{"embeddable":true,"href":"http:\/\/elcuartopoder.com.mx\/nw\/wp-json\/wp\/v2\/media\/139690"}],"wp:attachment":[{"href":"http:\/\/elcuartopoder.com.mx\/nw\/wp-json\/wp\/v2\/media?parent=139689"}],"wp:term":[{"taxonomy":"category","embeddable":true,"href":"http:\/\/elcuartopoder.com.mx\/nw\/wp-json\/wp\/v2\/categories?post=139689"},{"taxonomy":"post_tag","embeddable":true,"href":"http:\/\/elcuartopoder.com.mx\/nw\/wp-json\/wp\/v2\/tags?post=139689"}],"curies":[{"name":"wp","href":"https:\/\/api.w.org\/{rel}","templated":true}]}}