{"id":139751,"date":"2025-04-09T10:09:29","date_gmt":"2025-04-09T15:09:29","guid":{"rendered":"https:\/\/elcuartopoder.com.mx\/nw\/?p=139751"},"modified":"2025-04-09T10:09:31","modified_gmt":"2025-04-09T15:09:31","slug":"la-uif-apunta-al-corazon-del-segundo-piso-de-la-4t","status":"publish","type":"post","link":"http:\/\/elcuartopoder.com.mx\/nw\/politica\/la-uif-apunta-al-corazon-del-segundo-piso-de-la-4t\/","title":{"rendered":"La UIF apunta al coraz\u00f3n del segundo piso de la 4T"},"content":{"rendered":"\n<p><strong>MORENA Y LA 4T<\/strong>\u00a0no terminan de asimilar sus estruendosas victorias electorales,\u00a0pintando\u00a0de guinda la geograf\u00eda del pa\u00eds, y ya empiezan a explosionar, mucho antes de las elecciones intermedias de 2027.<\/p>\n\n\n\n<p>Ayer le cont\u00e9 que el ex presidente&nbsp;<strong>Andr\u00e9s Manuel L\u00f3pez Obrador<\/strong>&nbsp;llam\u00f3 a cuentas a su rancho de Palenque a su hijo,&nbsp;<strong>Andr\u00e9s<\/strong>&nbsp;<strong>Manuel L\u00f3pez Beltr\u00e1n<\/strong>, para ponerle un freno a sus ambiciones presidenciales.<\/p>\n\n\n\n<p>Sus excesos y protagonismos han molestado a la Presidenta<strong>&nbsp;Claudia Sheinbaum<\/strong>&nbsp;porque causan confusi\u00f3n en las bases cuatrote\u00edstas y envalentonan a los diferentes grupos pol\u00edticos que ya miran a 2030.<\/p>\n\n\n\n<p><strong>Ad\u00e1n Augusto L\u00f3pez, Ricardo Monreal, Gerardo Fern\u00e1ndez Noro\u00f1a, Marcelo Ebrard<\/strong>&nbsp;y<strong>&nbsp;Luisa Alcalde&nbsp;<\/strong>representan facciones al interior de Morena que se est\u00e1n empezando a mover pol\u00edtica y financieramente.<\/p>\n\n\n\n<p>Como si esa rebeli\u00f3n no fuera suficiente, ahora la Unidad de Inteligencia Financiera (UIF) est\u00e1&nbsp;apuntando al coraz\u00f3n&nbsp;del segundo piso de la 4T, enrareciendo todav\u00eda m\u00e1s el de por si ya farragoso ambiente.<\/p>\n\n\n\n<p>Resulta que&nbsp;<strong>Pablo G\u00f3mez<\/strong>&nbsp;se dio a la tarea hace unas semanas de empezar a investigar las cuentas personales y operaciones financieras de funcionarios de primer\u00edsimo nivel del gabinete de la doctora.<\/p>\n\n\n\n<p>El caso que ya trascendi\u00f3 p\u00fablicamente es el del secretario de Hacienda y Cr\u00e9dito P\u00fablico,&nbsp;<strong>Edgar Amador<\/strong>, pero no es el \u00fanico de los colaboradores cercanos a Sheinbaum.<\/p>\n\n\n\n<p>Apunte tambi\u00e9n a la secretaria de Energ\u00eda,&nbsp;<strong>Luz Elena Gonz\u00e1lez<\/strong>, del primer c\u00edrculo de la Presidenta, y tambi\u00e9n a su Jefe de la Oficina de la Presidencia,&nbsp;<strong>L\u00e1zaro C\u00e1rdenas Batel<\/strong>, tambi\u00e9n de toda su confianza.<\/p>\n\n\n\n<p>Las indagatorias de G\u00f3mez alcanzan tambi\u00e9n al actual secretario de Educaci\u00f3n P\u00fablica y ex presidente de Morena,&nbsp;<strong>Mario Delgado<\/strong>, y al anterior jefe de la UIF y ahora director del IMPI,&nbsp;<strong>Santiago Nieto<\/strong>.<\/p>\n\n\n\n<p>Pero el que m\u00e1s llama la atenci\u00f3n por su cercan\u00eda con&nbsp;<strong>Sheinbaum<\/strong>&nbsp;y por el papel que est\u00e1 jugando ahora mismo en la relaci\u00f3n con el gobierno de&nbsp;<strong>Donald Trump<\/strong>, es el secretario de Seguridad,&nbsp;<strong>Omar Garc\u00eda Harfuch<\/strong>.<\/p>\n\n\n\n<p>Nadie sabe qu\u00e9 est\u00e1 motivando al viejo l\u00edder del 68 a investigarlos. Muchos creen que es otra m\u00e1s del que vive en Chiapas.<\/p>\n\n\n\n<p><strong>SIN QUERER, LA\u00a0<\/strong>Presidenta\u00a0<strong>Claudia Sheinbaum<\/strong>\u00a0se anot\u00f3 un gran punto a su favor que podr\u00eda usar como argumento demoledor en su pr\u00f3xima comunicaci\u00f3n con el Presidente\u00a0<strong>Donald Trump<\/strong>. Estamos hablando del millonario negocio del\u00a0huachicol\u00a0fiscal que se obtiene por la importaci\u00f3n de combustibles disfrazados de aditivos para aceites lubricantes. Y es que el operativo de la semana pasada en el puerto de Tampico, donde se decomisaron 10 millones de litros de di\u00e9sel, armas de distintos calibres y veh\u00edculos, llegaron en un barco procedente de Galveston que es propiedad de un prominente empresario texano con fuertes nexos con el Partido Republicano de Trump. El secretario de la Marina,\u00a0<strong>Raymundo Morales<\/strong>, le expuso a la doctora que ten\u00edan identificados a los tres principales buques que se dedican a mover hidrocarburos que se obtienen principalmente de refiner\u00edas texanas. He ah\u00ed un elemento de negociaci\u00f3n.<\/p>\n\n\n\n<p><strong>LE DEC\u00cdA QUE Adri\u00e1n Ruvalcaba\u00a0<\/strong>ya es el nuevo director del Metro y que una de sus encomiendas ser\u00e1 supervisar el mantenimiento de la L\u00ednea 1, objeto de un arbitraje con el gigante chino CRRC. Pues en relaci\u00f3n a esta controversia, resulta que el Juzgado 14 de Distrito en Materia Administrativa, a cargo de\u00a0<strong>Gabriel Armando Lucero Landavazo<\/strong>, neg\u00f3 el amparo a la firma que lleva aqu\u00ed\u00a0<strong>Gao Feng<\/strong>\u00a0por lo que hace a la aplicaci\u00f3n de una multa de m\u00e1s de mil millones de pesos que se le impuso por retrasos en las obras de reparaci\u00f3n. En su resoluci\u00f3n, plantea que el Metro est\u00e1 autorizado como particular a hacer efectiva la pena convencional, ya que al imponerla no actu\u00f3 como autoridad. CRRC tiene 10 d\u00edas h\u00e1biles para recurrir tal resoluci\u00f3n. Interesante precedente por tratarse de una empresa china y que tocar\u00e1 decidir al nuevo sistema judicial mexicano.<\/p>\n\n\n\n<p><strong>FIBRA EDUCA, DE Jorge Nacer Gobera<\/strong>, colocar\u00e1 en los mercados internacionales hasta 500 millones de d\u00f3lares de Certificados Burs\u00e1tiles Fiduciarios para utilizarlos en la construcci\u00f3n de infraestructura educativa. Actualmente, Nacer Global cuenta con 23 diferentes marcas en 29 estados del pa\u00eds. El fideicomiso que dirige\u00a0<strong>Ra\u00fal Mart\u00ednez Solares\u00a0<\/strong>posee en su portafolio alrededor de 70 inmuebles. Citi, que comanda<strong>\u00a0\u00c1lvaro Jaramillo<\/strong>, y BTG Pactual, que capitanea\u00a0<strong>Javier Artigas<\/strong>, son los agentes financieros. A\u00fan y con el ambiente financiero enrarecido por la guerra arancelaria desatada la semana pasada por\u00a0<strong>Donald Trump<\/strong>, existe gran apetito e inter\u00e9s de fondos americanos y europeos por invertir en el sector educativo mexicano.<\/p>\n\n\n\n<p><strong>PUES CON LA<\/strong>\u00a0novedad de que los acreedores de la operadora de acuarios y espect\u00e1culos con mam\u00edferos marinos, Controladora Dolphin, acaban de solicitar a la Jueza Segunda en materia de Concursos Mercantiles,\u00a0<strong>Ruth Haggi Huerta<\/strong>, el desistimiento del concurso mercantil que fue admitido el 28 de enero pasado. De este caso ya le platicamos. La compa\u00f1\u00eda arrastra un pasivo de unos 200 millones de d\u00f3lares. Resulta que a finales de marzo hubo una asamblea en la que Prudential, MetLife y Cigna desconocieron a\u00a0<strong>Vicente Ba\u00f1uelos<\/strong>\u00a0y a su bufete Clyde, firma que representa a\u00a0<strong>Eduardo Albor<\/strong>, quien es el accionista mexicano. Le hab\u00edamos platicado que Albor tra\u00eda sus diferencias con Baker &amp; Mckenzie, los abogados de las aseguradoras. Este despacho lleg\u00f3 con el de\u00a0<strong>Jaime Guerra<\/strong>\u00a0y solicit\u00f3 las revocaciones. Ba\u00f1uelos ya contest\u00f3.<\/p>\n\n\n\n<p><strong>UN MILL\u00d3N 250&nbsp;<\/strong>mil pesos se supone que es lo que el INE autoriz\u00f3 como tope a los aspirantes a puestos de jueces, magistrados y ministros para invertir en sus campa\u00f1as de promoci\u00f3n en los 54 d\u00edas que restan para la elecci\u00f3n de los nuevos integrantes del Poder Judicial. Estamos hablando de apenas unos 20 mil pesos diarios. \u00bfQui\u00e9n est\u00e1 respetando tal techo? Por lo menos la ministra&nbsp;<strong>Yasm\u00edn<\/strong>&nbsp;<strong>Esquivel<\/strong>&nbsp;no, sobre la que recaen los se\u00f1alamientos de que est\u00e1 destinando s\u00ed un mill\u00f3n, pero \u00a1diarios! A la togada la quieren bajar los del&nbsp;ala dura&nbsp;de la 4T, l\u00e9ase<strong>&nbsp;Mart\u00ed Batres<\/strong>&nbsp;y todos los que apoyan a su hermana, la ministra&nbsp;<strong>Lenia Batres<\/strong>, por gastos anticipados. Pero no la van a tener f\u00e1cil porque Yasm\u00edn no es mal vista por Palacio Nacional y un buen grupo de abogados y litigantes.<\/p>\n\n\n\n<p>POR DAR\u00cdO CELIS ESTRADA&nbsp; &nbsp; &nbsp; &nbsp;&nbsp;&nbsp;&nbsp;<\/p>\n","protected":false},"excerpt":{"rendered":"<p>MORENA Y LA 4T\u00a0no terminan de asimilar sus estruendosas victorias electorales,\u00a0pintando\u00a0de guinda la geograf\u00eda del pa\u00eds, y ya empiezan a explosionar, mucho antes de las elecciones intermedias de 2027. Ayer le cont\u00e9 que el ex presidente&nbsp;Andr\u00e9s Manuel L\u00f3pez Obrador&nbsp;llam\u00f3 a cuentas a su rancho de Palenque a su hijo,&nbsp;Andr\u00e9s&nbsp;Manuel L\u00f3pez Beltr\u00e1n, para ponerle un freno [&hellip;]<\/p>\n","protected":false},"author":2,"featured_media":139752,"comment_status":"open","ping_status":"open","sticky":false,"template":"","format":"standard","meta":{"footnotes":""},"categories":[61],"tags":[],"class_list":["post-139751","post","type-post","status-publish","format-standard","has-post-thumbnail","hentry","category-politica"],"_links":{"self":[{"href":"http:\/\/elcuartopoder.com.mx\/nw\/wp-json\/wp\/v2\/posts\/139751","targetHints":{"allow":["GET"]}}],"collection":[{"href":"http:\/\/elcuartopoder.com.mx\/nw\/wp-json\/wp\/v2\/posts"}],"about":[{"href":"http:\/\/elcuartopoder.com.mx\/nw\/wp-json\/wp\/v2\/types\/post"}],"author":[{"embeddable":true,"href":"http:\/\/elcuartopoder.com.mx\/nw\/wp-json\/wp\/v2\/users\/2"}],"replies":[{"embeddable":true,"href":"http:\/\/elcuartopoder.com.mx\/nw\/wp-json\/wp\/v2\/comments?post=139751"}],"version-history":[{"count":1,"href":"http:\/\/elcuartopoder.com.mx\/nw\/wp-json\/wp\/v2\/posts\/139751\/revisions"}],"predecessor-version":[{"id":139753,"href":"http:\/\/elcuartopoder.com.mx\/nw\/wp-json\/wp\/v2\/posts\/139751\/revisions\/139753"}],"wp:featuredmedia":[{"embeddable":true,"href":"http:\/\/elcuartopoder.com.mx\/nw\/wp-json\/wp\/v2\/media\/139752"}],"wp:attachment":[{"href":"http:\/\/elcuartopoder.com.mx\/nw\/wp-json\/wp\/v2\/media?parent=139751"}],"wp:term":[{"taxonomy":"category","embeddable":true,"href":"http:\/\/elcuartopoder.com.mx\/nw\/wp-json\/wp\/v2\/categories?post=139751"},{"taxonomy":"post_tag","embeddable":true,"href":"http:\/\/elcuartopoder.com.mx\/nw\/wp-json\/wp\/v2\/tags?post=139751"}],"curies":[{"name":"wp","href":"https:\/\/api.w.org\/{rel}","templated":true}]}}