{"id":139754,"date":"2025-04-09T10:11:00","date_gmt":"2025-04-09T15:11:00","guid":{"rendered":"https:\/\/elcuartopoder.com.mx\/nw\/?p=139754"},"modified":"2025-04-09T10:11:01","modified_gmt":"2025-04-09T15:11:01","slug":"lo-que-dice-el-corazon-llega-para-contar-una-historia-unica-sobre-la-familia-amor-autismo-y-conexiones-inesperadas","status":"publish","type":"post","link":"http:\/\/elcuartopoder.com.mx\/nw\/entretenimiento\/espectaculos\/lo-que-dice-el-corazon-llega-para-contar-una-historia-unica-sobre-la-familia-amor-autismo-y-conexiones-inesperadas\/","title":{"rendered":"Lo que dice el coraz\u00f3n: Llega para contar una historia \u00fanica sobre la familia, amor, autismo y conexiones inesperadas"},"content":{"rendered":"\n<p>\u201cLO QUE DICE EL CORAZ\u00d3N\u00bb es la nueva producci\u00f3n mexicana que invita al p\u00fablico a conocer la historia de Tom\u00e1s (Jaime Aymerich), su hijo Kevin (Sergio Valenzuela), un ni\u00f1o con autismo y Marilyn (Lorena E. Gonz\u00e1lez), una joven v\u00edctima de la trata de personas. Los tres coinciden en un momento muy complejo de sus vidas, un encuentro que, de alguna manera, se revela como una bendici\u00f3n disfrazada.<\/p>\n\n\n\n<p>Despu\u00e9s de conocer a Marilyn y encontrar en ella un hogar y un coraz\u00f3n puro, Tom\u00e1s es diagnosticado con una enfermedad, y la pregunta que lo atormenta es inevitable: \u00bfqu\u00e9 ser\u00eda de Kevin si \u00e9l ya no estuviera? Entre decisiones dif\u00edciles y momentos de ternura, la historia lleva al espectador a reflexionar sobre el amor incondicional, la empat\u00eda y la importancia de entender las diferencias que nos hacen \u00fanicos.<\/p>\n\n\n\n<p>La pel\u00edcula, protagonizada por Lorena E. Gonz\u00e1lez (Marilyn), Jaime Aymerich (Tom\u00e1s), Sergio Valenzuela (Kevin) y dirigida por Rene Bueno, busca abrir conversaciones sobre las relaciones humanas desde una perspectiva real y sin artificios.<\/p>\n\n\n\n<blockquote class=\"wp-block-quote is-layout-flow wp-block-quote-is-layout-flow\">\n<p>\u201cEsta historia es importante de contar porque le da voz y visibilidad a personas y situaciones que casi no la tienen, como lo es la trata de personas y el autismo. Lo que m\u00e1s me gusta de mi personaje es su resiliencia. Admiro que no se da por vencida y que sigue escuchando a su coraz\u00f3n y gui\u00e1ndose por el amor, bondad, y justicia a pesar de las experiencias de vida tan dif\u00edciles por las que ha pasado. Es una historia con coraz\u00f3n, muy humana y que tiene algo sustancial que ofrecer adem\u00e1s del entretenimiento\u201d. &#8211; Lorena E. Gonz\u00e1lez<\/p>\n<\/blockquote>\n\n\n\n<p>A trav\u00e9s de los personajes de Marilyn, Tom\u00e1s y Kevin, la pel\u00edcula ofrece una mirada genuina sobre las problem\u00e1ticas de la trata de personas, el autismo y la forma en que las personas dentro del espectro perciben y se relacionan con el mundo y la lucha de un padre y una madre sustituta por el bienestar de su hijo, tambi\u00e9n la necesidad de una sociedad m\u00e1s emp\u00e1tica e inclusiva, donde las diferencias sean vistas como una fortaleza y no como un obst\u00e1culo.<\/p>\n\n\n\n<blockquote class=\"wp-block-quote is-layout-flow wp-block-quote-is-layout-flow\">\n<p>\u201cEsta historia nos invita a reflexionar sobre nuestra propia vida y las decisiones que tomamos, y nos invita a hacer una diferencia en la vida de los ni\u00f1os y ni\u00f1as con autismo y sus familias. &#8216;Lo que dice el coraz\u00f3n&#8217; es una pel\u00edcula que puede cambiar la forma en que pensamos sobre nosotros mismos, sobre los dem\u00e1s y el mundo que nos rodea. Aborda temas universales como la empat\u00eda, la compasi\u00f3n, el amor y la inclusi\u00f3n. Espero que la audiencia se sienta inspirada a ser m\u00e1s compasiva y entender mejor a las personas con autismo\u201d. &#8211; Jaime Aymerich<\/p>\n<\/blockquote>\n\n\n\n<p>Pr\u00f3ximamente disponible en cines, LO QUE DICE EL CORAZ\u00d3N promete conmover a la audiencia con una historia que, m\u00e1s all\u00e1 de las palabras, se siente con el coraz\u00f3n.<\/p>\n","protected":false},"excerpt":{"rendered":"<p>\u201cLO QUE DICE EL CORAZ\u00d3N\u00bb es la nueva producci\u00f3n mexicana que invita al p\u00fablico a conocer la historia de Tom\u00e1s (Jaime Aymerich), su hijo Kevin (Sergio Valenzuela), un ni\u00f1o con autismo y Marilyn (Lorena E. Gonz\u00e1lez), una joven v\u00edctima de la trata de personas. Los tres coinciden en un momento muy complejo de sus vidas, [&hellip;]<\/p>\n","protected":false},"author":2,"featured_media":139755,"comment_status":"open","ping_status":"open","sticky":false,"template":"","format":"standard","meta":{"footnotes":""},"categories":[11],"tags":[],"class_list":["post-139754","post","type-post","status-publish","format-standard","has-post-thumbnail","hentry","category-espectaculos"],"_links":{"self":[{"href":"http:\/\/elcuartopoder.com.mx\/nw\/wp-json\/wp\/v2\/posts\/139754","targetHints":{"allow":["GET"]}}],"collection":[{"href":"http:\/\/elcuartopoder.com.mx\/nw\/wp-json\/wp\/v2\/posts"}],"about":[{"href":"http:\/\/elcuartopoder.com.mx\/nw\/wp-json\/wp\/v2\/types\/post"}],"author":[{"embeddable":true,"href":"http:\/\/elcuartopoder.com.mx\/nw\/wp-json\/wp\/v2\/users\/2"}],"replies":[{"embeddable":true,"href":"http:\/\/elcuartopoder.com.mx\/nw\/wp-json\/wp\/v2\/comments?post=139754"}],"version-history":[{"count":1,"href":"http:\/\/elcuartopoder.com.mx\/nw\/wp-json\/wp\/v2\/posts\/139754\/revisions"}],"predecessor-version":[{"id":139756,"href":"http:\/\/elcuartopoder.com.mx\/nw\/wp-json\/wp\/v2\/posts\/139754\/revisions\/139756"}],"wp:featuredmedia":[{"embeddable":true,"href":"http:\/\/elcuartopoder.com.mx\/nw\/wp-json\/wp\/v2\/media\/139755"}],"wp:attachment":[{"href":"http:\/\/elcuartopoder.com.mx\/nw\/wp-json\/wp\/v2\/media?parent=139754"}],"wp:term":[{"taxonomy":"category","embeddable":true,"href":"http:\/\/elcuartopoder.com.mx\/nw\/wp-json\/wp\/v2\/categories?post=139754"},{"taxonomy":"post_tag","embeddable":true,"href":"http:\/\/elcuartopoder.com.mx\/nw\/wp-json\/wp\/v2\/tags?post=139754"}],"curies":[{"name":"wp","href":"https:\/\/api.w.org\/{rel}","templated":true}]}}