{"id":139757,"date":"2025-04-10T09:04:57","date_gmt":"2025-04-10T14:04:57","guid":{"rendered":"https:\/\/elcuartopoder.com.mx\/nw\/?p=139757"},"modified":"2025-04-10T09:04:59","modified_gmt":"2025-04-10T14:04:59","slug":"consume-incendio-forestal-alrededor-de-15-hectareas-de-la-biosfera-de-sian-kaan","status":"publish","type":"post","link":"http:\/\/elcuartopoder.com.mx\/nw\/estatales\/consume-incendio-forestal-alrededor-de-15-hectareas-de-la-biosfera-de-sian-kaan\/","title":{"rendered":"Consume incendio forestal alrededor de 15 hect\u00e1reas de la Bi\u00f3sfera de Sian Ka\u2019an"},"content":{"rendered":"\n<p><strong>TULUM, MX.-<\/strong>&nbsp;En medio del humo denso y el crujir de la maleza calcinada, una escena distinta al caos tom\u00f3 forma en la Reserva de la Biosfera de Sian Ka\u2019an: la de manos an\u00f3nimas que, con cubetas, palas y determinaci\u00f3n, tejieron una red de resistencia para proteger uno de los patrimonios naturales m\u00e1s valiosos de M\u00e9xico.<\/p>\n\n\n\n<p>El incendio forestal iniciado el pasado 6 de abril a lo largo de la carretera Tulum \u2013 Boca Paila, cerca del emblem\u00e1tico Arco de Sian Ka\u2019an, moviliz\u00f3 no solo a las autoridades y cuerpos de emergencia, sino tambi\u00e9n a ciudadanos de a pie. Lo que comenz\u00f3 como un siniestro en una zona de maleza, pronto se convirti\u00f3 en un llamado colectivo que fue respondido con valent\u00eda.<\/p>\n\n\n\n<p>Durante 4 intensas jornadas, brigadas de Protecci\u00f3n Civil, Bomberos, la Comisi\u00f3n Nacional Forestal (CONAFOR), la Comisi\u00f3n Nacional de \u00c1reas Naturales Protegidas (CONANP), grupos voluntarios y vecinos de las comunidades cercanas trabajaron codo a codo. La Unidad PC-09, que encabeza las labores en campo, coordin\u00f3 acciones clave como la creaci\u00f3n de guardarrayas, la evacuaci\u00f3n preventiva y el enfriamiento de zonas de riesgo.<\/p>\n\n\n\n<p>Pero m\u00e1s all\u00e1 de los 90 mil litros de agua utilizados o las 15 hect\u00e1reas consumidas por el fuego, lo que marc\u00f3 la diferencia fueron los rostros que no figuran en los informes oficiales: j\u00f3venes que dejaron sus actividades para ayudar, mujeres que ofrecieron comida y agua a las brigadas, adultos mayores que prestaron herramientas o simplemente alentaron desde la orilla de la carretera.<\/p>\n\n\n\n<p>El d\u00eda m\u00e1s arduo fue el 8 de abril, cuando pese al cansancio acumulado y las dif\u00edciles condiciones clim\u00e1ticas, se lograron enfriar 210 metros de terreno y trazar 600 metros m\u00e1s de guardarraya, una barrera vital para contener el avance del fuego. Ese d\u00eda, la selva resisti\u00f3, pero no lo hizo sola.<\/p>\n\n\n\n<p>Gracias a este esfuerzo colectivo, el incendio se encuentra controlado. No obstante, el monitoreo continuar\u00e1 hasta su completa liquidaci\u00f3n. La Coordinaci\u00f3n de Protecci\u00f3n Civil de Tulum ha reafirmado su compromiso de trabajar de la mano con las comunidades para prevenir futuros siniestros. (<strong>ESPECIAL<\/strong>)<\/p>\n","protected":false},"excerpt":{"rendered":"<p>TULUM, MX.-&nbsp;En medio del humo denso y el crujir de la maleza calcinada, una escena distinta al caos tom\u00f3 forma en la Reserva de la Biosfera de Sian Ka\u2019an: la de manos an\u00f3nimas que, con cubetas, palas y determinaci\u00f3n, tejieron una red de resistencia para proteger uno de los patrimonios naturales m\u00e1s valiosos de M\u00e9xico. [&hellip;]<\/p>\n","protected":false},"author":2,"featured_media":139758,"comment_status":"open","ping_status":"open","sticky":false,"template":"","format":"standard","meta":{"footnotes":""},"categories":[60],"tags":[],"class_list":["post-139757","post","type-post","status-publish","format-standard","has-post-thumbnail","hentry","category-estatales"],"_links":{"self":[{"href":"http:\/\/elcuartopoder.com.mx\/nw\/wp-json\/wp\/v2\/posts\/139757","targetHints":{"allow":["GET"]}}],"collection":[{"href":"http:\/\/elcuartopoder.com.mx\/nw\/wp-json\/wp\/v2\/posts"}],"about":[{"href":"http:\/\/elcuartopoder.com.mx\/nw\/wp-json\/wp\/v2\/types\/post"}],"author":[{"embeddable":true,"href":"http:\/\/elcuartopoder.com.mx\/nw\/wp-json\/wp\/v2\/users\/2"}],"replies":[{"embeddable":true,"href":"http:\/\/elcuartopoder.com.mx\/nw\/wp-json\/wp\/v2\/comments?post=139757"}],"version-history":[{"count":1,"href":"http:\/\/elcuartopoder.com.mx\/nw\/wp-json\/wp\/v2\/posts\/139757\/revisions"}],"predecessor-version":[{"id":139759,"href":"http:\/\/elcuartopoder.com.mx\/nw\/wp-json\/wp\/v2\/posts\/139757\/revisions\/139759"}],"wp:featuredmedia":[{"embeddable":true,"href":"http:\/\/elcuartopoder.com.mx\/nw\/wp-json\/wp\/v2\/media\/139758"}],"wp:attachment":[{"href":"http:\/\/elcuartopoder.com.mx\/nw\/wp-json\/wp\/v2\/media?parent=139757"}],"wp:term":[{"taxonomy":"category","embeddable":true,"href":"http:\/\/elcuartopoder.com.mx\/nw\/wp-json\/wp\/v2\/categories?post=139757"},{"taxonomy":"post_tag","embeddable":true,"href":"http:\/\/elcuartopoder.com.mx\/nw\/wp-json\/wp\/v2\/tags?post=139757"}],"curies":[{"name":"wp","href":"https:\/\/api.w.org\/{rel}","templated":true}]}}