{"id":139829,"date":"2025-04-11T13:18:35","date_gmt":"2025-04-11T18:18:35","guid":{"rendered":"https:\/\/elcuartopoder.com.mx\/nw\/?p=139829"},"modified":"2025-04-11T13:18:37","modified_gmt":"2025-04-11T18:18:37","slug":"celac-el-momento-de-mexico","status":"publish","type":"post","link":"http:\/\/elcuartopoder.com.mx\/nw\/editorial\/celac-el-momento-de-mexico\/","title":{"rendered":"Celac: el momento de M\u00e9xico"},"content":{"rendered":"\n<p>\u00abHoy, m\u00e1s que nunca, es un buen momento para reconocer que Am\u00e9rica Latina y el Caribe requieren de unidad y solidaridad de sus gobiernos y de sus pueblos, a fin de fortalecer una mayor integraci\u00f3n regional, siempre en el marco del respeto mutuo y la observancia de la soberan\u00eda e independencia de nuestros pa\u00edses\u00bb, dijo la presidenta Claudia Sheinbaum Pardo ante sus pares, los cancilleres y vicecancilleres que asisten a la novena Cumbre de la Comunidad de Estados Latinoamericanos y Caribe\u00f1os (Celac) celebrada en Tegucigalpa, Honduras.<\/p>\n\n\n\n<p>Adem\u00e1s del llamado a la unidad, la mandataria ratific\u00f3 las grandes l\u00edneas que gu\u00edan la pol\u00edtica exterior de su gobierno, las cuales rescatan y actualizan lo mejor de la tradici\u00f3n mexicana: rechazo categ\u00f3rico a \u00ablas sanciones y bloqueos comerciales, que s\u00f3lo da\u00f1an el bienestar de los pueblos y no construyen regiones de paz y prosperidad\u00bb, como los que Washington mantiene contra Cuba y Venezuela; condena al \u00abracismo, el clasismo, la violaci\u00f3n a los derechos humanos y la criminalizaci\u00f3n\u00bb de los migrantes, con el combate a las causas estructurales de la desigualdad, desempleo y violencia como mejor estrategia para reducir los flujos internacionales de personas, e impulso del multilateralismo, a fin de avanzar en comercio, educaci\u00f3n, ciencia, desarrollo tecnol\u00f3gico, energ\u00edas limpias, conservaci\u00f3n de la biodiversidad y otros rubros.<\/p>\n\n\n\n<p>En resumen, la presidenta Sheinbaum llev\u00f3 a la Celac una visi\u00f3n, la de la prosperidad compartida, que cobra vida en el lema \u00abPor el bien de todos, primero los pobres\u00bb. Su mensaje y el proyecto que representa constituyen una lecci\u00f3n para las derechas, que refuerzan el sometimiento a las oligarqu\u00edas internas y al imperialismo externo, pero tambi\u00e9n para las falsas izquierdas que traicionan el mandato popular al hacer en el poder todo lo que criticaron desde la oposici\u00f3n. Asimismo, muestran que nos encontramos ante una coyuntura hist\u00f3rica para la pol\u00edtica exterior mexicana, en la que los principios y el liderazgo del Estado mexicano pueden animar a la regi\u00f3n a pensar en la integraci\u00f3n, la solidaridad, la b\u00fasqueda del bienestar, la defensa de los migrantes e incluso la proyecci\u00f3n latinoamericana como un actor internacional respetado y con peso en el concierto global.<\/p>\n\n\n\n<p>Como se\u00f1al\u00f3 la Presidenta, Latinoam\u00e9rica y el Caribe no es una mera regi\u00f3n geogr\u00e1fica, sino una \u00abcomunidad de destino, unida por la historia, por la diversidad, la resistencia y sobre todo los sue\u00f1os de justicia\u00bb. Hay que hacer votos por que los gobernantes del \u00e1mbito latinoamericano y caribe\u00f1o, incluidos aquellos que se encuentran en las ant\u00edpodas del progresismo, cobren conciencia de esta unidad de destino, de que es vano perseguir objetivos pol\u00edticos o econ\u00f3micos a los vecinos, y se sumen a la cooperaci\u00f3n en el marco del respeto a las soberan\u00edas y a la diversidad. En particular, cabe desear un compromiso inaplazable en favor de Hait\u00ed, el pa\u00eds m\u00e1s castigado de la regi\u00f3n, el que sufri\u00f3 el ensa\u00f1amiento de los imperios por haber sido el primero en prender la llama de la independencia.<\/p>\n\n\n\n<p>Desde M\u00e9xico, es inevitable congratularse de que el pa\u00eds se coloque de nuevo a la vanguardia de sus pares latinoamericanos despu\u00e9s de haber sido relegado a una vergonzosa retaguardia en el periodo neoliberal.<\/p>\n","protected":false},"excerpt":{"rendered":"<p>\u00abHoy, m\u00e1s que nunca, es un buen momento para reconocer que Am\u00e9rica Latina y el Caribe requieren de unidad y solidaridad de sus gobiernos y de sus pueblos, a fin de fortalecer una mayor integraci\u00f3n regional, siempre en el marco del respeto mutuo y la observancia de la soberan\u00eda e independencia de nuestros pa\u00edses\u00bb, dijo [&hellip;]<\/p>\n","protected":false},"author":2,"featured_media":139830,"comment_status":"open","ping_status":"open","sticky":false,"template":"","format":"standard","meta":{"footnotes":""},"categories":[63],"tags":[],"class_list":["post-139829","post","type-post","status-publish","format-standard","has-post-thumbnail","hentry","category-editorial"],"_links":{"self":[{"href":"http:\/\/elcuartopoder.com.mx\/nw\/wp-json\/wp\/v2\/posts\/139829","targetHints":{"allow":["GET"]}}],"collection":[{"href":"http:\/\/elcuartopoder.com.mx\/nw\/wp-json\/wp\/v2\/posts"}],"about":[{"href":"http:\/\/elcuartopoder.com.mx\/nw\/wp-json\/wp\/v2\/types\/post"}],"author":[{"embeddable":true,"href":"http:\/\/elcuartopoder.com.mx\/nw\/wp-json\/wp\/v2\/users\/2"}],"replies":[{"embeddable":true,"href":"http:\/\/elcuartopoder.com.mx\/nw\/wp-json\/wp\/v2\/comments?post=139829"}],"version-history":[{"count":1,"href":"http:\/\/elcuartopoder.com.mx\/nw\/wp-json\/wp\/v2\/posts\/139829\/revisions"}],"predecessor-version":[{"id":139831,"href":"http:\/\/elcuartopoder.com.mx\/nw\/wp-json\/wp\/v2\/posts\/139829\/revisions\/139831"}],"wp:featuredmedia":[{"embeddable":true,"href":"http:\/\/elcuartopoder.com.mx\/nw\/wp-json\/wp\/v2\/media\/139830"}],"wp:attachment":[{"href":"http:\/\/elcuartopoder.com.mx\/nw\/wp-json\/wp\/v2\/media?parent=139829"}],"wp:term":[{"taxonomy":"category","embeddable":true,"href":"http:\/\/elcuartopoder.com.mx\/nw\/wp-json\/wp\/v2\/categories?post=139829"},{"taxonomy":"post_tag","embeddable":true,"href":"http:\/\/elcuartopoder.com.mx\/nw\/wp-json\/wp\/v2\/tags?post=139829"}],"curies":[{"name":"wp","href":"https:\/\/api.w.org\/{rel}","templated":true}]}}