{"id":139833,"date":"2025-04-11T13:20:51","date_gmt":"2025-04-11T18:20:51","guid":{"rendered":"https:\/\/elcuartopoder.com.mx\/nw\/?p=139833"},"modified":"2025-04-11T13:20:52","modified_gmt":"2025-04-11T18:20:52","slug":"preven-ocupacion-del-85-para-vacaciones-de-semana-santa-en-playa-del-carmen","status":"publish","type":"post","link":"http:\/\/elcuartopoder.com.mx\/nw\/municipales\/preven-ocupacion-del-85-para-vacaciones-de-semana-santa-en-playa-del-carmen\/","title":{"rendered":"Prev\u00e9n ocupaci\u00f3n del 85% para vacaciones de Semana Santa en Playa del Carmen"},"content":{"rendered":"\n<p><strong>PLAYA DEL CARMEN, MX.<\/strong>\u2013 Para esta temporada vacacional de Semana Santa, se espera una ocupaci\u00f3n hotelera de un 85 por ciento en Playa del Carmen, indic\u00f3 Estefan\u00eda Hern\u00e1ndez, secretaria de Turismo, quien se\u00f1al\u00f3 que el destino tur\u00edstico viene arrastrando buenos n\u00fameros desde el mundial de voleibol de playa.<\/p>\n\n\n\n<p>Entrevistada tras la presentaci\u00f3n de la Traves\u00eda Maya en el parque Xcaret, la funcionaria municipal destac\u00f3 que los eventos deportivos y los eventos culturales han impulsado la actividad tur\u00edstica, que esperan mantener durante todo el a\u00f1o.<\/p>\n\n\n\n<p>Como ejemplo mencion\u00f3 la Feria Internacional del Libro, que aport\u00f3 no solo turismo regional y nacional, sino tambi\u00e9n internacional, logrando la diversificaci\u00f3n del destino.<\/p>\n\n\n\n<p>\u201cLa idea es que no solo vean el sol y la playa, sino que vean esos otros atractivos como los cenotes, r\u00edos subterr\u00e1neos y la oferta deportiva y cultural que estamos ofreciendo\u201d, expres\u00f3.<\/p>\n\n\n\n<figure class=\"wp-block-image\"><img decoding=\"async\" src=\"https:\/\/noticaribe.com.mx\/wp\/wp-content\/uploads\/2025\/04\/1000003302.jpg\" alt=\"\" class=\"wp-image-755410\"\/><\/figure>\n\n\n\n<p>Mencion\u00f3 que este a\u00f1o se tienen contemplados m\u00e1s de cien eventos en la agenda tur\u00edstica, con lo que buscan terminar con las temporadas bajas en el destino.<\/p>\n\n\n\n<p>\u201cEstamos seguros de que las temporadas bajas van a desaparecer, vamos a erradicarlas, para que Playa del Carmen pueda permanecer en los primeros lugares de turismo a nivel internacional\u201d, concluy\u00f3. (<strong>Agencia SIM<\/strong>)<\/p>\n","protected":false},"excerpt":{"rendered":"<p>PLAYA DEL CARMEN, MX.\u2013 Para esta temporada vacacional de Semana Santa, se espera una ocupaci\u00f3n hotelera de un 85 por ciento en Playa del Carmen, indic\u00f3 Estefan\u00eda Hern\u00e1ndez, secretaria de Turismo, quien se\u00f1al\u00f3 que el destino tur\u00edstico viene arrastrando buenos n\u00fameros desde el mundial de voleibol de playa. Entrevistada tras la presentaci\u00f3n de la Traves\u00eda [&hellip;]<\/p>\n","protected":false},"author":2,"featured_media":139834,"comment_status":"open","ping_status":"open","sticky":false,"template":"","format":"standard","meta":{"footnotes":""},"categories":[6],"tags":[],"class_list":["post-139833","post","type-post","status-publish","format-standard","has-post-thumbnail","hentry","category-municipales"],"_links":{"self":[{"href":"http:\/\/elcuartopoder.com.mx\/nw\/wp-json\/wp\/v2\/posts\/139833","targetHints":{"allow":["GET"]}}],"collection":[{"href":"http:\/\/elcuartopoder.com.mx\/nw\/wp-json\/wp\/v2\/posts"}],"about":[{"href":"http:\/\/elcuartopoder.com.mx\/nw\/wp-json\/wp\/v2\/types\/post"}],"author":[{"embeddable":true,"href":"http:\/\/elcuartopoder.com.mx\/nw\/wp-json\/wp\/v2\/users\/2"}],"replies":[{"embeddable":true,"href":"http:\/\/elcuartopoder.com.mx\/nw\/wp-json\/wp\/v2\/comments?post=139833"}],"version-history":[{"count":1,"href":"http:\/\/elcuartopoder.com.mx\/nw\/wp-json\/wp\/v2\/posts\/139833\/revisions"}],"predecessor-version":[{"id":139835,"href":"http:\/\/elcuartopoder.com.mx\/nw\/wp-json\/wp\/v2\/posts\/139833\/revisions\/139835"}],"wp:featuredmedia":[{"embeddable":true,"href":"http:\/\/elcuartopoder.com.mx\/nw\/wp-json\/wp\/v2\/media\/139834"}],"wp:attachment":[{"href":"http:\/\/elcuartopoder.com.mx\/nw\/wp-json\/wp\/v2\/media?parent=139833"}],"wp:term":[{"taxonomy":"category","embeddable":true,"href":"http:\/\/elcuartopoder.com.mx\/nw\/wp-json\/wp\/v2\/categories?post=139833"},{"taxonomy":"post_tag","embeddable":true,"href":"http:\/\/elcuartopoder.com.mx\/nw\/wp-json\/wp\/v2\/tags?post=139833"}],"curies":[{"name":"wp","href":"https:\/\/api.w.org\/{rel}","templated":true}]}}