{"id":139895,"date":"2025-04-14T13:58:17","date_gmt":"2025-04-14T18:58:17","guid":{"rendered":"https:\/\/elcuartopoder.com.mx\/nw\/?p=139895"},"modified":"2025-04-14T13:58:18","modified_gmt":"2025-04-14T18:58:18","slug":"empresarios-de-quintana-roo-advierten-que-especulacion-afecta-al-peso","status":"publish","type":"post","link":"http:\/\/elcuartopoder.com.mx\/nw\/estatales\/empresarios-de-quintana-roo-advierten-que-especulacion-afecta-al-peso\/","title":{"rendered":"Empresarios de Quintana Roo advierten que especulaci\u00f3n afecta al peso"},"content":{"rendered":"\n<p><strong>Empresarios de Quintana Roo<\/strong>&nbsp;consideraron que la especulaci\u00f3n que se ha generado con la situaci\u00f3n econ\u00f3mica mundial,&nbsp;<strong>no han permitido al peso incrementar su valor<\/strong>&nbsp;e, incluso, l<strong>o han debilitado<\/strong>.<\/p>\n\n\n\n<p>Sergio Le\u00f3n Cervantes, presidente de la organizaci\u00f3n Empresarios por Quintana Roo, coment\u00f3 que los&nbsp;<strong>constantes rumores<\/strong>&nbsp;de una&nbsp;<strong>crisis en M\u00e9xico<\/strong>&nbsp;han ocasionado que la moneda nacional no se fortalezca a\u00fan m\u00e1s.<\/p>\n\n\n\n<blockquote class=\"wp-block-quote is-layout-flow wp-block-quote-is-layout-flow\">\n<p>\u00abEstamos haciendo una especulaci\u00f3n que nos est\u00e1 haciendo m\u00e1s da\u00f1o que beneficio. La realidad es que nuestra moneda est\u00e1 m\u00e1s fortalecida que el d\u00f3lar americano, pero no lo sentimos por la especulaci\u00f3n de gente que dice &#8216;ya no voy a invertir&#8217;, o la gente que cambia pesos por d\u00f3lares, y eso hace que en vez de que tengamos un peso fortalecido, tenemos disminuido por un tema de miedo\u201d.&nbsp;<\/p>\n<\/blockquote>\n\n\n\n<p>Se\u00f1al\u00f3 que la especulaci\u00f3n es generada por aquellas personsas que dicen \u00abya no voy a invertir\u00bb o aquellos que cambian pesos por d\u00f3lares, pero consider\u00f3 que es muy pronto hablar sobre freno de inversiones, aunque reconoci\u00f3 que la econom\u00eda mundial vive una recesi\u00f3n causada por la imposici\u00f3n dearanceles del gobierno e Estados Unidos a diversos productos de otros pa\u00edses, los cuales algunos han respondido de la misma manera.&nbsp;<\/p>\n\n\n\n<blockquote class=\"wp-block-quote is-layout-flow wp-block-quote-is-layout-flow\">\n<p>\u201cLa realidad es que hoy d\u00eda estamos viviendo una recesi\u00f3n econ\u00f3mica global. No solamente es un tema que en M\u00e9xico lo estemos viviendo. El hecho de que Estados Unidos haya colocado aranceles a todos los pa\u00edses, obviamente est\u00e1 provocando un colapso del comercio mundial\u201d.&nbsp;<\/p>\n<\/blockquote>\n\n\n\n<p>El empresario coment\u00f3 que los&nbsp;<strong>aranceles ocasionar\u00e1n inflaci\u00f3n&nbsp;<\/strong>y&nbsp;<strong>p\u00e9rdida del poder adquisitivo<\/strong>, sobre todo a los<strong>&nbsp;habitantes de Estados Unidos<\/strong>,&nbsp;<em>\u201clo que significa que los estadounidenses van a tener menos poder adquisitivo y vamos a sentir un gasto menor, porque obviamente van a cuidaer su flujo de dinero\u00bb<\/em>, lo cual tambi\u00e9n afectar\u00e1 a la econom\u00eda mexican, al estar muy ligada con la del vecino del norte.<\/p>\n\n\n\n<p>Ante esta situaci\u00f3n, el entrevistado sugiri\u00f3 apuntar la oferta tur\u00edstica y comercial hacia otros mercados del mundo, como Asia, Medio Oriente, Europa, para compensar la p\u00e9rdida con Estados Unidos.&nbsp;<\/p>\n\n\n\n<blockquote class=\"wp-block-quote is-layout-flow wp-block-quote-is-layout-flow\">\n<p>\u00abTambi\u00e9n hay que empezar con la dsiversificaci\u00f3n econ\u00f3mica en materia industrial y log\u00edstica, que nos podr\u00eda permitir un estado mucho m\u00e1s estable y tranquilo, adem\u00e1s de que va muy alineado al Plan M\u00e9xico, que promueve la industrializaci\u00f3n y la exportaci\u00f3n\u00bb.<\/p>\n<\/blockquote>\n\n\n\n<p>Asimismo, Le\u00f3n Cervantes coment\u00f3 que&nbsp;<strong>a nivel regional<\/strong>,&nbsp;<strong>Quintana Ro ha realizado algunas acciones<\/strong>&nbsp;para proteger el comercio y tratar de mitigar los efectos dela crisis econ\u00f3mica actual, como la aplicaci\u00f3n del 20 por ciento en el ISRy 8 por ciento de IVA solamente para Oth\u00f3n P. Blanco.&nbsp;<\/p>\n\n\n\n<blockquote class=\"wp-block-quote is-layout-flow wp-block-quote-is-layout-flow\">\n<p>\u201cDespu\u00e9s tenemos el Recinto Fiscalizado Estrat\u00e9gico, donde no pagamos impuestos si no tramitas ninguna norma, ning\u00fan etiquetado, ning\u00fan permiso y las mercanc\u00edas pueden estar ah\u00ed durante cinco a\u00f1os y ah\u00ed puedes hacer hacer muchos movimientos industriales para trabajar\u201d.&nbsp;<\/p>\n<\/blockquote>\n\n\n\n<p>A ello se suma el&nbsp;<strong>Plan M\u00e9xico<\/strong>, presentado por la presidenta<strong>&nbsp;Claudia Sheinbaum Pardo<\/strong>, el cual busca industrializar al pa\u00eds y a la regi\u00f3n sureste con la alianza con el sector privado, finaliz\u00f3.<\/p>\n","protected":false},"excerpt":{"rendered":"<p>Empresarios de Quintana Roo&nbsp;consideraron que la especulaci\u00f3n que se ha generado con la situaci\u00f3n econ\u00f3mica mundial,&nbsp;no han permitido al peso incrementar su valor&nbsp;e, incluso, lo han debilitado. Sergio Le\u00f3n Cervantes, presidente de la organizaci\u00f3n Empresarios por Quintana Roo, coment\u00f3 que los&nbsp;constantes rumores&nbsp;de una&nbsp;crisis en M\u00e9xico&nbsp;han ocasionado que la moneda nacional no se fortalezca a\u00fan m\u00e1s. [&hellip;]<\/p>\n","protected":false},"author":2,"featured_media":139896,"comment_status":"open","ping_status":"open","sticky":false,"template":"","format":"standard","meta":{"footnotes":""},"categories":[60],"tags":[],"class_list":["post-139895","post","type-post","status-publish","format-standard","has-post-thumbnail","hentry","category-estatales"],"_links":{"self":[{"href":"http:\/\/elcuartopoder.com.mx\/nw\/wp-json\/wp\/v2\/posts\/139895","targetHints":{"allow":["GET"]}}],"collection":[{"href":"http:\/\/elcuartopoder.com.mx\/nw\/wp-json\/wp\/v2\/posts"}],"about":[{"href":"http:\/\/elcuartopoder.com.mx\/nw\/wp-json\/wp\/v2\/types\/post"}],"author":[{"embeddable":true,"href":"http:\/\/elcuartopoder.com.mx\/nw\/wp-json\/wp\/v2\/users\/2"}],"replies":[{"embeddable":true,"href":"http:\/\/elcuartopoder.com.mx\/nw\/wp-json\/wp\/v2\/comments?post=139895"}],"version-history":[{"count":1,"href":"http:\/\/elcuartopoder.com.mx\/nw\/wp-json\/wp\/v2\/posts\/139895\/revisions"}],"predecessor-version":[{"id":139897,"href":"http:\/\/elcuartopoder.com.mx\/nw\/wp-json\/wp\/v2\/posts\/139895\/revisions\/139897"}],"wp:featuredmedia":[{"embeddable":true,"href":"http:\/\/elcuartopoder.com.mx\/nw\/wp-json\/wp\/v2\/media\/139896"}],"wp:attachment":[{"href":"http:\/\/elcuartopoder.com.mx\/nw\/wp-json\/wp\/v2\/media?parent=139895"}],"wp:term":[{"taxonomy":"category","embeddable":true,"href":"http:\/\/elcuartopoder.com.mx\/nw\/wp-json\/wp\/v2\/categories?post=139895"},{"taxonomy":"post_tag","embeddable":true,"href":"http:\/\/elcuartopoder.com.mx\/nw\/wp-json\/wp\/v2\/tags?post=139895"}],"curies":[{"name":"wp","href":"https:\/\/api.w.org\/{rel}","templated":true}]}}