{"id":139939,"date":"2025-04-15T09:26:00","date_gmt":"2025-04-15T14:26:00","guid":{"rendered":"https:\/\/elcuartopoder.com.mx\/nw\/?p=139939"},"modified":"2025-04-15T09:26:02","modified_gmt":"2025-04-15T14:26:02","slug":"turismo-internacional-ingresa-mas-de-6600-mdd-en-mexico-al-inicio-de-2025","status":"publish","type":"post","link":"http:\/\/elcuartopoder.com.mx\/nw\/varios\/turismo-internacional-ingresa-mas-de-6600-mdd-en-mexico-al-inicio-de-2025\/","title":{"rendered":"Turismo internacional ingresa m\u00e1s de 6,600 mdd en M\u00e9xico al inicio de 2025"},"content":{"rendered":"\n<p>El ingreso de divisas por visitantes internacionales, en el primer bimestre del a\u00f1o, ascendi\u00f3 a seis mil 601.4 millones de d\u00f3lares, lo que signific\u00f3 4.5 por ciento m\u00e1s que en el mismo periodo de 2024, inform\u00f3&nbsp;<strong>Josefina Rodr\u00edguez Zamora<\/strong>, secretar\u00eda de&nbsp;<strong>Turismo (Sectur).<\/strong><\/p>\n\n\n\n<p>Inform\u00f3 que, con base en los resultados de las Encuestas de Viajeros Internacionales publicados por el&nbsp;<strong>Instituto Nacional de Estad\u00edstica y Geograf\u00eda (Inegi),&nbsp;<\/strong>el resultado tambi\u00e9n representa un aumento de 45.9 por ciento, comparado con los niveles prepandemia de 2019.<\/p>\n\n\n\n<p>Revel\u00f3 que en los primeros dos meses del a\u00f1o arribaron al pa\u00eds 15.4 millones de visitantes internacionales, con un crecimiento de 15 por ciento frente a 2024.<\/p>\n\n\n\n<p>Por otra parte, Josefina Rodr\u00edguez, en compa\u00f1\u00eda de Salom\u00f3n Jara, gobernador de Oaxaca, encabezaron el Banderazo Nacional del Operativo Vacacional Semana Santa 2025, desde Bah\u00edas de Huatulco, el cual se llevar\u00e1 a cabo del 11 al 27 de abril.<\/p>\n\n\n\n<p>De acuerdo con la secretaria de Turismo, el operativo:&nbsp;<\/p>\n\n\n\n<blockquote class=\"wp-block-quote is-layout-flow wp-block-quote-is-layout-flow\">\n<p>\u201cEs una acci\u00f3n conjunta que representa un compromiso de los tres niveles de gobierno, para salvaguardar la integridad de los turistas y visitantes\u201d.<\/p>\n<\/blockquote>\n\n\n\n<p>Record\u00f3 que por este periodo se espera una derrama de 282 mil 11 millones de pesos, un alza de 4.4 por ciento m\u00e1s en comparaci\u00f3n con el periodo previo.<\/p>\n","protected":false},"excerpt":{"rendered":"<p>El ingreso de divisas por visitantes internacionales, en el primer bimestre del a\u00f1o, ascendi\u00f3 a seis mil 601.4 millones de d\u00f3lares, lo que signific\u00f3 4.5 por ciento m\u00e1s que en el mismo periodo de 2024, inform\u00f3&nbsp;Josefina Rodr\u00edguez Zamora, secretar\u00eda de&nbsp;Turismo (Sectur). Inform\u00f3 que, con base en los resultados de las Encuestas de Viajeros Internacionales publicados [&hellip;]<\/p>\n","protected":false},"author":2,"featured_media":139940,"comment_status":"open","ping_status":"open","sticky":false,"template":"","format":"standard","meta":{"footnotes":""},"categories":[64],"tags":[],"class_list":["post-139939","post","type-post","status-publish","format-standard","has-post-thumbnail","hentry","category-varios"],"_links":{"self":[{"href":"http:\/\/elcuartopoder.com.mx\/nw\/wp-json\/wp\/v2\/posts\/139939","targetHints":{"allow":["GET"]}}],"collection":[{"href":"http:\/\/elcuartopoder.com.mx\/nw\/wp-json\/wp\/v2\/posts"}],"about":[{"href":"http:\/\/elcuartopoder.com.mx\/nw\/wp-json\/wp\/v2\/types\/post"}],"author":[{"embeddable":true,"href":"http:\/\/elcuartopoder.com.mx\/nw\/wp-json\/wp\/v2\/users\/2"}],"replies":[{"embeddable":true,"href":"http:\/\/elcuartopoder.com.mx\/nw\/wp-json\/wp\/v2\/comments?post=139939"}],"version-history":[{"count":1,"href":"http:\/\/elcuartopoder.com.mx\/nw\/wp-json\/wp\/v2\/posts\/139939\/revisions"}],"predecessor-version":[{"id":139941,"href":"http:\/\/elcuartopoder.com.mx\/nw\/wp-json\/wp\/v2\/posts\/139939\/revisions\/139941"}],"wp:featuredmedia":[{"embeddable":true,"href":"http:\/\/elcuartopoder.com.mx\/nw\/wp-json\/wp\/v2\/media\/139940"}],"wp:attachment":[{"href":"http:\/\/elcuartopoder.com.mx\/nw\/wp-json\/wp\/v2\/media?parent=139939"}],"wp:term":[{"taxonomy":"category","embeddable":true,"href":"http:\/\/elcuartopoder.com.mx\/nw\/wp-json\/wp\/v2\/categories?post=139939"},{"taxonomy":"post_tag","embeddable":true,"href":"http:\/\/elcuartopoder.com.mx\/nw\/wp-json\/wp\/v2\/tags?post=139939"}],"curies":[{"name":"wp","href":"https:\/\/api.w.org\/{rel}","templated":true}]}}