{"id":139942,"date":"2025-04-15T09:28:02","date_gmt":"2025-04-15T14:28:02","guid":{"rendered":"https:\/\/elcuartopoder.com.mx\/nw\/?p=139942"},"modified":"2025-04-15T09:28:03","modified_gmt":"2025-04-15T14:28:03","slug":"madre-del-bebe-agredido-en-la-guarderia-rompe-el-silencio-tengo-en-la-cabeza-tatuado-todo-lo-que-hemos-visto","status":"publish","type":"post","link":"http:\/\/elcuartopoder.com.mx\/nw\/policiacas\/madre-del-bebe-agredido-en-la-guarderia-rompe-el-silencio-tengo-en-la-cabeza-tatuado-todo-lo-que-hemos-visto\/","title":{"rendered":"Madre del beb\u00e9 agredido en la guarder\u00eda rompe el silencio: \u00abtengo en la cabeza tatuado todo lo que hemos visto\u00bb"},"content":{"rendered":"\n<p><strong>Nancy<\/strong>, la madre de una beb\u00e9 de 18 meses, vive con angustia tras descubrir el horror que se ocultaba en la guarder\u00eda de Torrej\u00f3n de Ardoz, en la&nbsp;<strong>Ciudad de Madrid<\/strong>, ahora cerrada y conocida como la \u00abguarder\u00eda de los horrores\u00bb.<\/p>\n\n\n\n<p>Desde hace meses,&nbsp;<strong>Nancy<\/strong>&nbsp;ven\u00eda alertando a la direcci\u00f3n del centro sobre posibles&nbsp;<strong>irregularidades<\/strong>. Su preocupaci\u00f3n aumentaba cada d\u00eda al notar cambios dr\u00e1sticos en el comportamiento de su hija. Sin embargo, en el \u00faltimo tiempo, la peque\u00f1a comenz\u00f3 a rechazar los&nbsp;<strong>alimentos<\/strong>, mostrando desinter\u00e9s y resistencia a la hora de comer.<\/p>\n\n\n\n<blockquote class=\"wp-block-quote is-layout-flow wp-block-quote-is-layout-flow\">\n<p>\u00abSiempre ha sido una ni\u00f1a que com\u00eda de todo, un verdadero \u00e1ngel con la comida\u00bb, explic\u00f3 en entrevistas a medios locales.&nbsp;<\/p>\n<\/blockquote>\n\n\n\n<h2 class=\"wp-block-heading\">\u00bfQu\u00e9 dijo Nancy sobre los qu\u00e9 sucedi\u00f3 en la guarder\u00eda?<\/h2>\n\n\n\n<p>El desconcierto de&nbsp;<strong>Nancy<\/strong>&nbsp;se transform\u00f3 en dolor cuando salieron a la luz unos&nbsp;<strong>videos&nbsp;<\/strong>que mostraban a una&nbsp;<strong>cuidadora<\/strong>&nbsp;maltratando a un menor. Al ver las im\u00e1genes, no pudo evitar imaginar que su hija podr\u00eda haber sido v\u00edctima de esos mismos abusos.&nbsp;<\/p>\n\n\n\n<blockquote class=\"wp-block-quote is-layout-flow wp-block-quote-is-layout-flow\">\n<p>\u201cDesde entonces no puedo dormir. Esas im\u00e1genes se me han quedado grabadas en la mente para siempre\u201d, confiesa, devastada.<\/p>\n<\/blockquote>\n\n\n\n<p>Una trabajadora del centro ya le hab\u00eda mencionado que la ni\u00f1a no com\u00eda y que se portaba mal durante las comidas. Se quejaba de que le escup\u00eda y le manchaba la ropa, algo que&nbsp;<strong>Nancy<\/strong>&nbsp;no entend\u00eda. Hoy, tras ver los v\u00eddeos, comprende por qu\u00e9 su peque\u00f1a rechaza ahora la cuchara y hace gestos extra\u00f1os con los ojos y la cabeza cada vez que intenta alimentarla.<\/p>\n\n\n\n<blockquote class=\"wp-block-quote is-layout-flow wp-block-quote-is-layout-flow\">\n<p>&nbsp;\u201cLe dije que para eso estaban los uniformes, que lo importante era el bienestar de mi hija\u201d, cont\u00f3 Nancy<\/p>\n<\/blockquote>\n\n\n\n<p>Nancy y su familia exigen justicia. Piden que las responsables paguen por el&nbsp;<strong>da\u00f1o causado a su hija<\/strong>&nbsp;y al resto de los ni\u00f1os. Seg\u00fan se ha informado, cuatro mujeres han sido detenidas como parte de la investigaci\u00f3n.Un equipo de televisi\u00f3n se desplaz\u00f3 hasta la localidad madrile\u00f1a para recoger su&nbsp;<strong>testimonio<\/strong>. Nancy no pudo evitar emocionarse al recordar c\u00f3mo desde el a\u00f1o pasado comenz\u00f3 a notar se\u00f1ales de alerta.&nbsp;<\/p>\n\n\n\n<blockquote class=\"wp-block-quote is-layout-flow wp-block-quote-is-layout-flow\">\n<p>\u00abDesde que empez\u00f3 en esa guarder\u00eda, me dec\u00edan que no com\u00eda, y tambi\u00e9n en casa comenz\u00f3 a alimentarse mal. Antes, eso nunca hab\u00eda pasado\u00bb, agreg\u00f3 Nancy en la entrevista<\/p>\n<\/blockquote>\n\n\n\n<p>Ahora, con su hija mostrando se\u00f1ales claras de secuelas emocionales,\u00a0<strong>Nancy<\/strong>\u00a0vive con el peso de la incertidumbre y el dolor, aferrada a la esperanza de que se haga justicia por el sufrimiento que su peque\u00f1a ha tenido que soportar.<\/p>\n","protected":false},"excerpt":{"rendered":"<p>Nancy, la madre de una beb\u00e9 de 18 meses, vive con angustia tras descubrir el horror que se ocultaba en la guarder\u00eda de Torrej\u00f3n de Ardoz, en la&nbsp;Ciudad de Madrid, ahora cerrada y conocida como la \u00abguarder\u00eda de los horrores\u00bb. Desde hace meses,&nbsp;Nancy&nbsp;ven\u00eda alertando a la direcci\u00f3n del centro sobre posibles&nbsp;irregularidades. Su preocupaci\u00f3n aumentaba cada [&hellip;]<\/p>\n","protected":false},"author":2,"featured_media":139943,"comment_status":"open","ping_status":"open","sticky":false,"template":"","format":"standard","meta":{"footnotes":""},"categories":[23],"tags":[],"class_list":["post-139942","post","type-post","status-publish","format-standard","has-post-thumbnail","hentry","category-policiacas"],"_links":{"self":[{"href":"http:\/\/elcuartopoder.com.mx\/nw\/wp-json\/wp\/v2\/posts\/139942","targetHints":{"allow":["GET"]}}],"collection":[{"href":"http:\/\/elcuartopoder.com.mx\/nw\/wp-json\/wp\/v2\/posts"}],"about":[{"href":"http:\/\/elcuartopoder.com.mx\/nw\/wp-json\/wp\/v2\/types\/post"}],"author":[{"embeddable":true,"href":"http:\/\/elcuartopoder.com.mx\/nw\/wp-json\/wp\/v2\/users\/2"}],"replies":[{"embeddable":true,"href":"http:\/\/elcuartopoder.com.mx\/nw\/wp-json\/wp\/v2\/comments?post=139942"}],"version-history":[{"count":1,"href":"http:\/\/elcuartopoder.com.mx\/nw\/wp-json\/wp\/v2\/posts\/139942\/revisions"}],"predecessor-version":[{"id":139944,"href":"http:\/\/elcuartopoder.com.mx\/nw\/wp-json\/wp\/v2\/posts\/139942\/revisions\/139944"}],"wp:featuredmedia":[{"embeddable":true,"href":"http:\/\/elcuartopoder.com.mx\/nw\/wp-json\/wp\/v2\/media\/139943"}],"wp:attachment":[{"href":"http:\/\/elcuartopoder.com.mx\/nw\/wp-json\/wp\/v2\/media?parent=139942"}],"wp:term":[{"taxonomy":"category","embeddable":true,"href":"http:\/\/elcuartopoder.com.mx\/nw\/wp-json\/wp\/v2\/categories?post=139942"},{"taxonomy":"post_tag","embeddable":true,"href":"http:\/\/elcuartopoder.com.mx\/nw\/wp-json\/wp\/v2\/tags?post=139942"}],"curies":[{"name":"wp","href":"https:\/\/api.w.org\/{rel}","templated":true}]}}