{"id":139981,"date":"2025-04-16T12:58:18","date_gmt":"2025-04-16T17:58:18","guid":{"rendered":"https:\/\/elcuartopoder.com.mx\/nw\/?p=139981"},"modified":"2025-04-16T12:58:19","modified_gmt":"2025-04-16T17:58:19","slug":"muere-un-bebe-tras-practicarle-una-circuncision-clandestina-en-roquetas-de-mar","status":"publish","type":"post","link":"http:\/\/elcuartopoder.com.mx\/nw\/policiacas\/muere-un-bebe-tras-practicarle-una-circuncision-clandestina-en-roquetas-de-mar\/","title":{"rendered":"Muere un beb\u00e9 tras practicarle una circuncisi\u00f3n clandestina en Roquetas de Mar"},"content":{"rendered":"\n<p>La Guardia Civil ha detenido en Roquetas de Mar a tres personas tras la muerte de un beb\u00e9 este domingo. Fuentes de la Comandancia han informado que la investigaci\u00f3n est\u00e1 en curso ya que el neonato habr\u00eda perdido la vida tras practicarle de&nbsp;<strong>forma clandestina una circuncisi\u00f3n<\/strong>. Los cortes realizados le provocaron una fuerte hemorragia y no pudo salvar la vida.<\/p>\n\n\n\n<p>Los detenidos son los&nbsp;<strong>padres de la criatura<\/strong>&nbsp;y una tercera persona que habr\u00eda actuado como falso m\u00e9dico, sin medios, ni medidas de higiene necesarias. Diario de Almer\u00eda adelantaba este martes que la familia del beb\u00e9 es originaria de Mali y que el peque\u00f1o de poco m\u00e1s de un mes sufri\u00f3 \u00abuna grave hemorragia como consecuencia de esta cirug\u00eda ilegal\u00bb.<\/p>\n\n\n\n<p>La investigaci\u00f3n sigue en curso, y este lunes se han llevado a cabo registros en el lugar donde se habr\u00eda aplicado la&nbsp;<strong>cirug\u00eda ilegal al beb\u00e9<\/strong>. Se trata de la vivienda del falso m\u00e9dico que realizaba este tipo de pr\u00e1cticas habituales en la comunidad maliense.<\/p>\n\n\n\n<p>El peque\u00f1o habr\u00eda sufrido un importante desangrado debido a la pr\u00e1ctica de la intervenci\u00f3n a la que fue sometido durante la tarde del domingo. Ante las graves heridas, sus padres lo llevaron hasta el&nbsp;<strong>servicio de urgencias<\/strong>&nbsp;del centro de salud m\u00e1s cercano de la localidad. Los servicios m\u00e9dicos no pudieron hacer nada por salvar la vida del beb\u00e9 y finalmente solo pudieron certificar su muerte.<\/p>\n\n\n\n<p>La situaci\u00f3n hizo que los sanitarios activaran el protocolo de agresi\u00f3n, lo que ha dado lugar a la detenci\u00f3n de los&nbsp;<strong>padres y del supuesto cirujano<\/strong>, as\u00ed como al registro de la vivienda. De otro lado, el cuerpo del menor ha sido trasladado al Instituto de Medicina Legal (IML) de Almer\u00eda donde se le practicar\u00e1 la autopsia para concretar las causas del deceso.<\/p>\n\n\n\n<p>Los tres arrestados pasar\u00e1n junto con las diligencias que a\u00fan se recopilan a disposici\u00f3n del Juzgado de Primera Instancia e Instrucci\u00f3n n\u00famero 6 de Roquetas de Mar (Almer\u00eda). El subdelegado del Gobierno en Almer\u00eda, Jos\u00e9 Mar\u00eda Mart\u00edn, ha trasladado este martes su&nbsp;<strong>conmoci\u00f3n ante la muerte del neonato<\/strong>. \u00abLa autoridad judicial tendr\u00e1 que determinar las responsabilidades penales que pudieran existir. Manifestar nuestro compromiso para la protecci\u00f3n de la infancia\u00bb, ha dicho.<\/p>\n\n\n\n<p>Mart\u00edn ha valorado la profesionalidad de los sanitarios que atendieron al beb\u00e9, as\u00ed como de los agentes de la Guardia Civil que prosiguen con la investigaci\u00f3n. \u00abCualquier&nbsp;<strong>pr\u00e1ctica de este tipo es censurable<\/strong>, no solo desde el punto de vista \u00e9tico sino tambi\u00e9n penal, y ser\u00e1 perseguida\u00bb, ha expresado.<\/p>\n\n\n\n<h3 class=\"wp-block-heading\">Una pr\u00e1ctica ilegal<\/h3>\n\n\n\n<p>La circuncisi\u00f3n consiste en la extirpaci\u00f3n de todo o parte del prepucio (piel que cubre el glande del pene), mediante una operaci\u00f3n que deja al descubierto el glande. Esta intervenci\u00f3n se hace con anestesia local y no suele necesitar hospitalizaci\u00f3n. La&nbsp;<strong>circuncisi\u00f3n por motivos culturales o religiosos<\/strong>&nbsp;no est\u00e1 incluida en el sistema sanitario p\u00fablico. En general, las prestaciones que se llevan a cabo est\u00e1n dirigidas a la prevenci\u00f3n, diagn\u00f3stico y tratamiento de enfermedades.<\/p>\n\n\n\n<p>El desconocimiento para realizar la circuncisi\u00f3n en Espa\u00f1a fuera del sistema sanitario conlleva que algunas personas la realicen en&nbsp;<strong>domicilios particulares con personal no cualificado<\/strong>&nbsp;o incluso aprovechen un viaje a su pa\u00eds de origen para llevarla a cabo.<\/p>\n\n\n\n<p>La ONG de infancia Save the Children ha pedido sensibilizar a las familias para prevenir la mutilaci\u00f3n genital femenina o la circuncisi\u00f3n, \u00ab<strong>una forma extrema de violencia<\/strong>&nbsp;que vulnera gravemente los derechos de ni\u00f1as y los ni\u00f1os\u00bb, tras conocer el tr\u00e1gico suceso ocurrido en Roquetas de Mar. \u00abEs importante sensibilizar a las familias y mediadores culturales, estableciendo v\u00ednculos de confianza para prevenir la mutilaci\u00f3n o la circuncisi\u00f3n; sin criminalizar, pero con el objetivo de erradicarla\u00bb, ha subrayado la directora de incidencia de Save the Children, Catalina Perazzo.<\/p>\n\n\n\n<p>Los profesionales sanitarios de la provincia de Almer\u00eda atienden cada a\u00f1o entre&nbsp;<strong>15 y 20 casos de circuncisiones y ablacione<\/strong><strong>s<\/strong>&nbsp;en menores de edad que se practican de manera clandestina en viviendas particulares, locales no habilitados como centros m\u00e9dicos y otros espacios fuera del \u00e1mbito facultativo por personas no cualificadas. Desde la Administraci\u00f3n sanitaria han recalcado que la ablaci\u00f3n o mutilaci\u00f3n genital femenina es una pr\u00e1ctica ilegal que est\u00e1 considerada por Naciones Unidas como una violaci\u00f3n grave de los derechos humanos, la salud y la integridad de las mujeres y las ni\u00f1as.<\/p>\n\n\n\n<p>En el Hospital de Poniente en El Ejido se han registrado algunos casos como el de un ni\u00f1o guineano de seis a\u00f1os al que le tuvieron que<strong>&nbsp;amputar parte del pene<\/strong>&nbsp;al practicarle sus padres la circuncisi\u00f3n. Esta intervenci\u00f3n es practicada por la mayor\u00eda de los musulmanes, aunque no se considera obligatoria ya que no est\u00e1 ordenada en el Cor\u00e1n.<\/p>\n","protected":false},"excerpt":{"rendered":"<p>La Guardia Civil ha detenido en Roquetas de Mar a tres personas tras la muerte de un beb\u00e9 este domingo. Fuentes de la Comandancia han informado que la investigaci\u00f3n est\u00e1 en curso ya que el neonato habr\u00eda perdido la vida tras practicarle de&nbsp;forma clandestina una circuncisi\u00f3n. Los cortes realizados le provocaron una fuerte hemorragia y [&hellip;]<\/p>\n","protected":false},"author":2,"featured_media":139982,"comment_status":"open","ping_status":"open","sticky":false,"template":"","format":"standard","meta":{"footnotes":""},"categories":[23],"tags":[],"class_list":["post-139981","post","type-post","status-publish","format-standard","has-post-thumbnail","hentry","category-policiacas"],"_links":{"self":[{"href":"http:\/\/elcuartopoder.com.mx\/nw\/wp-json\/wp\/v2\/posts\/139981","targetHints":{"allow":["GET"]}}],"collection":[{"href":"http:\/\/elcuartopoder.com.mx\/nw\/wp-json\/wp\/v2\/posts"}],"about":[{"href":"http:\/\/elcuartopoder.com.mx\/nw\/wp-json\/wp\/v2\/types\/post"}],"author":[{"embeddable":true,"href":"http:\/\/elcuartopoder.com.mx\/nw\/wp-json\/wp\/v2\/users\/2"}],"replies":[{"embeddable":true,"href":"http:\/\/elcuartopoder.com.mx\/nw\/wp-json\/wp\/v2\/comments?post=139981"}],"version-history":[{"count":1,"href":"http:\/\/elcuartopoder.com.mx\/nw\/wp-json\/wp\/v2\/posts\/139981\/revisions"}],"predecessor-version":[{"id":139983,"href":"http:\/\/elcuartopoder.com.mx\/nw\/wp-json\/wp\/v2\/posts\/139981\/revisions\/139983"}],"wp:featuredmedia":[{"embeddable":true,"href":"http:\/\/elcuartopoder.com.mx\/nw\/wp-json\/wp\/v2\/media\/139982"}],"wp:attachment":[{"href":"http:\/\/elcuartopoder.com.mx\/nw\/wp-json\/wp\/v2\/media?parent=139981"}],"wp:term":[{"taxonomy":"category","embeddable":true,"href":"http:\/\/elcuartopoder.com.mx\/nw\/wp-json\/wp\/v2\/categories?post=139981"},{"taxonomy":"post_tag","embeddable":true,"href":"http:\/\/elcuartopoder.com.mx\/nw\/wp-json\/wp\/v2\/tags?post=139981"}],"curies":[{"name":"wp","href":"https:\/\/api.w.org\/{rel}","templated":true}]}}