{"id":140023,"date":"2025-04-20T11:01:37","date_gmt":"2025-04-20T16:01:37","guid":{"rendered":"https:\/\/elcuartopoder.com.mx\/nw\/?p=140023"},"modified":"2025-04-20T11:01:39","modified_gmt":"2025-04-20T16:01:39","slug":"somos-una-sociedad-afectada-en-salud-mental","status":"publish","type":"post","link":"http:\/\/elcuartopoder.com.mx\/nw\/destacadas\/somos-una-sociedad-afectada-en-salud-mental\/","title":{"rendered":"SOMOS UNA SOCIEDAD AFECTADA EN SALUD MENTAL\u2026"},"content":{"rendered":"\n<p><\/p>\n\n\n\n<p>Cr\u00e9anme la vida de una periodista independiente es dif\u00edcil, ando trabajando mucho en sondeos de opini\u00f3n que me encargo una dependencia federal y escuchar a la gente me emociona e inquieta.<\/p>\n\n\n\n<p>Dir\u00eda que nuestra gente (sufrimos, me incluyo) de crisis social. &nbsp; Andamos muy afectados por el alza de los precios de frutas, verduras, \u00a1de todo!, por el alza de delitos como los levantones, secuestros virtuales, y normales que, aunque se sea de clase media se sufre y caray conseguir 500 mil o mas para pagar un rescate no es f\u00e1cil, a parte est\u00e1 el terrible derecho de piso, delitos que no pensamos habr\u00eda en la entidad.<\/p>\n\n\n\n<p>Pero se promueve al estado como zona tur\u00edstica y eso ya vimos que trajo en Acapulco Guerrero, por ejemplo, y ah\u00ed va aceleradamente Canc\u00fan y Playa del Carmen y en la cola los otros municipios<\/p>\n\n\n\n<p>En las comunidades rurales donde me encanta andar por lo bien que me trata la gente con riqu\u00edsimas tortillas, comida, postres, ellos mismos me sugieren no vaya m\u00e1s, \u201cla situaci\u00f3n ya no esta como cuando andabas en campa\u00f1a con Eduardo Espinosa me dicen\u201d.<\/p>\n\n\n\n<p>Andamos preocupados, alterados, en alerta m\u00e1xima. &nbsp;Y eso afecta la armon\u00eda en casa, en el trabajo en las convivencias sociales donde debe imperar la alegr\u00eda y paz.<\/p>\n\n\n\n<p>\u201cMira como vivimos apenas y comemos carne de puerco o res una vez a la semana pollo eso si hasta tres veces, pero esta pobreza no evita que haya un tiroteo den la comunidad y nos de una bala o que por cuestiones de esa violencia se incendie la casa\u201d. As\u00ed vive nuestra gente en las comunidades rurales; Asustada. &nbsp;<\/p>\n\n\n\n<p>Do\u00f1a Adelita me cuenta que vio la serie sobre el caso de Ayotzinapa y aunque reconoce lo que AMLO hizo por los pobres y el pa\u00eds dice le da mucho miedo el poder que tienen ahora los militares, \u201cmi esposo me comentaba cuando ve\u00edamos la serie que ellos hasta hoteles y empresas manejaran ahora, pero como as\u00ed si ellos tambi\u00e9n son corruptos porque tanto poder corrompe\u201d.<\/p>\n\n\n\n<p>\u201cDonald Tump aunque sea muy loco y pareciera quiere el gobernar el pa\u00eds, pero creo que ayuda mucho a nuestra presidente porque la delincuencia ya esta sin l\u00edmites en el pa\u00eds y gracias a ese hombre lo est\u00e1n combatiendo, aunque ya sabemos que agarran a un l\u00edder y enseguida surge otro, es as\u00ed ya se arraigo la maldad y no se podr\u00e1 erradicar en M\u00e9xico\u201d dice Do\u00f1a Adelita con mucha tristeza.<\/p>\n\n\n\n<p>Sus dos nietos ya j\u00f3venes de 29 y 24 a\u00f1os escucharon toda la platica y aunque no dijeron nada me di cuenta estaban de acuerdo con lo que ella expres\u00f3.<\/p>\n","protected":false},"excerpt":{"rendered":"<p>Cr\u00e9anme la vida de una periodista independiente es dif\u00edcil, ando trabajando mucho en sondeos de opini\u00f3n que me encargo una dependencia federal y escuchar a la gente me emociona e inquieta. Dir\u00eda que nuestra gente (sufrimos, me incluyo) de crisis social. &nbsp; Andamos muy afectados por el alza de los precios de frutas, verduras, \u00a1de [&hellip;]<\/p>\n","protected":false},"author":2,"featured_media":140024,"comment_status":"open","ping_status":"open","sticky":false,"template":"","format":"standard","meta":{"footnotes":""},"categories":[59],"tags":[],"class_list":["post-140023","post","type-post","status-publish","format-standard","has-post-thumbnail","hentry","category-destacadas"],"_links":{"self":[{"href":"http:\/\/elcuartopoder.com.mx\/nw\/wp-json\/wp\/v2\/posts\/140023","targetHints":{"allow":["GET"]}}],"collection":[{"href":"http:\/\/elcuartopoder.com.mx\/nw\/wp-json\/wp\/v2\/posts"}],"about":[{"href":"http:\/\/elcuartopoder.com.mx\/nw\/wp-json\/wp\/v2\/types\/post"}],"author":[{"embeddable":true,"href":"http:\/\/elcuartopoder.com.mx\/nw\/wp-json\/wp\/v2\/users\/2"}],"replies":[{"embeddable":true,"href":"http:\/\/elcuartopoder.com.mx\/nw\/wp-json\/wp\/v2\/comments?post=140023"}],"version-history":[{"count":1,"href":"http:\/\/elcuartopoder.com.mx\/nw\/wp-json\/wp\/v2\/posts\/140023\/revisions"}],"predecessor-version":[{"id":140025,"href":"http:\/\/elcuartopoder.com.mx\/nw\/wp-json\/wp\/v2\/posts\/140023\/revisions\/140025"}],"wp:featuredmedia":[{"embeddable":true,"href":"http:\/\/elcuartopoder.com.mx\/nw\/wp-json\/wp\/v2\/media\/140024"}],"wp:attachment":[{"href":"http:\/\/elcuartopoder.com.mx\/nw\/wp-json\/wp\/v2\/media?parent=140023"}],"wp:term":[{"taxonomy":"category","embeddable":true,"href":"http:\/\/elcuartopoder.com.mx\/nw\/wp-json\/wp\/v2\/categories?post=140023"},{"taxonomy":"post_tag","embeddable":true,"href":"http:\/\/elcuartopoder.com.mx\/nw\/wp-json\/wp\/v2\/tags?post=140023"}],"curies":[{"name":"wp","href":"https:\/\/api.w.org\/{rel}","templated":true}]}}