{"id":140035,"date":"2025-04-20T11:13:39","date_gmt":"2025-04-20T16:13:39","guid":{"rendered":"https:\/\/elcuartopoder.com.mx\/nw\/?p=140035"},"modified":"2025-04-20T11:13:40","modified_gmt":"2025-04-20T16:13:40","slug":"cuidar-y-defender-a-la-madre-tierra","status":"publish","type":"post","link":"http:\/\/elcuartopoder.com.mx\/nw\/destacadas\/cuidar-y-defender-a-la-madre-tierra\/","title":{"rendered":"Cuidar y defender a la Madre Tierra"},"content":{"rendered":"\n<p>En una tensa espera ante el inicio de la temporada de sequ\u00eda en M\u00e9xico, el pr\u00f3ximo martes 22 de abril se conmemora el D\u00eda Internacional de la Madre Tierra, una fecha instaurada por la ONU desde 2009 que nos invita no s\u00f3lo a tomar conciencia, sino a adoptar una actitud proactiva para exigir e impulsar acciones estrat\u00e9gicas para atender la crisis socioambiental en curso que representa sin duda el principal desaf\u00edo para la humanidad en el siglo XXI.&nbsp;<\/p>\n\n\n\n<p>Tanto las cifras r\u00e9cord que cada a\u00f1o se registran en rubros relacionados con el clima, como la creciente magnitud de las cat\u00e1strofes asociadas, elevan \u2013o deber\u00edan\u2013 el sentido de urgencia para tomar acciones inmediatas y contundentes para mitigar y ralentizar los efectos del cambio clim\u00e1tico. Seg\u00fan el Programa de Investigaci\u00f3n en Cambio Clim\u00e1tico de la UNAM, 40 por ciento de la poblaci\u00f3n mundial vivi\u00f3 su a\u00f1o m\u00e1s c\u00e1lido en 2024.&nbsp;<\/p>\n\n\n\n<p>Adem\u00e1s, 2024 fue el primer a\u00f1o en que la temperatura promedio global super\u00f3 la barrera de 1.5 grados Celsius de aumento de temperatura en relaci\u00f3n con la \u00e9poca preindustrial, cifra que no deber\u00eda ser rebasada, como se estableci\u00f3 en los Acuerdos de Par\u00eds. En M\u00e9xico, por cierto, el incremento fue de 2.14 grados y, si bien no basta un solo a\u00f1o para estimar el incremento de la temperatura global, las cifras son alarmantes, especialmente si consideramos que estas rebasan ya las predicciones de calentamiento previstas para toda la d\u00e9cada.&nbsp;<\/p>\n\n\n\n<p>Este aumento r\u00e9cord se refleja en diversas expresiones que atestiguamos en nuestro pa\u00eds el a\u00f1o pasado. Por ejemplo, la sequ\u00eda hist\u00f3rica que azot\u00f3 a M\u00e9xico durante la primavera, que alcanz\u00f3 un pico de afectaci\u00f3n de 89.58 por ciento del territorio a finales de mayo, seg\u00fan registros oficiales. Las sequ\u00edas han ocurrido a\u00f1o con a\u00f1o, pero ciertamente no en estas magnitudes.&nbsp;<\/p>\n\n\n\n<p>Esta condici\u00f3n cr\u00edtica favoreci\u00f3 el incremento r\u00e9cord de incendios forestales, alcanzando en 2024 una cifra de afectaci\u00f3n de 16 mil 722 kil\u00f3metros cuadrados, casi 1 por ciento del territorio nacional en un solo a\u00f1o, equivalente a cerca de la mitad del territorio del estado de Puebla. Esta cifra representa un incremento de 341 por ciento respecto de la superficie afectada por los incendios forestales en 2020 y 60 por ciento mayor a la superficie afectada en 2023.&nbsp;<\/p>\n\n\n\n<p>Desde esta perspectiva, fue afortunada la \u00e9poca de lluvias, al t\u00e9rmino de la cual las cifras de precipitaci\u00f3n fueron mayores a las usuales, lo cual favoreci\u00f3 la recuperaci\u00f3n de nuestros cuerpos de agua. No obstante, estos extremos clim\u00e1ticos se traducen en mayores riesgos a la poblaci\u00f3n, como lo vimos en Guerrero con las inundaciones provocadas por el hurac\u00e1n John, lo mismo que en otras regiones del mundo como los casos de las inundaciones s\u00fabitas en Carolina del Norte provocadas por el hurac\u00e1n&nbsp;<em>Helene<\/em>, o el fen\u00f3meno de la depresi\u00f3n aislada en niveles altos (DANA) en Valencia.&nbsp;<\/p>\n\n\n\n<p>Frente a estas dimensiones del da\u00f1o provocado por el cambio clim\u00e1tico, se imponen como prioritarias las acciones de organismos internacionales, gobiernos y sociedades nacionales en defensa de los equilibrios de nuestra casa com\u00fan; sin embargo, la agenda clim\u00e1tica sigue siendo un asunto marginal en los hechos y, peor a\u00fan, ha sido objeto de graves retrocesos a escala global y motivo de represi\u00f3n de movimientos, comunidades y l\u00edderes defensores del agua y el territorio en M\u00e9xico y otros pa\u00edses.&nbsp;<\/p>\n\n\n\n<p>De acuerdo con el Centro Mexicano de Derecho Ambiental (Cemda), con 123 eventos de agresi\u00f3n y mil 317 personas afectadas, 2023 fue el segundo a\u00f1o m\u00e1s violento contra personas y comunidades defensoras de derechos humanos ambientales en el pa\u00eds desde que se tiene registro. De \u00e9stos, 57.7 por ciento de los casos de agresi\u00f3n fueron contra integrantes de pueblos ind\u00edgenas. El fen\u00f3meno se agrava en contextos de macrocriminalidad, donde las grandes redes de poder conspiran para el silenciamiento de quienes defienden la casa com\u00fan. Muestra de ello es que, en los casos registrados por el Cemda, el principal agresor es el gobierno con participaci\u00f3n en 49.6 por ciento de los casos, seguido del crimen organizado (29.6) y las empresas privadas (15.5).&nbsp;<\/p>\n\n\n\n<p>Estas cifras colocaron en 2023 a M\u00e9xico como el tercer pa\u00eds m\u00e1s letal para las personas defensoras del ambiente y el cuarto en la \u00faltima d\u00e9cada con 203 asesinatos, superado s\u00f3lo por Colombia, Brasil y Filipinas, seg\u00fan Global Witness, organizaci\u00f3n que tambi\u00e9n reporta que en nuestro pa\u00eds ocurren 9.6 por ciento de los asesinatos de defensores del territorio a escala global, en tanto que Am\u00e9rica Latina es la regi\u00f3n m\u00e1s violenta tanto por la cantidad de eventos como por su letalidad.&nbsp;<\/p>\n\n\n\n<p>Las acciones para detener el cambio clim\u00e1tico no pueden seguir aplaz\u00e1ndose, pues cada a\u00f1o empeoran los efectos de la explotaci\u00f3n de nuestra casa com\u00fan. Por ello las sociedades necesitan provocar un giro dr\u00e1stico en las perspectivas gubernamentales y empresariales que hoy dominan el escenario. Son las comunidades campesinas e ind\u00edgenas quienes siguen siendo vanguardia y ejemplo en la defensa del territorio y en la convivencia armoniosa con la Madre Tierra, pero son al mismo tiempo las m\u00e1s atacadas por los grandes poderes globales.&nbsp;<\/p>\n\n\n\n<p>Ante la crisis clim\u00e1tica necesitamos mucho m\u00e1s que medidas paliativas, se requieren acciones de alcance estructural que pongan en el centro a los defensores de nuestra casa com\u00fan, y que convoquen al conjunto de la sociedad tanto al impulso de otras pautas de consumo como de formas sustentables y justas de producci\u00f3n y distribuci\u00f3n de los recursos. Por y para ello, la socioambiental debe ser una perspectiva transversal prioritaria para afrontar nuestro presente y futuro, s\u00f3lo as\u00ed podremos responder a las graves amenazas del cambio clim\u00e1tico que nos imponen el imperativo de la colaboraci\u00f3n y la fraternidad.<\/p>\n","protected":false},"excerpt":{"rendered":"<p>En una tensa espera ante el inicio de la temporada de sequ\u00eda en M\u00e9xico, el pr\u00f3ximo martes 22 de abril se conmemora el D\u00eda Internacional de la Madre Tierra, una fecha instaurada por la ONU desde 2009 que nos invita no s\u00f3lo a tomar conciencia, sino a adoptar una actitud proactiva para exigir e impulsar [&hellip;]<\/p>\n","protected":false},"author":2,"featured_media":140036,"comment_status":"open","ping_status":"open","sticky":false,"template":"","format":"standard","meta":{"footnotes":""},"categories":[59],"tags":[],"class_list":["post-140035","post","type-post","status-publish","format-standard","has-post-thumbnail","hentry","category-destacadas"],"_links":{"self":[{"href":"http:\/\/elcuartopoder.com.mx\/nw\/wp-json\/wp\/v2\/posts\/140035","targetHints":{"allow":["GET"]}}],"collection":[{"href":"http:\/\/elcuartopoder.com.mx\/nw\/wp-json\/wp\/v2\/posts"}],"about":[{"href":"http:\/\/elcuartopoder.com.mx\/nw\/wp-json\/wp\/v2\/types\/post"}],"author":[{"embeddable":true,"href":"http:\/\/elcuartopoder.com.mx\/nw\/wp-json\/wp\/v2\/users\/2"}],"replies":[{"embeddable":true,"href":"http:\/\/elcuartopoder.com.mx\/nw\/wp-json\/wp\/v2\/comments?post=140035"}],"version-history":[{"count":1,"href":"http:\/\/elcuartopoder.com.mx\/nw\/wp-json\/wp\/v2\/posts\/140035\/revisions"}],"predecessor-version":[{"id":140037,"href":"http:\/\/elcuartopoder.com.mx\/nw\/wp-json\/wp\/v2\/posts\/140035\/revisions\/140037"}],"wp:featuredmedia":[{"embeddable":true,"href":"http:\/\/elcuartopoder.com.mx\/nw\/wp-json\/wp\/v2\/media\/140036"}],"wp:attachment":[{"href":"http:\/\/elcuartopoder.com.mx\/nw\/wp-json\/wp\/v2\/media?parent=140035"}],"wp:term":[{"taxonomy":"category","embeddable":true,"href":"http:\/\/elcuartopoder.com.mx\/nw\/wp-json\/wp\/v2\/categories?post=140035"},{"taxonomy":"post_tag","embeddable":true,"href":"http:\/\/elcuartopoder.com.mx\/nw\/wp-json\/wp\/v2\/tags?post=140035"}],"curies":[{"name":"wp","href":"https:\/\/api.w.org\/{rel}","templated":true}]}}