{"id":140038,"date":"2025-04-20T11:16:06","date_gmt":"2025-04-20T16:16:06","guid":{"rendered":"https:\/\/elcuartopoder.com.mx\/nw\/?p=140038"},"modified":"2025-04-20T11:16:08","modified_gmt":"2025-04-20T16:16:08","slug":"el-nuevo-metodo-que-usan-los-presos-para-colar-telefonos-moviles-en-la-carcel-es-casi-indetectable","status":"publish","type":"post","link":"http:\/\/elcuartopoder.com.mx\/nw\/destacadas\/el-nuevo-metodo-que-usan-los-presos-para-colar-telefonos-moviles-en-la-carcel-es-casi-indetectable\/","title":{"rendered":"El nuevo m\u00e9todo que usan los presos para colar tel\u00e9fonos m\u00f3viles en la c\u00e1rcel: \u00abEs casi indetectable\u00bb"},"content":{"rendered":"\n<p>Los\u00a0<strong>tel\u00e9fonos m\u00f3viles<\/strong>\u00a0se han convertido en uno de los objetos m\u00e1s codiciados en las prisiones espa\u00f1olas, generando un mercado negro con graves consecuencias para el orden interno. Entre 2018 y 2024 se han incautado un total de 653 terminales en el centro penitenciario valenciano de\u00a0Picassent. Sus trabajadores avisan de un nuevo m\u00e9todo para colarlos pr\u00e1cticamente \u00abindetectable\u00bb con el uso de drones.<\/p>\n\n\n\n<p>En los centros dependientes de la Secretar\u00eda General de instituciones Penitenciarias el n\u00famero asciende a&nbsp;<strong>12.882<\/strong>. Solo en 2024, se decomisaron 2.884 dispositivos, de los cuales 72 fueron requisados en la valenciana. Desde el sindicato Acaip-UGT explican que los m\u00f3viles est\u00e1n prohibidos dentro de los centros penitenciarios porque permiten a los internos eludir los controles de comunicaci\u00f3n establecidos.<\/p>\n\n\n\n<p>\u00ab<strong>Facilitan la continuidad de actividades delictivas<\/strong>, como la violencia de g\u00e9nero o la coordinaci\u00f3n de redes criminales desde el interior de las c\u00e1rceles\u00bb, detallan sobre una prohibici\u00f3n que no solo responde a criterios de seguridad, sino tambi\u00e9n al cumplimiento del mandato constitucional de reeducaci\u00f3n y reinserci\u00f3n social.<\/p>\n\n\n\n<p>Muchos de estos dispositivos son utilizados por\u00a0<strong>internos especialmente peligrosos<\/strong>, como condenados por delitos de terrorismo, violencia de g\u00e9nero o pertenecientes a bandas organizadas, cuyas comunicaciones est\u00e1n restringidas por motivos legales o de seguridad. \u00abEl acceso a estos tel\u00e9fonos no solo les permite continuar con su actividad delictiva, sino que tambi\u00e9n genera conflictos internos, deudas entre presos y episodios de violencia relacionados con su control y tenencia\u00bb, han apuntado.<\/p>\n\n\n\n<p>Adem\u00e1s, han surgido nuevos m\u00e9todos de introducci\u00f3n \u00abque suponen una grave amenaza para la seguridad: los&nbsp;<strong>drones<\/strong>\u00bb. Su capacidad de sobrevolar instalaciones y depositar objetos con precisi\u00f3n \u00abconvierte a estos dispositivos en&nbsp;<strong>vectores de riesgo casi indetectables<\/strong>, capaces de burlar las defensas actuales de los centros\u00bb, han apuntado.<\/p>\n\n\n\n<h3 class=\"wp-block-heading\">Medios limitados para los empleados<\/h3>\n\n\n\n<p>Desde Acaip-UGT ponen en valor el \u00abesfuerzo y compromiso\u00bb de los empleados p\u00fablicos penitenciarios que, \u00aba pesar de los medios limitados y la creciente sofisticaci\u00f3n de los m\u00e9todos de introducci\u00f3n, contin\u00faan trabajando intensamente para frenar este tipo de contrabando\u00bb.<\/p>\n\n\n\n<p>Asimismo, indican que los funcionarios deben hacer frente a esta realidad \u00abcon&nbsp;<strong>medios claramente insuficientes<\/strong>\u00bb. \u00abLos terminales, cada vez m\u00e1s peque\u00f1os y fabricados con componentes pl\u00e1sticos, escapan f\u00e1cilmente a los detectores de metales y pueden esconderse en los lugares m\u00e1s insospechados. Esto obliga a realizar requisas exhaustivas que requieren formaci\u00f3n especializada y suficiente personal, algo que hoy en d\u00eda no se garantiza en todos los centros\u00bb, han dicho.<\/p>\n\n\n\n<p>Frente a este panorama, desde el sindicato consideran \u00aburgente\u00bb una inversi\u00f3n decidida en tecnolog\u00eda moderna de seguridad. \u00abLos&nbsp;<strong>inhibidores<\/strong>&nbsp;instalados hace a\u00f1os, basados en redes 3G, han quedado&nbsp;<strong>obsoletos<\/strong>&nbsp;ante el avance de las telecomunicaciones. Es imprescindible dotar a los centros penitenciarios de sistemas de inhibici\u00f3n actualizados que impidan el uso de tel\u00e9fonos m\u00f3viles en su interior y eviten que drones sobrevuelen zonas restringidas\u00bb.<\/p>\n\n\n\n<p>\u00abDesde Acaip-UGT reclamamos una respuesta firme, moderna y eficaz para hacer frente a esta<strong>&nbsp;amenaza constante<\/strong>. La seguridad de nuestras prisiones no puede depender \u00fanicamente del esfuerzo y la vocaci\u00f3n de los trabajadores penitenciarios. Requiere compromiso institucional, inversi\u00f3n tecnol\u00f3gica y planificaci\u00f3n estrat\u00e9gica\u00bb, han incidido.<\/p>\n","protected":false},"excerpt":{"rendered":"<p>Los\u00a0tel\u00e9fonos m\u00f3viles\u00a0se han convertido en uno de los objetos m\u00e1s codiciados en las prisiones espa\u00f1olas, generando un mercado negro con graves consecuencias para el orden interno. Entre 2018 y 2024 se han incautado un total de 653 terminales en el centro penitenciario valenciano de\u00a0Picassent. Sus trabajadores avisan de un nuevo m\u00e9todo para colarlos pr\u00e1cticamente \u00abindetectable\u00bb [&hellip;]<\/p>\n","protected":false},"author":2,"featured_media":140039,"comment_status":"open","ping_status":"open","sticky":false,"template":"","format":"standard","meta":{"footnotes":""},"categories":[59],"tags":[],"class_list":["post-140038","post","type-post","status-publish","format-standard","has-post-thumbnail","hentry","category-destacadas"],"_links":{"self":[{"href":"http:\/\/elcuartopoder.com.mx\/nw\/wp-json\/wp\/v2\/posts\/140038","targetHints":{"allow":["GET"]}}],"collection":[{"href":"http:\/\/elcuartopoder.com.mx\/nw\/wp-json\/wp\/v2\/posts"}],"about":[{"href":"http:\/\/elcuartopoder.com.mx\/nw\/wp-json\/wp\/v2\/types\/post"}],"author":[{"embeddable":true,"href":"http:\/\/elcuartopoder.com.mx\/nw\/wp-json\/wp\/v2\/users\/2"}],"replies":[{"embeddable":true,"href":"http:\/\/elcuartopoder.com.mx\/nw\/wp-json\/wp\/v2\/comments?post=140038"}],"version-history":[{"count":1,"href":"http:\/\/elcuartopoder.com.mx\/nw\/wp-json\/wp\/v2\/posts\/140038\/revisions"}],"predecessor-version":[{"id":140040,"href":"http:\/\/elcuartopoder.com.mx\/nw\/wp-json\/wp\/v2\/posts\/140038\/revisions\/140040"}],"wp:featuredmedia":[{"embeddable":true,"href":"http:\/\/elcuartopoder.com.mx\/nw\/wp-json\/wp\/v2\/media\/140039"}],"wp:attachment":[{"href":"http:\/\/elcuartopoder.com.mx\/nw\/wp-json\/wp\/v2\/media?parent=140038"}],"wp:term":[{"taxonomy":"category","embeddable":true,"href":"http:\/\/elcuartopoder.com.mx\/nw\/wp-json\/wp\/v2\/categories?post=140038"},{"taxonomy":"post_tag","embeddable":true,"href":"http:\/\/elcuartopoder.com.mx\/nw\/wp-json\/wp\/v2\/tags?post=140038"}],"curies":[{"name":"wp","href":"https:\/\/api.w.org\/{rel}","templated":true}]}}