{"id":140060,"date":"2025-04-21T09:40:32","date_gmt":"2025-04-21T14:40:32","guid":{"rendered":"https:\/\/elcuartopoder.com.mx\/nw\/?p=140060"},"modified":"2025-04-21T09:40:34","modified_gmt":"2025-04-21T14:40:34","slug":"aun-hay-temas-legales-pendientes-sin-fecha-para-reinstalar-el-monumento-a-don-andres-quintana-roo-en-la-plazoleta-del-congreso","status":"publish","type":"post","link":"http:\/\/elcuartopoder.com.mx\/nw\/municipales\/aun-hay-temas-legales-pendientes-sin-fecha-para-reinstalar-el-monumento-a-don-andres-quintana-roo-en-la-plazoleta-del-congreso\/","title":{"rendered":"A\u00daN HAY TEMAS LEGALES PENDIENTES: Sin fecha para reinstalar el monumento a Don Andr\u00e9s Quintana Roo en la plazoleta del Congreso"},"content":{"rendered":"\n<p><strong>CHETUMAL, MX.-<\/strong>&nbsp;Debido a que a\u00fan no se resuelven los amparos interpuestos contra la construcci\u00f3n de la cafeter\u00eda en la plazoleta del Congreso del estado es que no se ha podido determinar una fecha para la reinstalaci\u00f3n del monumento a don Andr\u00e9s Quintana Roo, reconoci\u00f3 el diputado Saulo Aguilar Bern\u00e9s.<\/p>\n\n\n\n<p>Explic\u00f3 que si bien hubo reuniones con los integrantes del consejo ciudadano de Chetumal luego que el juzgado otorg\u00f3 el amparo interpuesto y determin\u00f3 cancelar la construcci\u00f3n de la cafeter\u00eda y dejar las cosas como estaban antes de iniciar la obra \u201clo cierto es que aun queda un tema pendiente relacionado con el amparo que no ha permitido iniciar la reinstalaci\u00f3n del monumento\u201d-<\/p>\n\n\n\n<p>El Estado lleva el nombre del pr\u00f3cer y es importante la reinstalaci\u00f3n del monumento en la plazoleta, pero hasta el momento no hay una fecha para hacerlo por un tema legal, reiter\u00f3.<\/p>\n\n\n\n<p>Aguilar Bernes record\u00f3 que el presidente de la Junta de Gobierno y Coordinaci\u00f3n Pol\u00edtica (Jugtocopo), Jos\u00e9 Sanem Cervantes, platic\u00f3 con los integrantes del consejo y se acord\u00f3 que una vez resuelto el tema del amparo iniciar\u00e1 el proceso de reparaci\u00f3n de da\u00f1o ordenado por el juzgado. Hay un acuerdo, pero estamos al pendiente de que se resuelva el tema jur\u00eddico. Faltan solo unas cositas jur\u00eddicas, pero hay la mejor disposici\u00f3n, insisti\u00f3.<strong>&nbsp;(Agencia SIM)<\/strong><\/p>\n","protected":false},"excerpt":{"rendered":"<p>CHETUMAL, MX.-&nbsp;Debido a que a\u00fan no se resuelven los amparos interpuestos contra la construcci\u00f3n de la cafeter\u00eda en la plazoleta del Congreso del estado es que no se ha podido determinar una fecha para la reinstalaci\u00f3n del monumento a don Andr\u00e9s Quintana Roo, reconoci\u00f3 el diputado Saulo Aguilar Bern\u00e9s. Explic\u00f3 que si bien hubo reuniones [&hellip;]<\/p>\n","protected":false},"author":2,"featured_media":140061,"comment_status":"open","ping_status":"open","sticky":false,"template":"","format":"standard","meta":{"footnotes":""},"categories":[6],"tags":[],"class_list":["post-140060","post","type-post","status-publish","format-standard","has-post-thumbnail","hentry","category-municipales"],"_links":{"self":[{"href":"http:\/\/elcuartopoder.com.mx\/nw\/wp-json\/wp\/v2\/posts\/140060","targetHints":{"allow":["GET"]}}],"collection":[{"href":"http:\/\/elcuartopoder.com.mx\/nw\/wp-json\/wp\/v2\/posts"}],"about":[{"href":"http:\/\/elcuartopoder.com.mx\/nw\/wp-json\/wp\/v2\/types\/post"}],"author":[{"embeddable":true,"href":"http:\/\/elcuartopoder.com.mx\/nw\/wp-json\/wp\/v2\/users\/2"}],"replies":[{"embeddable":true,"href":"http:\/\/elcuartopoder.com.mx\/nw\/wp-json\/wp\/v2\/comments?post=140060"}],"version-history":[{"count":1,"href":"http:\/\/elcuartopoder.com.mx\/nw\/wp-json\/wp\/v2\/posts\/140060\/revisions"}],"predecessor-version":[{"id":140062,"href":"http:\/\/elcuartopoder.com.mx\/nw\/wp-json\/wp\/v2\/posts\/140060\/revisions\/140062"}],"wp:featuredmedia":[{"embeddable":true,"href":"http:\/\/elcuartopoder.com.mx\/nw\/wp-json\/wp\/v2\/media\/140061"}],"wp:attachment":[{"href":"http:\/\/elcuartopoder.com.mx\/nw\/wp-json\/wp\/v2\/media?parent=140060"}],"wp:term":[{"taxonomy":"category","embeddable":true,"href":"http:\/\/elcuartopoder.com.mx\/nw\/wp-json\/wp\/v2\/categories?post=140060"},{"taxonomy":"post_tag","embeddable":true,"href":"http:\/\/elcuartopoder.com.mx\/nw\/wp-json\/wp\/v2\/tags?post=140060"}],"curies":[{"name":"wp","href":"https:\/\/api.w.org\/{rel}","templated":true}]}}