{"id":140075,"date":"2025-04-21T09:57:29","date_gmt":"2025-04-21T14:57:29","guid":{"rendered":"https:\/\/elcuartopoder.com.mx\/nw\/?p=140075"},"modified":"2025-04-21T09:57:31","modified_gmt":"2025-04-21T14:57:31","slug":"comportamientos-extranos-en-la-adolescencia-senales-de-alerta-y-como-actuar","status":"publish","type":"post","link":"http:\/\/elcuartopoder.com.mx\/nw\/qtp\/comportamientos-extranos-en-la-adolescencia-senales-de-alerta-y-como-actuar\/","title":{"rendered":"\u00bfComportamientos extra\u00f1os en la adolescencia?: se\u00f1ales de alerta y c\u00f3mo actuar"},"content":{"rendered":"\n<p>La&nbsp;<strong>adolescencia&nbsp;<\/strong>es una&nbsp;<strong>etapa&nbsp;<\/strong>complicada a la cual nos enfrentamos todos los seres humanos, en estos a\u00f1os que comprenden de los 10 a los 19 a\u00f1os, se experimentan diversos&nbsp;<strong>cambios<\/strong>, los cuales en algunos casos pueden generar ciertas molestias, por ejemplo, f\u00edsica y&nbsp;<strong>mentalmente.<\/strong><\/p>\n\n\n\n<p>Los&nbsp;<strong>padres de familia<\/strong>&nbsp;deben estar pendientes del&nbsp;<strong>comportamiento&nbsp;<\/strong>de sus&nbsp;<strong>hijos<\/strong>, especialmente porque son momentos complicados, en el que los&nbsp;<strong>adolescentes&nbsp;<\/strong>no saben c\u00f3mo actuar, muchos de ellos no saben c\u00f3mo pedir ayuda, o les da pena comunicar lo que est\u00e1n experimentando.<\/p>\n\n\n\n<p>Es vital que desde temprana edad exista una&nbsp;<strong>comunicaci\u00f3n<\/strong>&nbsp;asertiva entre&nbsp;<strong>padres<\/strong>&nbsp;e&nbsp;<strong>hijos<\/strong>, pues esto facilitar\u00e1 que en el momento en que atraviesen por la&nbsp;<strong>adolescencia<\/strong>, los cambios f\u00edsicos y de \u00e1nimos sean f\u00e1cil de expresar con mam\u00e1 o pap\u00e1, y de esta manera ser orientados.&nbsp;<\/p>\n\n\n\n<p>La buena relaci\u00f3n en la&nbsp;<strong>familia<\/strong>&nbsp;es fundamental para&nbsp;<strong>ni\u00f1os<\/strong>&nbsp;y adolescentes, pues son etapas en las que son&nbsp;<strong>vulnerables<\/strong>&nbsp;a ciertas circunstancias, donde ellos pueden poner en peligro a los dem\u00e1s o a ellos mismos, como es el caso de la&nbsp;<strong>serie \u201cAdolescence\u201d<\/strong>&nbsp;donde se retrata el caso de un chico de 13 a\u00f1os que asesin\u00f3 a su compa\u00f1era, donde varios factores influyeron para que pasara esta situaci\u00f3n. Aqu\u00ed te compartimos algunas<strong>&nbsp;se\u00f1ales de alerta&nbsp;<\/strong>para detectar si algo anda mal con tu&nbsp;<strong>adolescente<\/strong>&nbsp;y algunos&nbsp;<strong>consejos<\/strong>&nbsp;para mejorar la comunicaci\u00f3n y confianza.&nbsp;<\/p>\n\n\n\n<h2 class=\"wp-block-heading\">\u00bfC\u00f3mo detectar una conducta de riesgo en mi adolescente?<\/h2>\n\n\n\n<p>De acuerdo con la<strong>&nbsp;Organizaci\u00f3n Mundial de la Salud&nbsp;<\/strong>(OMS), durante la&nbsp;<strong>adolescencia&nbsp;<\/strong>hay una tendencia en que los j\u00f3venes de 10 a 19 a\u00f1os de edad adopten&nbsp;<strong>h\u00e1bitos nocivos<\/strong>&nbsp;que pueden afectar f\u00edsica y mentalmente.&nbsp; En este periodo es com\u00fan el uso de&nbsp;<strong>alcohol<\/strong>,&nbsp;<strong>sustancias<\/strong>, pr\u00e1cticas violentas o el inicio de una vida sexual sin protecci\u00f3n.&nbsp;<\/p>\n\n\n\n<p>Ante este panorama es importante estar alerta a cualquier&nbsp;<strong>cambio<\/strong>&nbsp;que se pueda experimentar. El&nbsp;<strong>Fondo de las Naciones Unidas<\/strong>&nbsp;(UNICEF), recomiendo tener cuidado con los siguientes comportamientos:<\/p>\n\n\n\n<ul class=\"wp-block-list\">\n<li>Lastimarse, o hacer da\u00f1o a otras personas<\/li>\n\n\n\n<li>No aprende de sus errores y contin\u00faa cometi\u00e9ndolos<\/li>\n\n\n\n<li>Beber alcohol o consumir alg\u00fan tipo de sustancia<\/li>\n<\/ul>\n\n\n\n<figure class=\"wp-block-image\"><img decoding=\"async\" src=\"https:\/\/heraldodemexico.com.mx\/u\/fotografias\/m\/2025\/4\/16\/f768x400-1114041_1157944_5050.jpg\" alt=\"\"\/><figcaption class=\"wp-element-caption\">La adolescencia es una etapa vulnerable para muchos j\u00f3venes. Foto: Freepik<\/figcaption><\/figure>\n\n\n\n<h2 class=\"wp-block-heading\">\u00bfC\u00f3mo hablar con un adolescente sobre situaciones de riesgo?<\/h2>\n\n\n\n<p>Para los&nbsp;<strong>padres<\/strong>&nbsp;puede ser dif\u00edcil hablar de ciertos temas, como el consumo de alcohol o&nbsp;<strong>sexualidad<\/strong>, pero es importante hacerlo, de acuerdo con la&nbsp;<strong>UNICEF<\/strong>, lo m\u00e1s recomendable es ser directos y exponer las consecuencias de no tener cuidado con ciertas actividades que para su edad pueden ser peligrosas.<\/p>\n\n\n\n<p>Brindar&nbsp;<strong>confianza&nbsp;<\/strong>a los hijos es clave, pues de esta manera ellos se sentir\u00e1n en un ambiente seguro donde pueden&nbsp;<strong>comunicarse<\/strong>&nbsp;con sus&nbsp;<strong>padres<\/strong>&nbsp;sin ning\u00fan temor, o sentirse juzgados, de esta manera tambi\u00e9n se les otorga independencia y el poder de que ellos puedan cuidarse y ser responsables de sus acciones.&nbsp;<\/p>\n\n\n\n<p>Es importante evitar<strong>&nbsp;amenazar&nbsp;<\/strong>con castigos o golpes, ya que esto, m\u00e1s all\u00e1 de ayudar, provoca que el adolescente busque la manera de buscar no ser descubierto. En un caso como este, la&nbsp;<strong>UNICEF<\/strong>&nbsp;y la psic\u00f3loga Lisa Damour, recomiendan explicar las consecuencias o&nbsp;<strong>peligros&nbsp;<\/strong>que pueden existir si una persona no es capaz de cuidarse, y si esto pasa, entonces los padres tendr\u00e1n que intervenir m\u00e1s en sus cuidados.&nbsp;<\/p>\n\n\n\n<figure class=\"wp-block-image\"><img decoding=\"async\" src=\"https:\/\/heraldodemexico.com.mx\/u\/fotografias\/m\/2025\/4\/16\/f768x1-1114043_1114170_5050.jpg\" alt=\"\"\/><figcaption class=\"wp-element-caption\">Es importante darle confianza a los hijos. Foto: Freepik<\/figcaption><\/figure>\n\n\n\n<p>Conoce m\u00e1s del tema de la&nbsp;<strong>adolescencia<\/strong>&nbsp;en un nuevo episodio del podcast La P\u2026 Complejidad con&nbsp;<strong>Nicol\u00e1s Alvarado<\/strong>, donde adem\u00e1s de hablar de las problem\u00e1ticas que pueden surgir en esta etapa, se analiza la serie del momento \u201cAdolescence\u201d<\/p>\n","protected":false},"excerpt":{"rendered":"<p>La&nbsp;adolescencia&nbsp;es una&nbsp;etapa&nbsp;complicada a la cual nos enfrentamos todos los seres humanos, en estos a\u00f1os que comprenden de los 10 a los 19 a\u00f1os, se experimentan diversos&nbsp;cambios, los cuales en algunos casos pueden generar ciertas molestias, por ejemplo, f\u00edsica y&nbsp;mentalmente. Los&nbsp;padres de familia&nbsp;deben estar pendientes del&nbsp;comportamiento&nbsp;de sus&nbsp;hijos, especialmente porque son momentos complicados, en el que los&nbsp;adolescentes&nbsp;no [&hellip;]<\/p>\n","protected":false},"author":2,"featured_media":140076,"comment_status":"open","ping_status":"open","sticky":false,"template":"","format":"standard","meta":{"footnotes":""},"categories":[58],"tags":[],"class_list":["post-140075","post","type-post","status-publish","format-standard","has-post-thumbnail","hentry","category-qtp"],"_links":{"self":[{"href":"http:\/\/elcuartopoder.com.mx\/nw\/wp-json\/wp\/v2\/posts\/140075","targetHints":{"allow":["GET"]}}],"collection":[{"href":"http:\/\/elcuartopoder.com.mx\/nw\/wp-json\/wp\/v2\/posts"}],"about":[{"href":"http:\/\/elcuartopoder.com.mx\/nw\/wp-json\/wp\/v2\/types\/post"}],"author":[{"embeddable":true,"href":"http:\/\/elcuartopoder.com.mx\/nw\/wp-json\/wp\/v2\/users\/2"}],"replies":[{"embeddable":true,"href":"http:\/\/elcuartopoder.com.mx\/nw\/wp-json\/wp\/v2\/comments?post=140075"}],"version-history":[{"count":1,"href":"http:\/\/elcuartopoder.com.mx\/nw\/wp-json\/wp\/v2\/posts\/140075\/revisions"}],"predecessor-version":[{"id":140077,"href":"http:\/\/elcuartopoder.com.mx\/nw\/wp-json\/wp\/v2\/posts\/140075\/revisions\/140077"}],"wp:featuredmedia":[{"embeddable":true,"href":"http:\/\/elcuartopoder.com.mx\/nw\/wp-json\/wp\/v2\/media\/140076"}],"wp:attachment":[{"href":"http:\/\/elcuartopoder.com.mx\/nw\/wp-json\/wp\/v2\/media?parent=140075"}],"wp:term":[{"taxonomy":"category","embeddable":true,"href":"http:\/\/elcuartopoder.com.mx\/nw\/wp-json\/wp\/v2\/categories?post=140075"},{"taxonomy":"post_tag","embeddable":true,"href":"http:\/\/elcuartopoder.com.mx\/nw\/wp-json\/wp\/v2\/tags?post=140075"}],"curies":[{"name":"wp","href":"https:\/\/api.w.org\/{rel}","templated":true}]}}